{"id":15564,"date":"2023-09-12T10:26:31","date_gmt":"2023-09-12T13:26:31","guid":{"rendered":"https:\/\/talcomosoy.com.ar\/?p=15564"},"modified":"2023-09-12T10:26:31","modified_gmt":"2023-09-12T13:26:31","slug":"siempre-estaras-en-mi-homenaje-a-marciano-cantero","status":"publish","type":"post","link":"https:\/\/talcomosoy.com.ar\/index.php\/siempre-estaras-en-mi-homenaje-a-marciano-cantero\/","title":{"rendered":"\u00abSiempre estar\u00e1s en m\u00ed\u00bb homenaje a Marciano Cantero"},"content":{"rendered":"<h3>Artistas de la escena mendocina recordaron al ic\u00f3nico m\u00fasico, a un a\u00f1o de su fallecimiento, en distintos puntos de la Peatonal Sarmiento y calle San Mart\u00edn. Muchos vecinos se acercaron a corear las canciones, incluido el intendente de la Ciudad, Ulpiano Suarez.<\/h3>\n<p>&nbsp;<\/p>\n<p>Este s\u00e1bado se realiz\u00f3 en distintos puntos de la Peatonal Sarmiento y calle San Mart\u00edn, el homenaje a Marciano Cantero preparado por la Ciudad: \u201cSiempre estar\u00e1s en m\u00ed\u201d, conmemorando un a\u00f1o de su fallecimiento. En una jornada soleada, vecinos y vecinas se acercaron a recordar al entra\u00f1able m\u00fasico, incluido el intendente Ulpiano Suarez.<\/p>\n<p>La propuesta consisti\u00f3 en postas que se distribuyeron a lo largo de la Peatonal, incluida una parte de la Av. San Mart\u00edn. En cada una de las paradas, la gente fue sum\u00e1ndose a la comitiva que se detuvo a cantar y disfrutar de los temas emblem\u00e1ticos de los Enanitos Verdes.<\/p>\n<p>La primera parada fue al frente de la Legislatura provincial donde aristas del <strong>Circo Magenta<\/strong> deslumbraron a los presentes con destrezas en malabares, zancos, fuego y pelotas, todo ello acompa\u00f1ado por la vibrante alegr\u00eda del rap. Los freestylers conocidos como <strong>Trifori fai<\/strong>, dedicaron unas rimas en memoria de Marciano, interactuando con el p\u00fablico entusiasta que se congreg\u00f3 en la casa de las leyes. Luego, la escena se llen\u00f3 de pasi\u00f3n tanguera con la actuaci\u00f3n de <strong>Paya Martin<\/strong> y <strong>Samuel Aspee<\/strong>, quienes interpretaron \u00abT\u00fa C\u00e1rcel\u00bb en una versi\u00f3n conmovedora a una sola voz, acompa\u00f1ada de una guitarra ac\u00fastica. La audiencia se uni\u00f3 al coro y cant\u00f3 uno de los temas ic\u00f3nicos de la banda.<\/p>\n<p>El intendente Ulpiano Suarez se uni\u00f3 a las voces y alegr\u00eda, saludando a la gente y compartiendo momentos especiales con los artistas en un ambiente de interacci\u00f3n constante. <em>\u201cMuy contento por el merecid\u00edsimo homenaje a Marcelino Cantero en un lugar tan emblem\u00e1tico para la Ciudad como es la Peatonal Sarmiento, con ese atractivo recorrido de distintas estaciones donde participaron artistas locales, artistas callejeros que le dan color, m\u00fasica, el d\u00eda a d\u00eda de la Ciudad y que hoy se sumaron a este merecido homenaje a un gran artista que recordamos todos los d\u00edas. Lo lindo fue ver a los mendocinos, los vecinos, a los turistas sumarse a cantar las canciones interpretadas por los artistas locales de los Enanitos as\u00ed que contento. En la recorrida que hice junto a los vecinos ya me pidieron varios que esto se repita, para esta fecha, el a\u00f1o pr\u00f3ximo y que la Ciudad le rinda un nuevo homenaje a nuestro artista as\u00ed que seguramente as\u00ed sea\u201d<\/em>, asegur\u00f3 el jefe comunal.<\/p>\n<p>La segunda posta fue en el coraz\u00f3n de la Peatonal donde la m\u00fasica continu\u00f3 fluyendo por todos los rincones, esta vez de la mano de <strong>Marcelo Fern\u00e1ndez<\/strong> que con su teclado conmovi\u00f3 a todos con su interpretaci\u00f3n de \u00abAmigos\u00bb, mientras la multitud coreaba junto a \u00e9l. Otro de los temas fue \u00abLuz de D\u00eda\u00bb, que contagi\u00f3 a la audiencia, envolvi\u00e9ndola en un momento muy emotivo.<\/p>\n<p>A medida que avanzaban las postas, m\u00e1s gente se iba uniendo al homenaje. La tercera posta fue en La P\u00e9rgola, donde la banda <strong>Guitarras Blancas<\/strong> aguardaba su turno. El lugar se convirti\u00f3 en el escenario perfecto para una nueva dosis de <strong>freestyle<\/strong>, con rimas improvisadas que involucraron a la audiencia y sus palabras, creando un ambiente de espontaneidad y creatividad. Luego, la mencionada banda hizo su aparici\u00f3n, abriendo su presentaci\u00f3n con \u00abAmores lejanos\u00bb y continuando con lo mejor del repertorio de los Enanitos Verdes. Mientas tanto, al ritmo de la m\u00fasica, el caricaturista <strong>Emiliano Castilla<\/strong> realizaba ilustraciones alusivas a Marciano Cantero y sus canciones.<\/p>\n<p>La cuarta parada fue en el quil\u00f3metro cero, en el coraz\u00f3n de la Ciudad, donde el violinista <strong>Jorge Brizuela<\/strong>, deleit\u00f3 a la audiencia con la melod\u00eda de \u00abT\u00fa C\u00e1rcel\u00bb, en una magn\u00edfica versi\u00f3n posibilitada por el dulce sonido de viol\u00edn.<\/p>\n<p>El festival lleg\u00f3 a su punto culminante en calle San Mart\u00edn, en la quinta posta, con la presentaci\u00f3n de <strong>La Banda Viajera<\/strong>, la cual interpret\u00f3 \u00e9xitos como \u00abFranc\u00e9s Lim\u00f3n\u00bb, \u00abAmores lejanos\u00bb y \u00abTus viejas cartas\u00bb, arrastrando a la audiencia a un viaje musical inolvidable.<\/p>\n<p>En un vibrante homenaje al querido l\u00edder de los Enanitos Verdes, se uni\u00f3 a la comunidad en una celebraci\u00f3n llena de m\u00fasica, arte y alegr\u00eda.<\/p>\n","protected":false},"excerpt":{"rendered":"<p>Artistas de la escena mendocina recordaron al ic\u00f3nico m\u00fasico, a un a\u00f1o de su fallecimiento,<\/p>\n","protected":false},"author":1,"featured_media":15565,"comment_status":"closed","ping_status":"closed","sticky":false,"template":"","format":"standard","meta":{"_jetpack_memberships_contains_paid_content":false,"footnotes":"","jetpack_publicize_message":"","jetpack_publicize_feature_enabled":true,"jetpack_social_post_already_shared":true,"jetpack_social_options":{"image_generator_settings":{"template":"highway","default_image_id":0,"font":"","enabled":false},"version":2}},"categories":[142,79],"tags":[],"class_list":["post-15564","post","type-post","status-publish","format-standard","has-post-thumbnail","hentry","category-homenajes","category-rock-mendocino"],"yoast_head":"<!-- This site is optimized with the Yoast SEO plugin v27.5 - https:\/\/yoast.com\/product\/yoast-seo-wordpress\/ -->\n<title>&quot;Siempre estar\u00e1s en m\u00ed&quot; homenaje a Marciano Cantero - Tal Como Soy<\/title>\n<meta name=\"robots\" content=\"index, follow, max-snippet:-1, max-image-preview:large, max-video-preview:-1\" \/>\n<link rel=\"canonical\" href=\"https:\/\/talcomosoy.com.ar\/index.php\/siempre-estaras-en-mi-homenaje-a-marciano-cantero\/\" \/>\n<meta property=\"og:locale\" content=\"es_ES\" \/>\n<meta property=\"og:type\" content=\"article\" \/>\n<meta property=\"og:title\" content=\"&quot;Siempre estar\u00e1s en m\u00ed&quot; homenaje a Marciano Cantero - Tal Como Soy\" \/>\n<meta property=\"og:description\" content=\"Artistas de la escena mendocina recordaron al ic\u00f3nico m\u00fasico, a un a\u00f1o de su fallecimiento,\" \/>\n<meta property=\"og:url\" content=\"https:\/\/talcomosoy.com.ar\/index.php\/siempre-estaras-en-mi-homenaje-a-marciano-cantero\/\" \/>\n<meta property=\"og:site_name\" content=\"Tal Como Soy\" \/>\n<meta property=\"article:publisher\" content=\"https:\/\/www.facebook.com\/talcomosoyok\" \/>\n<meta property=\"article:author\" content=\"https:\/\/www.facebook.com\/sindamiranda\" \/>\n<meta property=\"article:published_time\" content=\"2023-09-12T13:26:31+00:00\" \/>\n<meta property=\"og:image\" content=\"https:\/\/i0.wp.com\/talcomosoy.com.ar\/wp-content\/uploads\/2023\/09\/unnamed-1-2.jpg?fit=1600%2C1066&ssl=1\" \/>\n\t<meta property=\"og:image:width\" content=\"1600\" \/>\n\t<meta property=\"og:image:height\" content=\"1066\" \/>\n\t<meta property=\"og:image:type\" content=\"image\/jpeg\" \/>\n<meta name=\"author\" content=\"Sinda Miranda\" \/>\n<meta name=\"twitter:card\" content=\"summary_large_image\" \/>\n<meta name=\"twitter:creator\" content=\"@sindamiranda\" \/>\n<meta name=\"twitter:site\" content=\"@talcomosoyok\" \/>\n<meta name=\"twitter:label1\" content=\"Escrito por\" \/>\n\t<meta name=\"twitter:data1\" content=\"Sinda Miranda\" \/>\n\t<meta name=\"twitter:label2\" content=\"Tiempo de lectura\" \/>\n\t<meta name=\"twitter:data2\" content=\"4 minutos\" \/>\n<script type=\"application\/ld+json\" class=\"yoast-schema-graph\">{\"@context\":\"https:\\\/\\\/schema.org\",\"@graph\":[{\"@type\":\"Article\",\"@id\":\"https:\\\/\\\/talcomosoy.com.ar\\\/index.php\\\/siempre-estaras-en-mi-homenaje-a-marciano-cantero\\\/#article\",\"isPartOf\":{\"@id\":\"https:\\\/\\\/talcomosoy.com.ar\\\/index.php\\\/siempre-estaras-en-mi-homenaje-a-marciano-cantero\\\/\"},\"author\":{\"name\":\"Sinda Miranda\",\"@id\":\"https:\\\/\\\/talcomosoy.com.ar\\\/#\\\/schema\\\/person\\\/496b3561bd436afcf2be92147ff855c9\"},\"headline\":\"\u00abSiempre estar\u00e1s en m\u00ed\u00bb homenaje a Marciano Cantero\",\"datePublished\":\"2023-09-12T13:26:31+00:00\",\"mainEntityOfPage\":{\"@id\":\"https:\\\/\\\/talcomosoy.com.ar\\\/index.php\\\/siempre-estaras-en-mi-homenaje-a-marciano-cantero\\\/\"},\"wordCount\":770,\"publisher\":{\"@id\":\"https:\\\/\\\/talcomosoy.com.ar\\\/#organization\"},\"image\":{\"@id\":\"https:\\\/\\\/talcomosoy.com.ar\\\/index.php\\\/siempre-estaras-en-mi-homenaje-a-marciano-cantero\\\/#primaryimage\"},\"thumbnailUrl\":\"https:\\\/\\\/i0.wp.com\\\/talcomosoy.com.ar\\\/wp-content\\\/uploads\\\/2023\\\/09\\\/unnamed-1-2.jpg?fit=1600%2C1066&ssl=1\",\"articleSection\":[\"Homenajes\",\"Rock Mendocino\"],\"inLanguage\":\"es\"},{\"@type\":\"WebPage\",\"@id\":\"https:\\\/\\\/talcomosoy.com.ar\\\/index.php\\\/siempre-estaras-en-mi-homenaje-a-marciano-cantero\\\/\",\"url\":\"https:\\\/\\\/talcomosoy.com.ar\\\/index.php\\\/siempre-estaras-en-mi-homenaje-a-marciano-cantero\\\/\",\"name\":\"\\\"Siempre estar\u00e1s en m\u00ed\\\" homenaje a Marciano Cantero - Tal Como Soy\",\"isPartOf\":{\"@id\":\"https:\\\/\\\/talcomosoy.com.ar\\\/#website\"},\"primaryImageOfPage\":{\"@id\":\"https:\\\/\\\/talcomosoy.com.ar\\\/index.php\\\/siempre-estaras-en-mi-homenaje-a-marciano-cantero\\\/#primaryimage\"},\"image\":{\"@id\":\"https:\\\/\\\/talcomosoy.com.ar\\\/index.php\\\/siempre-estaras-en-mi-homenaje-a-marciano-cantero\\\/#primaryimage\"},\"thumbnailUrl\":\"https:\\\/\\\/i0.wp.com\\\/talcomosoy.com.ar\\\/wp-content\\\/uploads\\\/2023\\\/09\\\/unnamed-1-2.jpg?fit=1600%2C1066&ssl=1\",\"datePublished\":\"2023-09-12T13:26:31+00:00\",\"inLanguage\":\"es\",\"potentialAction\":[{\"@type\":\"ReadAction\",\"target\":[\"https:\\\/\\\/talcomosoy.com.ar\\\/index.php\\\/siempre-estaras-en-mi-homenaje-a-marciano-cantero\\\/\"]}]},{\"@type\":\"ImageObject\",\"inLanguage\":\"es\",\"@id\":\"https:\\\/\\\/talcomosoy.com.ar\\\/index.php\\\/siempre-estaras-en-mi-homenaje-a-marciano-cantero\\\/#primaryimage\",\"url\":\"https:\\\/\\\/i0.wp.com\\\/talcomosoy.com.ar\\\/wp-content\\\/uploads\\\/2023\\\/09\\\/unnamed-1-2.jpg?fit=1600%2C1066&ssl=1\",\"contentUrl\":\"https:\\\/\\\/i0.wp.com\\\/talcomosoy.com.ar\\\/wp-content\\\/uploads\\\/2023\\\/09\\\/unnamed-1-2.jpg?fit=1600%2C1066&ssl=1\",\"width\":1600,\"height\":1066},{\"@type\":\"WebSite\",\"@id\":\"https:\\\/\\\/talcomosoy.com.ar\\\/#website\",\"url\":\"https:\\\/\\\/talcomosoy.com.ar\\\/\",\"name\":\"Tal Como Soy\",\"description\":\"Magazine Musical Digital\",\"publisher\":{\"@id\":\"https:\\\/\\\/talcomosoy.com.ar\\\/#organization\"},\"potentialAction\":[{\"@type\":\"SearchAction\",\"target\":{\"@type\":\"EntryPoint\",\"urlTemplate\":\"https:\\\/\\\/talcomosoy.com.ar\\\/?s={search_term_string}\"},\"query-input\":{\"@type\":\"PropertyValueSpecification\",\"valueRequired\":true,\"valueName\":\"search_term_string\"}}],\"inLanguage\":\"es\"},{\"@type\":\"Organization\",\"@id\":\"https:\\\/\\\/talcomosoy.com.ar\\\/#organization\",\"name\":\"Tal Como Soy\",\"url\":\"https:\\\/\\\/talcomosoy.com.ar\\\/\",\"logo\":{\"@type\":\"ImageObject\",\"inLanguage\":\"es\",\"@id\":\"https:\\\/\\\/talcomosoy.com.ar\\\/#\\\/schema\\\/logo\\\/image\\\/\",\"url\":\"https:\\\/\\\/i0.wp.com\\\/talcomosoy.com.ar\\\/wp-content\\\/uploads\\\/2020\\\/02\\\/PUA-2020-TRANSPARENTE.png?fit=570%2C382&ssl=1\",\"contentUrl\":\"https:\\\/\\\/i0.wp.com\\\/talcomosoy.com.ar\\\/wp-content\\\/uploads\\\/2020\\\/02\\\/PUA-2020-TRANSPARENTE.png?fit=570%2C382&ssl=1\",\"width\":570,\"height\":382,\"caption\":\"Tal Como Soy\"},\"image\":{\"@id\":\"https:\\\/\\\/talcomosoy.com.ar\\\/#\\\/schema\\\/logo\\\/image\\\/\"},\"sameAs\":[\"https:\\\/\\\/www.facebook.com\\\/talcomosoyok\",\"https:\\\/\\\/x.com\\\/talcomosoyok\",\"https:\\\/\\\/www.instagram.com\\\/talcomosoyok\",\"https:\\\/\\\/www.youtube.com\\\/channel\\\/UCrutZzYQmd9Fe8pEm5wqsiw\"]},{\"@type\":\"Person\",\"@id\":\"https:\\\/\\\/talcomosoy.com.ar\\\/#\\\/schema\\\/person\\\/496b3561bd436afcf2be92147ff855c9\",\"name\":\"Sinda Miranda\",\"image\":{\"@type\":\"ImageObject\",\"inLanguage\":\"es\",\"@id\":\"https:\\\/\\\/secure.gravatar.com\\\/avatar\\\/ab0e992fc0b7117fe730d00fb0e44073b1fd6e28d69de8e7ac3103f1396f445e?s=96&d=mm&r=g\",\"url\":\"https:\\\/\\\/secure.gravatar.com\\\/avatar\\\/ab0e992fc0b7117fe730d00fb0e44073b1fd6e28d69de8e7ac3103f1396f445e?s=96&d=mm&r=g\",\"contentUrl\":\"https:\\\/\\\/secure.gravatar.com\\\/avatar\\\/ab0e992fc0b7117fe730d00fb0e44073b1fd6e28d69de8e7ac3103f1396f445e?s=96&d=mm&r=g\",\"caption\":\"Sinda Miranda\"},\"description\":\"Escritora, Fot\u00f3grafa, Agente de Prensa\",\"sameAs\":[\"https:\\\/\\\/www.facebook.com\\\/sindamiranda\",\"https:\\\/\\\/www.instagram.com\\\/sindamiranda\",\"https:\\\/\\\/x.com\\\/sindamiranda\"],\"url\":\"https:\\\/\\\/talcomosoy.com.ar\\\/index.php\\\/author\\\/sindamirandatcs\\\/\"}]}<\/script>\n<!-- \/ Yoast SEO plugin. -->","yoast_head_json":{"title":"\"Siempre estar\u00e1s en m\u00ed\" homenaje a Marciano Cantero - Tal Como Soy","robots":{"index":"index","follow":"follow","max-snippet":"max-snippet:-1","max-image-preview":"max-image-preview:large","max-video-preview":"max-video-preview:-1"},"canonical":"https:\/\/talcomosoy.com.ar\/index.php\/siempre-estaras-en-mi-homenaje-a-marciano-cantero\/","og_locale":"es_ES","og_type":"article","og_title":"\"Siempre estar\u00e1s en m\u00ed\" homenaje a Marciano Cantero - Tal Como Soy","og_description":"Artistas de la escena mendocina recordaron al ic\u00f3nico m\u00fasico, a un a\u00f1o de su fallecimiento,","og_url":"https:\/\/talcomosoy.com.ar\/index.php\/siempre-estaras-en-mi-homenaje-a-marciano-cantero\/","og_site_name":"Tal Como Soy","article_publisher":"https:\/\/www.facebook.com\/talcomosoyok","article_author":"https:\/\/www.facebook.com\/sindamiranda","article_published_time":"2023-09-12T13:26:31+00:00","og_image":[{"width":1600,"height":1066,"url":"https:\/\/i0.wp.com\/talcomosoy.com.ar\/wp-content\/uploads\/2023\/09\/unnamed-1-2.jpg?fit=1600%2C1066&ssl=1","type":"image\/jpeg"}],"author":"Sinda Miranda","twitter_card":"summary_large_image","twitter_creator":"@sindamiranda","twitter_site":"@talcomosoyok","twitter_misc":{"Escrito por":"Sinda Miranda","Tiempo de lectura":"4 minutos"},"schema":{"@context":"https:\/\/schema.org","@graph":[{"@type":"Article","@id":"https:\/\/talcomosoy.com.ar\/index.php\/siempre-estaras-en-mi-homenaje-a-marciano-cantero\/#article","isPartOf":{"@id":"https:\/\/talcomosoy.com.ar\/index.php\/siempre-estaras-en-mi-homenaje-a-marciano-cantero\/"},"author":{"name":"Sinda Miranda","@id":"https:\/\/talcomosoy.com.ar\/#\/schema\/person\/496b3561bd436afcf2be92147ff855c9"},"headline":"\u00abSiempre estar\u00e1s en m\u00ed\u00bb homenaje a Marciano Cantero","datePublished":"2023-09-12T13:26:31+00:00","mainEntityOfPage":{"@id":"https:\/\/talcomosoy.com.ar\/index.php\/siempre-estaras-en-mi-homenaje-a-marciano-cantero\/"},"wordCount":770,"publisher":{"@id":"https:\/\/talcomosoy.com.ar\/#organization"},"image":{"@id":"https:\/\/talcomosoy.com.ar\/index.php\/siempre-estaras-en-mi-homenaje-a-marciano-cantero\/#primaryimage"},"thumbnailUrl":"https:\/\/i0.wp.com\/talcomosoy.com.ar\/wp-content\/uploads\/2023\/09\/unnamed-1-2.jpg?fit=1600%2C1066&ssl=1","articleSection":["Homenajes","Rock Mendocino"],"inLanguage":"es"},{"@type":"WebPage","@id":"https:\/\/talcomosoy.com.ar\/index.php\/siempre-estaras-en-mi-homenaje-a-marciano-cantero\/","url":"https:\/\/talcomosoy.com.ar\/index.php\/siempre-estaras-en-mi-homenaje-a-marciano-cantero\/","name":"\"Siempre estar\u00e1s en m\u00ed\" homenaje a Marciano Cantero - Tal Como Soy","isPartOf":{"@id":"https:\/\/talcomosoy.com.ar\/#website"},"primaryImageOfPage":{"@id":"https:\/\/talcomosoy.com.ar\/index.php\/siempre-estaras-en-mi-homenaje-a-marciano-cantero\/#primaryimage"},"image":{"@id":"https:\/\/talcomosoy.com.ar\/index.php\/siempre-estaras-en-mi-homenaje-a-marciano-cantero\/#primaryimage"},"thumbnailUrl":"https:\/\/i0.wp.com\/talcomosoy.com.ar\/wp-content\/uploads\/2023\/09\/unnamed-1-2.jpg?fit=1600%2C1066&ssl=1","datePublished":"2023-09-12T13:26:31+00:00","inLanguage":"es","potentialAction":[{"@type":"ReadAction","target":["https:\/\/talcomosoy.com.ar\/index.php\/siempre-estaras-en-mi-homenaje-a-marciano-cantero\/"]}]},{"@type":"ImageObject","inLanguage":"es","@id":"https:\/\/talcomosoy.com.ar\/index.php\/siempre-estaras-en-mi-homenaje-a-marciano-cantero\/#primaryimage","url":"https:\/\/i0.wp.com\/talcomosoy.com.ar\/wp-content\/uploads\/2023\/09\/unnamed-1-2.jpg?fit=1600%2C1066&ssl=1","contentUrl":"https:\/\/i0.wp.com\/talcomosoy.com.ar\/wp-content\/uploads\/2023\/09\/unnamed-1-2.jpg?fit=1600%2C1066&ssl=1","width":1600,"height":1066},{"@type":"WebSite","@id":"https:\/\/talcomosoy.com.ar\/#website","url":"https:\/\/talcomosoy.com.ar\/","name":"Tal Como Soy","description":"Magazine Musical Digital","publisher":{"@id":"https:\/\/talcomosoy.com.ar\/#organization"},"potentialAction":[{"@type":"SearchAction","target":{"@type":"EntryPoint","urlTemplate":"https:\/\/talcomosoy.com.ar\/?s={search_term_string}"},"query-input":{"@type":"PropertyValueSpecification","valueRequired":true,"valueName":"search_term_string"}}],"inLanguage":"es"},{"@type":"Organization","@id":"https:\/\/talcomosoy.com.ar\/#organization","name":"Tal Como Soy","url":"https:\/\/talcomosoy.com.ar\/","logo":{"@type":"ImageObject","inLanguage":"es","@id":"https:\/\/talcomosoy.com.ar\/#\/schema\/logo\/image\/","url":"https:\/\/i0.wp.com\/talcomosoy.com.ar\/wp-content\/uploads\/2020\/02\/PUA-2020-TRANSPARENTE.png?fit=570%2C382&ssl=1","contentUrl":"https:\/\/i0.wp.com\/talcomosoy.com.ar\/wp-content\/uploads\/2020\/02\/PUA-2020-TRANSPARENTE.png?fit=570%2C382&ssl=1","width":570,"height":382,"caption":"Tal Como Soy"},"image":{"@id":"https:\/\/talcomosoy.com.ar\/#\/schema\/logo\/image\/"},"sameAs":["https:\/\/www.facebook.com\/talcomosoyok","https:\/\/x.com\/talcomosoyok","https:\/\/www.instagram.com\/talcomosoyok","https:\/\/www.youtube.com\/channel\/UCrutZzYQmd9Fe8pEm5wqsiw"]},{"@type":"Person","@id":"https:\/\/talcomosoy.com.ar\/#\/schema\/person\/496b3561bd436afcf2be92147ff855c9","name":"Sinda Miranda","image":{"@type":"ImageObject","inLanguage":"es","@id":"https:\/\/secure.gravatar.com\/avatar\/ab0e992fc0b7117fe730d00fb0e44073b1fd6e28d69de8e7ac3103f1396f445e?s=96&d=mm&r=g","url":"https:\/\/secure.gravatar.com\/avatar\/ab0e992fc0b7117fe730d00fb0e44073b1fd6e28d69de8e7ac3103f1396f445e?s=96&d=mm&r=g","contentUrl":"https:\/\/secure.gravatar.com\/avatar\/ab0e992fc0b7117fe730d00fb0e44073b1fd6e28d69de8e7ac3103f1396f445e?s=96&d=mm&r=g","caption":"Sinda Miranda"},"description":"Escritora, Fot\u00f3grafa, Agente de Prensa","sameAs":["https:\/\/www.facebook.com\/sindamiranda","https:\/\/www.instagram.com\/sindamiranda","https:\/\/x.com\/sindamiranda"],"url":"https:\/\/talcomosoy.com.ar\/index.php\/author\/sindamirandatcs\/"}]}},"jetpack_publicize_connections":[],"jetpack_featured_media_url":"https:\/\/i0.wp.com\/talcomosoy.com.ar\/wp-content\/uploads\/2023\/09\/unnamed-1-2.jpg?fit=1600%2C1066&ssl=1","jetpack_sharing_enabled":true,"jetpack_likes_enabled":true,"_links":{"self":[{"href":"https:\/\/talcomosoy.com.ar\/index.php\/wp-json\/wp\/v2\/posts\/15564","targetHints":{"allow":["GET"]}}],"collection":[{"href":"https:\/\/talcomosoy.com.ar\/index.php\/wp-json\/wp\/v2\/posts"}],"about":[{"href":"https:\/\/talcomosoy.com.ar\/index.php\/wp-json\/wp\/v2\/types\/post"}],"author":[{"embeddable":true,"href":"https:\/\/talcomosoy.com.ar\/index.php\/wp-json\/wp\/v2\/users\/1"}],"replies":[{"embeddable":true,"href":"https:\/\/talcomosoy.com.ar\/index.php\/wp-json\/wp\/v2\/comments?post=15564"}],"version-history":[{"count":1,"href":"https:\/\/talcomosoy.com.ar\/index.php\/wp-json\/wp\/v2\/posts\/15564\/revisions"}],"predecessor-version":[{"id":15566,"href":"https:\/\/talcomosoy.com.ar\/index.php\/wp-json\/wp\/v2\/posts\/15564\/revisions\/15566"}],"wp:featuredmedia":[{"embeddable":true,"href":"https:\/\/talcomosoy.com.ar\/index.php\/wp-json\/wp\/v2\/media\/15565"}],"wp:attachment":[{"href":"https:\/\/talcomosoy.com.ar\/index.php\/wp-json\/wp\/v2\/media?parent=15564"}],"wp:term":[{"taxonomy":"category","embeddable":true,"href":"https:\/\/talcomosoy.com.ar\/index.php\/wp-json\/wp\/v2\/categories?post=15564"},{"taxonomy":"post_tag","embeddable":true,"href":"https:\/\/talcomosoy.com.ar\/index.php\/wp-json\/wp\/v2\/tags?post=15564"}],"curies":[{"name":"wp","href":"https:\/\/api.w.org\/{rel}","templated":true}]}}