{"id":15537,"date":"2023-09-12T09:25:08","date_gmt":"2023-09-12T12:25:08","guid":{"rendered":"https:\/\/talcomosoy.com.ar\/?p=15537"},"modified":"2023-09-12T09:44:14","modified_gmt":"2023-09-12T12:44:14","slug":"sergio-magallanes-hacemos-cultura-hacemos-patria","status":"publish","type":"post","link":"https:\/\/talcomosoy.com.ar\/index.php\/sergio-magallanes-hacemos-cultura-hacemos-patria\/","title":{"rendered":"Sergio Magallanes \u00abHacemos Cultura, hacemos Patria\u00bb"},"content":{"rendered":"<h3>Desde su nombramiento como Director de Cultura de la Municipalidad de Las Heras, Magallanes ha impulsado una importante renovaci\u00f3n cultural en su comunidad, promoviendo la participaci\u00f3n de todos los vecinos y vecinas; y destacando el acervo local.<\/h3>\n<p>&nbsp;<\/p>\n<p><em>\u201cEn 30 d\u00edas hemos renovado el Edificio de Cultura, en 30 d\u00edas instalamos la Radio Cultural Comunitaria Las Heras, en 30 d\u00edas hemos logrado sacar los distintos programas que tienen que ver con la cultura, en 30 d\u00edas largamos una convocatoria para la exposici\u00f3n de artes visuales en la Direcci\u00f3n de Cultura, la Sala Malvinas y el Centro Cultural Uspallata\u201d.<\/em><\/p>\n<p><em>\u201cEn este corto plazo hemos generado muchas acciones, como por ejemplo: la Liga Federal de Freestyler que fue a territorio, el primer homenaje a Marciano Cantero de pura cepa que sucedi\u00f3 ac\u00e1 en el departamento con el Festival de Rock Solidario \u00abNo importa el lugar\u00bb; y el Preselectivo Mendoza al Campeonato Argentino de Malambo Femenino, donde Las Heras se convirti\u00f3 en sede oficial, destacando el valor que tienen las mujeres en el malambo\u201d.<\/em><\/p>\n<p><strong>Sergio Magallanes<\/strong> reconoce que su actual gesti\u00f3n ha sido posible gracias al apoyo y la confianza que la<strong> Secretaria de Gobierno Janina Ort\u00edz<\/strong>, puso en \u00e9l: <em>\u201cla Secretaria de Gobierno me dio la libertad de elegir y yo eleg\u00ed el caudal humano y hoy por hoy esta gente est\u00e1 trabajando conmigo al 100%. El equipo humano que me acompa\u00f1a crey\u00f3 en m\u00ed, sin promesas econ\u00f3micas ni pol\u00edticas, porque yo no promet\u00ed nada. Nos une un fin com\u00fan: <strong>que la vida de muchas personas cambie y mejore<\/strong>\u201d.<\/em><\/p>\n<p><strong>Magallanes<\/strong> viene de la provincia, trabajando en la Cultura desde hace much\u00edsimos a\u00f1os. Pertenece a la<strong> cuarta generaci\u00f3n en la Vendimia<\/strong> y <em>\u201cen la provincia hice todos los programas, tambi\u00e9n estuve en Capital y despu\u00e9s en la Casa de la Cultura de Godoy Cruz. Soy el director de la Escuela de Vendimia Chakaymanta, una escuela que tiene m\u00e1s de 51 a\u00f1os y que ha sido declarada de inter\u00e9s legislativo por los 50 a\u00f1os\u201d.<\/em><\/p>\n<p>&nbsp;<\/p>\n<h3>Reinauguraci\u00f3n del Edificio de Cultura<\/h3>\n<p>&nbsp;<\/p>\n<h4>Ser\u00e1 el pr\u00f3ximo mi\u00e9rcoles 13 de septiembre a las 20 horas en San Miguel 1457.<\/h4>\n<p>&nbsp;<\/p>\n<p><em>\u201cSe pint\u00f3 el edificio, se redecoraron las galer\u00edas, hemos creado una sala tipo auditorio por una cuesti\u00f3n de que necesit\u00e1bamos un espacio para las pr\u00e1cticas culturales. Se restaur\u00f3 el mural de San Mart\u00edn que est\u00e1 ubicado en la recepci\u00f3n y la sala de ensayo del ballet. Todo este trabajo obviamente est\u00e1 hecho con los recursos que tenemos, ya que contamos con personal id\u00f3neo en todas las \u00e1reas. Desde la puesta esc\u00e9nica, artes visuales, construcci\u00f3n, electricidad, infraestructura hasta en el dise\u00f1o, hay un mont\u00f3n de gente que trabaja ac\u00e1 y que tiene un don espectacular como para poder generar esto, ya que el edificio es de Patrimonio y mucho no podemos tocar tampoco\u201d.<\/em><\/p>\n<p>La <strong>gesti\u00f3n de Sergio Magallanes<\/strong> ha impulsado una serie de actividades educativas y culturales que est\u00e1n enriqueciendo el conocimiento y las habilidades de los vecinos y vecinas de Las Heras, en \u00e1reas como literatura, m\u00fasica, danza, deportes, manualidades, teatro, idiomas y artes visuales. Son alrededor de 105 los talleres que se desarrollan en todo el territorio departamental, para todas las edades y personas con discapacidad.<\/p>\n<p>&nbsp;<\/p>\n<p><img data-recalc-dims=\"1\" loading=\"lazy\" decoding=\"async\" class=\"aligncenter size-large wp-image-15539\" src=\"https:\/\/i0.wp.com\/talcomosoy.com.ar\/wp-content\/uploads\/2023\/09\/unnamed-1-1.jpg?resize=640%2C289&#038;ssl=1\" alt=\"\" width=\"640\" height=\"289\" srcset=\"https:\/\/i0.wp.com\/talcomosoy.com.ar\/wp-content\/uploads\/2023\/09\/unnamed-1-1-scaled.jpg?resize=1024%2C462&amp;ssl=1 1024w, https:\/\/i0.wp.com\/talcomosoy.com.ar\/wp-content\/uploads\/2023\/09\/unnamed-1-1-scaled.jpg?resize=300%2C135&amp;ssl=1 300w, https:\/\/i0.wp.com\/talcomosoy.com.ar\/wp-content\/uploads\/2023\/09\/unnamed-1-1-scaled.jpg?resize=768%2C346&amp;ssl=1 768w, https:\/\/i0.wp.com\/talcomosoy.com.ar\/wp-content\/uploads\/2023\/09\/unnamed-1-1-scaled.jpg?resize=1536%2C692&amp;ssl=1 1536w, https:\/\/i0.wp.com\/talcomosoy.com.ar\/wp-content\/uploads\/2023\/09\/unnamed-1-1-scaled.jpg?resize=2048%2C923&amp;ssl=1 2048w, https:\/\/i0.wp.com\/talcomosoy.com.ar\/wp-content\/uploads\/2023\/09\/unnamed-1-1-scaled.jpg?w=1280&amp;ssl=1 1280w, https:\/\/i0.wp.com\/talcomosoy.com.ar\/wp-content\/uploads\/2023\/09\/unnamed-1-1-scaled.jpg?w=1920&amp;ssl=1 1920w\" sizes=\"auto, (max-width: 640px) 100vw, 640px\" \/><\/p>\n<p>&nbsp;<\/p>\n<h3>Escuela de Vendimia Chakaymanta<\/h3>\n<p>&nbsp;<\/p>\n<p>Fue <strong>fundada en 1972 por Enrique Magallanes<\/strong> junto a <strong>Teresa Carasa<\/strong> y <strong>Antonio Tejada<\/strong>. Se trata de una instituci\u00f3n sin fines de lucro, con m\u00e1s de 7000 alumnos. Hoy, su hijo <strong>Sergio Magallanes contin\u00faa con el legado<\/strong> de ense\u00f1ar folclore y acompa\u00f1ar a las ni\u00f1as, ni\u00f1os y j\u00f3venes de los barrios m\u00e1s carenciados de la provincia.<\/p>\n<p>&nbsp;<\/p>\n<h3>Sobre Sergio Magallanes<\/h3>\n<p>&nbsp;<\/p>\n<p>Es bailar\u00edn, productor de espect\u00e1culos y core\u00f3grafo. Profesor de Danzas Tradicionales Argentinas IDAF. Director de la Escuela de Vendimia Chakaymanta. Director del documental \u201c<strong>ORIGEN, el malambo y la mujer<\/strong>\u201d. Director del documental \u201c<strong>Chakaymanta 50 a\u00f1os tiempo de bailar<\/strong>\u201d. Director de la Radio Cultural <a href=\"http:\/\/radiochakaymanta.com\">radiochakaymanta.com<\/a><\/p>\n<p>De su <strong>extenso curr\u00edculum<\/strong> podemos destacar algunos de los proyectos en los que estuvo al frente, como core\u00f3grafo del Malambo Femenino Vendimia de Capital 2023, manager de G.O.C Company Art USA, productor del programa Mendodanza del Ministerio de Cultura de Mendoza.<\/p>\n<p>En 2021 fue responsable de la Pre Producci\u00f3n y Log\u00edstica de Punto Vendimia Fiesta Nacional de La Vendimia.; y de M\u00fasica Cl\u00e1sica por los Caminos del Vino. Creador del primer Certamen de Danza y Malambo POST PANDEMIA junto al Municipio de Godoy Cruz, Mendoza.<\/p>\n<p>Delegado del Campeonato Nacional de Malambo Femenino, Delegado de Pre Cosquin de Godoy Cruz y Ex Delegado del festival Nacional del Malambo La Borde Sede Mendoza.<\/p>\n<p>Magallanes tambi\u00e9n posee experiencia en log\u00edstica y seguridad de espect\u00e1culos.<\/p>\n<p>Fue supervisor de seguridad en el Acto Central de la Fiesta Nacional de la Vendimia 2023 y repeticiones con Lali Esposito y Soledad Patorutti. Encargado de Log\u00edstica y seguridad Aniversario de Ar\u00edstides 2023 con DJ. Nic Warren; Vendimia de Capital y repetici\u00f3n con la artista Cazzu. Supervisor de Seguridad de Fiesta de la Cerveza 2022 con Ciro y la Orquesta Filarm\u00f3nica de Mendoza, Nicki Nicole y No Te Va Gustar; entre muchos otros.<\/p>\n<p>&nbsp;<\/p>\n<p>&nbsp;<\/p>\n<p>&nbsp;<\/p>\n","protected":false},"excerpt":{"rendered":"<p>Desde su nombramiento como Director de Cultura de la Municipalidad de Las Heras, Magallanes ha<\/p>\n","protected":false},"author":1,"featured_media":15538,"comment_status":"closed","ping_status":"closed","sticky":false,"template":"","format":"standard","meta":{"_jetpack_memberships_contains_paid_content":false,"footnotes":"","jetpack_publicize_message":"","jetpack_publicize_feature_enabled":true,"jetpack_social_post_already_shared":true,"jetpack_social_options":{"image_generator_settings":{"template":"highway","default_image_id":0,"font":"","enabled":false},"version":2}},"categories":[232,274,59],"tags":[],"class_list":["post-15537","post","type-post","status-publish","format-standard","has-post-thumbnail","hentry","category-cultura","category-entrevistas","category-las-heras"],"yoast_head":"<!-- This site is optimized with the Yoast SEO plugin v27.5 - https:\/\/yoast.com\/product\/yoast-seo-wordpress\/ -->\n<title>Sergio Magallanes &quot;Hacemos Cultura, hacemos Patria&quot; - Tal Como Soy<\/title>\n<meta name=\"robots\" content=\"index, follow, max-snippet:-1, max-image-preview:large, max-video-preview:-1\" \/>\n<link rel=\"canonical\" href=\"https:\/\/talcomosoy.com.ar\/index.php\/sergio-magallanes-hacemos-cultura-hacemos-patria\/\" \/>\n<meta property=\"og:locale\" content=\"es_ES\" \/>\n<meta property=\"og:type\" content=\"article\" \/>\n<meta property=\"og:title\" content=\"Sergio Magallanes &quot;Hacemos Cultura, hacemos Patria&quot; - Tal Como Soy\" \/>\n<meta property=\"og:description\" content=\"Desde su nombramiento como Director de Cultura de la Municipalidad de Las Heras, Magallanes ha\" \/>\n<meta property=\"og:url\" content=\"https:\/\/talcomosoy.com.ar\/index.php\/sergio-magallanes-hacemos-cultura-hacemos-patria\/\" \/>\n<meta property=\"og:site_name\" content=\"Tal Como Soy\" \/>\n<meta property=\"article:publisher\" content=\"https:\/\/www.facebook.com\/talcomosoyok\" \/>\n<meta property=\"article:author\" content=\"https:\/\/www.facebook.com\/sindamiranda\" \/>\n<meta property=\"article:published_time\" content=\"2023-09-12T12:25:08+00:00\" \/>\n<meta property=\"article:modified_time\" content=\"2023-09-12T12:44:14+00:00\" \/>\n<meta property=\"og:image\" content=\"https:\/\/i0.wp.com\/talcomosoy.com.ar\/wp-content\/uploads\/2023\/09\/unnamed-3-scaled.jpg?fit=2560%2C1154&ssl=1\" \/>\n\t<meta property=\"og:image:width\" content=\"2560\" \/>\n\t<meta property=\"og:image:height\" content=\"1154\" \/>\n\t<meta property=\"og:image:type\" content=\"image\/jpeg\" \/>\n<meta name=\"author\" content=\"Sinda Miranda\" \/>\n<meta name=\"twitter:card\" content=\"summary_large_image\" \/>\n<meta name=\"twitter:creator\" content=\"@sindamiranda\" \/>\n<meta name=\"twitter:site\" content=\"@talcomosoyok\" \/>\n<meta name=\"twitter:label1\" content=\"Escrito por\" \/>\n\t<meta name=\"twitter:data1\" content=\"Sinda Miranda\" \/>\n\t<meta name=\"twitter:label2\" content=\"Tiempo de lectura\" \/>\n\t<meta name=\"twitter:data2\" content=\"4 minutos\" \/>\n<script type=\"application\/ld+json\" class=\"yoast-schema-graph\">{\"@context\":\"https:\\\/\\\/schema.org\",\"@graph\":[{\"@type\":\"Article\",\"@id\":\"https:\\\/\\\/talcomosoy.com.ar\\\/index.php\\\/sergio-magallanes-hacemos-cultura-hacemos-patria\\\/#article\",\"isPartOf\":{\"@id\":\"https:\\\/\\\/talcomosoy.com.ar\\\/index.php\\\/sergio-magallanes-hacemos-cultura-hacemos-patria\\\/\"},\"author\":{\"name\":\"Sinda Miranda\",\"@id\":\"https:\\\/\\\/talcomosoy.com.ar\\\/#\\\/schema\\\/person\\\/496b3561bd436afcf2be92147ff855c9\"},\"headline\":\"Sergio Magallanes \u00abHacemos Cultura, hacemos Patria\u00bb\",\"datePublished\":\"2023-09-12T12:25:08+00:00\",\"dateModified\":\"2023-09-12T12:44:14+00:00\",\"mainEntityOfPage\":{\"@id\":\"https:\\\/\\\/talcomosoy.com.ar\\\/index.php\\\/sergio-magallanes-hacemos-cultura-hacemos-patria\\\/\"},\"wordCount\":895,\"publisher\":{\"@id\":\"https:\\\/\\\/talcomosoy.com.ar\\\/#organization\"},\"image\":{\"@id\":\"https:\\\/\\\/talcomosoy.com.ar\\\/index.php\\\/sergio-magallanes-hacemos-cultura-hacemos-patria\\\/#primaryimage\"},\"thumbnailUrl\":\"https:\\\/\\\/i0.wp.com\\\/talcomosoy.com.ar\\\/wp-content\\\/uploads\\\/2023\\\/09\\\/unnamed-3-scaled.jpg?fit=2560%2C1154&ssl=1\",\"articleSection\":[\"Cultura\",\"Entrevistas\",\"Las Heras\"],\"inLanguage\":\"es\"},{\"@type\":\"WebPage\",\"@id\":\"https:\\\/\\\/talcomosoy.com.ar\\\/index.php\\\/sergio-magallanes-hacemos-cultura-hacemos-patria\\\/\",\"url\":\"https:\\\/\\\/talcomosoy.com.ar\\\/index.php\\\/sergio-magallanes-hacemos-cultura-hacemos-patria\\\/\",\"name\":\"Sergio Magallanes \\\"Hacemos Cultura, hacemos Patria\\\" - Tal Como Soy\",\"isPartOf\":{\"@id\":\"https:\\\/\\\/talcomosoy.com.ar\\\/#website\"},\"primaryImageOfPage\":{\"@id\":\"https:\\\/\\\/talcomosoy.com.ar\\\/index.php\\\/sergio-magallanes-hacemos-cultura-hacemos-patria\\\/#primaryimage\"},\"image\":{\"@id\":\"https:\\\/\\\/talcomosoy.com.ar\\\/index.php\\\/sergio-magallanes-hacemos-cultura-hacemos-patria\\\/#primaryimage\"},\"thumbnailUrl\":\"https:\\\/\\\/i0.wp.com\\\/talcomosoy.com.ar\\\/wp-content\\\/uploads\\\/2023\\\/09\\\/unnamed-3-scaled.jpg?fit=2560%2C1154&ssl=1\",\"datePublished\":\"2023-09-12T12:25:08+00:00\",\"dateModified\":\"2023-09-12T12:44:14+00:00\",\"inLanguage\":\"es\",\"potentialAction\":[{\"@type\":\"ReadAction\",\"target\":[\"https:\\\/\\\/talcomosoy.com.ar\\\/index.php\\\/sergio-magallanes-hacemos-cultura-hacemos-patria\\\/\"]}]},{\"@type\":\"ImageObject\",\"inLanguage\":\"es\",\"@id\":\"https:\\\/\\\/talcomosoy.com.ar\\\/index.php\\\/sergio-magallanes-hacemos-cultura-hacemos-patria\\\/#primaryimage\",\"url\":\"https:\\\/\\\/i0.wp.com\\\/talcomosoy.com.ar\\\/wp-content\\\/uploads\\\/2023\\\/09\\\/unnamed-3-scaled.jpg?fit=2560%2C1154&ssl=1\",\"contentUrl\":\"https:\\\/\\\/i0.wp.com\\\/talcomosoy.com.ar\\\/wp-content\\\/uploads\\\/2023\\\/09\\\/unnamed-3-scaled.jpg?fit=2560%2C1154&ssl=1\",\"width\":2560,\"height\":1154},{\"@type\":\"WebSite\",\"@id\":\"https:\\\/\\\/talcomosoy.com.ar\\\/#website\",\"url\":\"https:\\\/\\\/talcomosoy.com.ar\\\/\",\"name\":\"Tal Como Soy\",\"description\":\"Magazine Musical Digital\",\"publisher\":{\"@id\":\"https:\\\/\\\/talcomosoy.com.ar\\\/#organization\"},\"potentialAction\":[{\"@type\":\"SearchAction\",\"target\":{\"@type\":\"EntryPoint\",\"urlTemplate\":\"https:\\\/\\\/talcomosoy.com.ar\\\/?s={search_term_string}\"},\"query-input\":{\"@type\":\"PropertyValueSpecification\",\"valueRequired\":true,\"valueName\":\"search_term_string\"}}],\"inLanguage\":\"es\"},{\"@type\":\"Organization\",\"@id\":\"https:\\\/\\\/talcomosoy.com.ar\\\/#organization\",\"name\":\"Tal Como Soy\",\"url\":\"https:\\\/\\\/talcomosoy.com.ar\\\/\",\"logo\":{\"@type\":\"ImageObject\",\"inLanguage\":\"es\",\"@id\":\"https:\\\/\\\/talcomosoy.com.ar\\\/#\\\/schema\\\/logo\\\/image\\\/\",\"url\":\"https:\\\/\\\/i0.wp.com\\\/talcomosoy.com.ar\\\/wp-content\\\/uploads\\\/2020\\\/02\\\/PUA-2020-TRANSPARENTE.png?fit=570%2C382&ssl=1\",\"contentUrl\":\"https:\\\/\\\/i0.wp.com\\\/talcomosoy.com.ar\\\/wp-content\\\/uploads\\\/2020\\\/02\\\/PUA-2020-TRANSPARENTE.png?fit=570%2C382&ssl=1\",\"width\":570,\"height\":382,\"caption\":\"Tal Como Soy\"},\"image\":{\"@id\":\"https:\\\/\\\/talcomosoy.com.ar\\\/#\\\/schema\\\/logo\\\/image\\\/\"},\"sameAs\":[\"https:\\\/\\\/www.facebook.com\\\/talcomosoyok\",\"https:\\\/\\\/x.com\\\/talcomosoyok\",\"https:\\\/\\\/www.instagram.com\\\/talcomosoyok\",\"https:\\\/\\\/www.youtube.com\\\/channel\\\/UCrutZzYQmd9Fe8pEm5wqsiw\"]},{\"@type\":\"Person\",\"@id\":\"https:\\\/\\\/talcomosoy.com.ar\\\/#\\\/schema\\\/person\\\/496b3561bd436afcf2be92147ff855c9\",\"name\":\"Sinda Miranda\",\"image\":{\"@type\":\"ImageObject\",\"inLanguage\":\"es\",\"@id\":\"https:\\\/\\\/secure.gravatar.com\\\/avatar\\\/ab0e992fc0b7117fe730d00fb0e44073b1fd6e28d69de8e7ac3103f1396f445e?s=96&d=mm&r=g\",\"url\":\"https:\\\/\\\/secure.gravatar.com\\\/avatar\\\/ab0e992fc0b7117fe730d00fb0e44073b1fd6e28d69de8e7ac3103f1396f445e?s=96&d=mm&r=g\",\"contentUrl\":\"https:\\\/\\\/secure.gravatar.com\\\/avatar\\\/ab0e992fc0b7117fe730d00fb0e44073b1fd6e28d69de8e7ac3103f1396f445e?s=96&d=mm&r=g\",\"caption\":\"Sinda Miranda\"},\"description\":\"Escritora, Fot\u00f3grafa, Agente de Prensa\",\"sameAs\":[\"https:\\\/\\\/www.facebook.com\\\/sindamiranda\",\"https:\\\/\\\/www.instagram.com\\\/sindamiranda\",\"https:\\\/\\\/x.com\\\/sindamiranda\"],\"url\":\"https:\\\/\\\/talcomosoy.com.ar\\\/index.php\\\/author\\\/sindamirandatcs\\\/\"}]}<\/script>\n<!-- \/ Yoast SEO plugin. -->","yoast_head_json":{"title":"Sergio Magallanes \"Hacemos Cultura, hacemos Patria\" - Tal Como Soy","robots":{"index":"index","follow":"follow","max-snippet":"max-snippet:-1","max-image-preview":"max-image-preview:large","max-video-preview":"max-video-preview:-1"},"canonical":"https:\/\/talcomosoy.com.ar\/index.php\/sergio-magallanes-hacemos-cultura-hacemos-patria\/","og_locale":"es_ES","og_type":"article","og_title":"Sergio Magallanes \"Hacemos Cultura, hacemos Patria\" - Tal Como Soy","og_description":"Desde su nombramiento como Director de Cultura de la Municipalidad de Las Heras, Magallanes ha","og_url":"https:\/\/talcomosoy.com.ar\/index.php\/sergio-magallanes-hacemos-cultura-hacemos-patria\/","og_site_name":"Tal Como Soy","article_publisher":"https:\/\/www.facebook.com\/talcomosoyok","article_author":"https:\/\/www.facebook.com\/sindamiranda","article_published_time":"2023-09-12T12:25:08+00:00","article_modified_time":"2023-09-12T12:44:14+00:00","og_image":[{"width":2560,"height":1154,"url":"https:\/\/i0.wp.com\/talcomosoy.com.ar\/wp-content\/uploads\/2023\/09\/unnamed-3-scaled.jpg?fit=2560%2C1154&ssl=1","type":"image\/jpeg"}],"author":"Sinda Miranda","twitter_card":"summary_large_image","twitter_creator":"@sindamiranda","twitter_site":"@talcomosoyok","twitter_misc":{"Escrito por":"Sinda Miranda","Tiempo de lectura":"4 minutos"},"schema":{"@context":"https:\/\/schema.org","@graph":[{"@type":"Article","@id":"https:\/\/talcomosoy.com.ar\/index.php\/sergio-magallanes-hacemos-cultura-hacemos-patria\/#article","isPartOf":{"@id":"https:\/\/talcomosoy.com.ar\/index.php\/sergio-magallanes-hacemos-cultura-hacemos-patria\/"},"author":{"name":"Sinda Miranda","@id":"https:\/\/talcomosoy.com.ar\/#\/schema\/person\/496b3561bd436afcf2be92147ff855c9"},"headline":"Sergio Magallanes \u00abHacemos Cultura, hacemos Patria\u00bb","datePublished":"2023-09-12T12:25:08+00:00","dateModified":"2023-09-12T12:44:14+00:00","mainEntityOfPage":{"@id":"https:\/\/talcomosoy.com.ar\/index.php\/sergio-magallanes-hacemos-cultura-hacemos-patria\/"},"wordCount":895,"publisher":{"@id":"https:\/\/talcomosoy.com.ar\/#organization"},"image":{"@id":"https:\/\/talcomosoy.com.ar\/index.php\/sergio-magallanes-hacemos-cultura-hacemos-patria\/#primaryimage"},"thumbnailUrl":"https:\/\/i0.wp.com\/talcomosoy.com.ar\/wp-content\/uploads\/2023\/09\/unnamed-3-scaled.jpg?fit=2560%2C1154&ssl=1","articleSection":["Cultura","Entrevistas","Las Heras"],"inLanguage":"es"},{"@type":"WebPage","@id":"https:\/\/talcomosoy.com.ar\/index.php\/sergio-magallanes-hacemos-cultura-hacemos-patria\/","url":"https:\/\/talcomosoy.com.ar\/index.php\/sergio-magallanes-hacemos-cultura-hacemos-patria\/","name":"Sergio Magallanes \"Hacemos Cultura, hacemos Patria\" - Tal Como Soy","isPartOf":{"@id":"https:\/\/talcomosoy.com.ar\/#website"},"primaryImageOfPage":{"@id":"https:\/\/talcomosoy.com.ar\/index.php\/sergio-magallanes-hacemos-cultura-hacemos-patria\/#primaryimage"},"image":{"@id":"https:\/\/talcomosoy.com.ar\/index.php\/sergio-magallanes-hacemos-cultura-hacemos-patria\/#primaryimage"},"thumbnailUrl":"https:\/\/i0.wp.com\/talcomosoy.com.ar\/wp-content\/uploads\/2023\/09\/unnamed-3-scaled.jpg?fit=2560%2C1154&ssl=1","datePublished":"2023-09-12T12:25:08+00:00","dateModified":"2023-09-12T12:44:14+00:00","inLanguage":"es","potentialAction":[{"@type":"ReadAction","target":["https:\/\/talcomosoy.com.ar\/index.php\/sergio-magallanes-hacemos-cultura-hacemos-patria\/"]}]},{"@type":"ImageObject","inLanguage":"es","@id":"https:\/\/talcomosoy.com.ar\/index.php\/sergio-magallanes-hacemos-cultura-hacemos-patria\/#primaryimage","url":"https:\/\/i0.wp.com\/talcomosoy.com.ar\/wp-content\/uploads\/2023\/09\/unnamed-3-scaled.jpg?fit=2560%2C1154&ssl=1","contentUrl":"https:\/\/i0.wp.com\/talcomosoy.com.ar\/wp-content\/uploads\/2023\/09\/unnamed-3-scaled.jpg?fit=2560%2C1154&ssl=1","width":2560,"height":1154},{"@type":"WebSite","@id":"https:\/\/talcomosoy.com.ar\/#website","url":"https:\/\/talcomosoy.com.ar\/","name":"Tal Como Soy","description":"Magazine Musical Digital","publisher":{"@id":"https:\/\/talcomosoy.com.ar\/#organization"},"potentialAction":[{"@type":"SearchAction","target":{"@type":"EntryPoint","urlTemplate":"https:\/\/talcomosoy.com.ar\/?s={search_term_string}"},"query-input":{"@type":"PropertyValueSpecification","valueRequired":true,"valueName":"search_term_string"}}],"inLanguage":"es"},{"@type":"Organization","@id":"https:\/\/talcomosoy.com.ar\/#organization","name":"Tal Como Soy","url":"https:\/\/talcomosoy.com.ar\/","logo":{"@type":"ImageObject","inLanguage":"es","@id":"https:\/\/talcomosoy.com.ar\/#\/schema\/logo\/image\/","url":"https:\/\/i0.wp.com\/talcomosoy.com.ar\/wp-content\/uploads\/2020\/02\/PUA-2020-TRANSPARENTE.png?fit=570%2C382&ssl=1","contentUrl":"https:\/\/i0.wp.com\/talcomosoy.com.ar\/wp-content\/uploads\/2020\/02\/PUA-2020-TRANSPARENTE.png?fit=570%2C382&ssl=1","width":570,"height":382,"caption":"Tal Como Soy"},"image":{"@id":"https:\/\/talcomosoy.com.ar\/#\/schema\/logo\/image\/"},"sameAs":["https:\/\/www.facebook.com\/talcomosoyok","https:\/\/x.com\/talcomosoyok","https:\/\/www.instagram.com\/talcomosoyok","https:\/\/www.youtube.com\/channel\/UCrutZzYQmd9Fe8pEm5wqsiw"]},{"@type":"Person","@id":"https:\/\/talcomosoy.com.ar\/#\/schema\/person\/496b3561bd436afcf2be92147ff855c9","name":"Sinda Miranda","image":{"@type":"ImageObject","inLanguage":"es","@id":"https:\/\/secure.gravatar.com\/avatar\/ab0e992fc0b7117fe730d00fb0e44073b1fd6e28d69de8e7ac3103f1396f445e?s=96&d=mm&r=g","url":"https:\/\/secure.gravatar.com\/avatar\/ab0e992fc0b7117fe730d00fb0e44073b1fd6e28d69de8e7ac3103f1396f445e?s=96&d=mm&r=g","contentUrl":"https:\/\/secure.gravatar.com\/avatar\/ab0e992fc0b7117fe730d00fb0e44073b1fd6e28d69de8e7ac3103f1396f445e?s=96&d=mm&r=g","caption":"Sinda Miranda"},"description":"Escritora, Fot\u00f3grafa, Agente de Prensa","sameAs":["https:\/\/www.facebook.com\/sindamiranda","https:\/\/www.instagram.com\/sindamiranda","https:\/\/x.com\/sindamiranda"],"url":"https:\/\/talcomosoy.com.ar\/index.php\/author\/sindamirandatcs\/"}]}},"jetpack_publicize_connections":[],"jetpack_featured_media_url":"https:\/\/i0.wp.com\/talcomosoy.com.ar\/wp-content\/uploads\/2023\/09\/unnamed-3-scaled.jpg?fit=2560%2C1154&ssl=1","jetpack_sharing_enabled":true,"jetpack_likes_enabled":true,"_links":{"self":[{"href":"https:\/\/talcomosoy.com.ar\/index.php\/wp-json\/wp\/v2\/posts\/15537","targetHints":{"allow":["GET"]}}],"collection":[{"href":"https:\/\/talcomosoy.com.ar\/index.php\/wp-json\/wp\/v2\/posts"}],"about":[{"href":"https:\/\/talcomosoy.com.ar\/index.php\/wp-json\/wp\/v2\/types\/post"}],"author":[{"embeddable":true,"href":"https:\/\/talcomosoy.com.ar\/index.php\/wp-json\/wp\/v2\/users\/1"}],"replies":[{"embeddable":true,"href":"https:\/\/talcomosoy.com.ar\/index.php\/wp-json\/wp\/v2\/comments?post=15537"}],"version-history":[{"count":3,"href":"https:\/\/talcomosoy.com.ar\/index.php\/wp-json\/wp\/v2\/posts\/15537\/revisions"}],"predecessor-version":[{"id":15546,"href":"https:\/\/talcomosoy.com.ar\/index.php\/wp-json\/wp\/v2\/posts\/15537\/revisions\/15546"}],"wp:featuredmedia":[{"embeddable":true,"href":"https:\/\/talcomosoy.com.ar\/index.php\/wp-json\/wp\/v2\/media\/15538"}],"wp:attachment":[{"href":"https:\/\/talcomosoy.com.ar\/index.php\/wp-json\/wp\/v2\/media?parent=15537"}],"wp:term":[{"taxonomy":"category","embeddable":true,"href":"https:\/\/talcomosoy.com.ar\/index.php\/wp-json\/wp\/v2\/categories?post=15537"},{"taxonomy":"post_tag","embeddable":true,"href":"https:\/\/talcomosoy.com.ar\/index.php\/wp-json\/wp\/v2\/tags?post=15537"}],"curies":[{"name":"wp","href":"https:\/\/api.w.org\/{rel}","templated":true}]}}