{"id":15511,"date":"2023-09-06T10:35:29","date_gmt":"2023-09-06T13:35:29","guid":{"rendered":"https:\/\/talcomosoy.com.ar\/?p=15511"},"modified":"2023-09-06T10:39:28","modified_gmt":"2023-09-06T13:39:28","slug":"nuevas-funciones-de-skatepark-en-el-teatro-las-sillas","status":"publish","type":"post","link":"https:\/\/talcomosoy.com.ar\/index.php\/nuevas-funciones-de-skatepark-en-el-teatro-las-sillas\/","title":{"rendered":"Nuevas funciones de Skatepark en el Teatro Las Sillas"},"content":{"rendered":"<h3>La obra escrita y dirigida por Osjar Navarro Correa contin\u00faa su temporada de funciones en el Teatro Las Sillas. Con un notable elenco, la puesta que agota funciones desde su estreno en abril, se consolida como uno de los eventos teatrales del a\u00f1o.<\/h3>\n<p>&nbsp;<\/p>\n<p>Con el sello de uno de los dramaturgos y directores actuales m\u00e1s relevantes de la escena teatral de la provincia, contin\u00faa su temporada de presentaciones la obra SKATEPARK. La puesta de Osjar Navarro Correa, protagonizada por Claudia Racconto, Diego Quiroga y Pinty Saba, renueva funciones los d\u00edas viernes 8 y 15 de septiembre en el Teatro Las Sillas. Las entradas anticipadas ya est\u00e1n a la venta.<\/p>\n<p>Skatepark tuvo su estreno en abril de este a\u00f1o en la Sana Ana Frank y desde ese momento ha alcanzado una importante recepci\u00f3n de p\u00fablico, consiguiendo localidades agotadas entre los meses de abril, mayo y junio. En agosto la obra volvi\u00f3 a escena en el Teatro Las Sillas y continuar\u00e1 con funciones en la misma sala hasta noviembre.<\/p>\n<p>Osjar Navarro Correa, el autor y director de \u201cPajarito\u201d, \u201cLa persistencia de los grillos\u201d y \u201cDestacamento\u201d, que forman parte del proyecto Trilog\u00eda Mendocina Suburbana y cuyas piezas le valieron el reconocimiento de la escena cultural de Mendoza, regres\u00f3 despu\u00e9s de 5 a\u00f1os a la arena esc\u00e9nica con una obra que mueve los cimientos del teatro local.<\/p>\n<p>En esta oportunidad, para contar la historia de Skatepark el artista re\u00fane a tres importantes figuras de la actuaci\u00f3n, como es el caso de Pinty Saba, Claudia Racconto y Diego Quiroga. Con esta s\u00f3lida plataforma interpretativa despliega en escena una dramaturgia que intenta generar desde un recorte de la realidad, pero no desde un realismo puro, un clima lac\u00f3nico de subsistencia en los v\u00ednculos de una familia que atraviesa un punto de inflexi\u00f3n y resiliencia, donde el espacio, la sonoridad y la luz son ecos visibles de su drama interior.<\/p>\n<p>En esta puesta dirigida al p\u00fablico adulto, Navarro Correa indaga en mecanismos conflictuales de baja intensidad y en atm\u00f3sferas de intensa quietud, inspirados en postulados del movimiento cinematogr\u00e1fico Nouvelle Vague y en pinturas de Edwar Hopper.<\/p>\n<p>La sinopsis de la obra sit\u00faa a Gabriel (Diego Quiroga) y Ver\u00f3nica (Claudia Racconto), quienes inician el d\u00eda con una decisi\u00f3n tomada dentro de un clima cotidiano en aparente desafecci\u00f3n. Las palabras y acciones entretejen un v\u00ednculo en tensi\u00f3n e intimidad, pero la irrupci\u00f3n de Clara (Pinty Saba) vuelve a abrir la puerta de un suceso del pasado. Los personajes, como sumidos en un sopor an\u00edmico que los asfixia, buscar\u00e1n prevalecer sobre aquellas zonas oscuras que parecen cubrirlo todo.<\/p>\n<p>Para esta producci\u00f3n, el dramaturgo se da el lujo de contar tambi\u00e9n con el trabajo de Gabriela C\u00e9spedes, como asistente de direcci\u00f3n. Una de las actrices m\u00e1s completas de la escena nacional, una gran titiritera y una experta en direcci\u00f3n, cuyo ojo cl\u00ednico es clave para sumergir al espectador en ese escenario que propone la obra, donde emerge el conflicto y las mil formas posibles de reinversi\u00f3n. La puesta adem\u00e1s cuenta con m\u00fasica original compuesta por \u00c1lvaro Alaniz; y hace posible su realizaci\u00f3n con el apoyo del INT Mendoza y La Casa de Los T\u00edteres Mendoza.<\/p>\n<p>Cabe destacar que el texto Skatepark, escrito por Osjar Navarro Correa, result\u00f3 ganador por la Regi\u00f3n Nuevo Cuyo de la convocatoria \u201c20 a\u00f1os Editando Teatro\u201d, organizada por el Instituto Nacional del Teatro (INT), y ser\u00e1 publicado junto a otro de los textos teatrales del autor, \u201cLa persistencia de los grillos\u201d, dentro de la colecci\u00f3n Dos Obras.<\/p>\n<p>&nbsp;<\/p>\n<h3>Nuevas funciones<\/h3>\n<p>&nbsp;<\/p>\n<p>Luego de que el p\u00fablico ratificara su \u00e9xito agotando localidades desde su estreno, Skatepark sigue con funciones en el Teatro Las Sillas (ubicado en Chile 1745, Ciudad), con fechas en septiembre, octubre y noviembre. Otro logro del teatro independiente que consolida la posibilidad de hacer temporada en nuestra provincia.<\/p>\n<p>Funciones de septiembre: viernes 8 y 15, a las 21.30h. Las entradas son s\u00f3lo con reserva comunic\u00e1ndose al tel\u00e9fono 156 58 68 20. Valor: $2.000. La capacidad es limitada.<\/p>\n<p>&nbsp;<\/p>\n<h3>Sobre Osjar Navarro Correa<\/h3>\n<p>&nbsp;<\/p>\n<p>Dramaturgo, titiritero y director mendocino. Ha participado en eventos nacionales e internacionales de teatro, t\u00edteres y literatura. Dirigi\u00f3 espect\u00e1culos de t\u00edteres de compa\u00f1\u00edas provinciales, nacionales e internacionales. En 2012 debuta como director de actores en el Teatro del Pueblo (Buenos Aires) con su obra \u201cPajarito\u201d, ganadora del 1\u00ba Premio Nacional de Dramaturgia del INT. Ha recibido distinciones por sus textos y sus puestas teatrales y obtuvo tres veces el Premio Dramaturgia del Certamen Literario Vendimia (2016, 2020 y 2022). Entre sus espect\u00e1culos como director pueden mencionarse su Trilog\u00eda Mendocina Suburbana (conformada por las obras: \u201cPajarito\u201d, \u201cDestacamento\u201d y \u201cLa persistencia de los grillos\u201d, esta \u00faltima ganadora de la Fiesta Provincial del Teatro Mendoza 2018); el espect\u00e1culo \u201cSirenas\u201d, escrito por Gabriel Jim\u00e9nez, con direcci\u00f3n de Navarro Correa, producido por el Teatro Nacional Cervantes (2020) y la obra \u201cEl r\u00edo posible\u201d de su autor\u00eda, con direcci\u00f3n de Fabi\u00e1n Castellani (2022). Dicta anualmente talleres y seminarios de Escritura Dram\u00e1tica, Teatro de T\u00edteres y Direcci\u00f3n Teatral.<\/p>\n","protected":false},"excerpt":{"rendered":"<p>La obra escrita y dirigida por Osjar Navarro Correa contin\u00faa su temporada de funciones en<\/p>\n","protected":false},"author":1,"featured_media":15512,"comment_status":"closed","ping_status":"closed","sticky":false,"template":"","format":"standard","meta":{"_jetpack_memberships_contains_paid_content":false,"footnotes":"","jetpack_publicize_message":"","jetpack_publicize_feature_enabled":true,"jetpack_social_post_already_shared":true,"jetpack_social_options":{"image_generator_settings":{"template":"highway","default_image_id":0,"font":"","enabled":false},"version":2}},"categories":[29],"tags":[],"class_list":["post-15511","post","type-post","status-publish","format-standard","has-post-thumbnail","hentry","category-teatro"],"yoast_head":"<!-- This site is optimized with the Yoast SEO plugin v27.5 - https:\/\/yoast.com\/product\/yoast-seo-wordpress\/ -->\n<title>Nuevas funciones de Skatepark en el Teatro Las Sillas - Tal Como Soy<\/title>\n<meta name=\"robots\" content=\"index, follow, max-snippet:-1, max-image-preview:large, max-video-preview:-1\" \/>\n<link rel=\"canonical\" href=\"https:\/\/talcomosoy.com.ar\/index.php\/nuevas-funciones-de-skatepark-en-el-teatro-las-sillas\/\" \/>\n<meta property=\"og:locale\" content=\"es_ES\" \/>\n<meta property=\"og:type\" content=\"article\" \/>\n<meta property=\"og:title\" content=\"Nuevas funciones de Skatepark en el Teatro Las Sillas - Tal Como Soy\" \/>\n<meta property=\"og:description\" content=\"La obra escrita y dirigida por Osjar Navarro Correa contin\u00faa su temporada de funciones en\" \/>\n<meta property=\"og:url\" content=\"https:\/\/talcomosoy.com.ar\/index.php\/nuevas-funciones-de-skatepark-en-el-teatro-las-sillas\/\" \/>\n<meta property=\"og:site_name\" content=\"Tal Como Soy\" \/>\n<meta property=\"article:publisher\" content=\"https:\/\/www.facebook.com\/talcomosoyok\" \/>\n<meta property=\"article:author\" content=\"https:\/\/www.facebook.com\/sindamiranda\" \/>\n<meta property=\"article:published_time\" content=\"2023-09-06T13:35:29+00:00\" \/>\n<meta property=\"article:modified_time\" content=\"2023-09-06T13:39:28+00:00\" \/>\n<meta property=\"og:image\" content=\"https:\/\/i0.wp.com\/talcomosoy.com.ar\/wp-content\/uploads\/2023\/09\/Skatepark-flyer-funcion-viernes-8-.jpeg?fit=1200%2C1200&ssl=1\" \/>\n\t<meta property=\"og:image:width\" content=\"1200\" \/>\n\t<meta property=\"og:image:height\" content=\"1200\" \/>\n\t<meta property=\"og:image:type\" content=\"image\/jpeg\" \/>\n<meta name=\"author\" content=\"Sinda Miranda\" \/>\n<meta name=\"twitter:card\" content=\"summary_large_image\" \/>\n<meta name=\"twitter:creator\" content=\"@sindamiranda\" \/>\n<meta name=\"twitter:site\" content=\"@talcomosoyok\" \/>\n<meta name=\"twitter:label1\" content=\"Escrito por\" \/>\n\t<meta name=\"twitter:data1\" content=\"Sinda Miranda\" \/>\n\t<meta name=\"twitter:label2\" content=\"Tiempo de lectura\" \/>\n\t<meta name=\"twitter:data2\" content=\"4 minutos\" \/>\n<script type=\"application\/ld+json\" class=\"yoast-schema-graph\">{\"@context\":\"https:\\\/\\\/schema.org\",\"@graph\":[{\"@type\":\"Article\",\"@id\":\"https:\\\/\\\/talcomosoy.com.ar\\\/index.php\\\/nuevas-funciones-de-skatepark-en-el-teatro-las-sillas\\\/#article\",\"isPartOf\":{\"@id\":\"https:\\\/\\\/talcomosoy.com.ar\\\/index.php\\\/nuevas-funciones-de-skatepark-en-el-teatro-las-sillas\\\/\"},\"author\":{\"name\":\"Sinda Miranda\",\"@id\":\"https:\\\/\\\/talcomosoy.com.ar\\\/#\\\/schema\\\/person\\\/496b3561bd436afcf2be92147ff855c9\"},\"headline\":\"Nuevas funciones de Skatepark en el Teatro Las Sillas\",\"datePublished\":\"2023-09-06T13:35:29+00:00\",\"dateModified\":\"2023-09-06T13:39:28+00:00\",\"mainEntityOfPage\":{\"@id\":\"https:\\\/\\\/talcomosoy.com.ar\\\/index.php\\\/nuevas-funciones-de-skatepark-en-el-teatro-las-sillas\\\/\"},\"wordCount\":886,\"publisher\":{\"@id\":\"https:\\\/\\\/talcomosoy.com.ar\\\/#organization\"},\"image\":{\"@id\":\"https:\\\/\\\/talcomosoy.com.ar\\\/index.php\\\/nuevas-funciones-de-skatepark-en-el-teatro-las-sillas\\\/#primaryimage\"},\"thumbnailUrl\":\"https:\\\/\\\/i0.wp.com\\\/talcomosoy.com.ar\\\/wp-content\\\/uploads\\\/2023\\\/09\\\/Skatepark-flyer-funcion-viernes-8-.jpeg?fit=1200%2C1200&ssl=1\",\"articleSection\":[\"Teatro\"],\"inLanguage\":\"es\"},{\"@type\":\"WebPage\",\"@id\":\"https:\\\/\\\/talcomosoy.com.ar\\\/index.php\\\/nuevas-funciones-de-skatepark-en-el-teatro-las-sillas\\\/\",\"url\":\"https:\\\/\\\/talcomosoy.com.ar\\\/index.php\\\/nuevas-funciones-de-skatepark-en-el-teatro-las-sillas\\\/\",\"name\":\"Nuevas funciones de Skatepark en el Teatro Las Sillas - Tal Como Soy\",\"isPartOf\":{\"@id\":\"https:\\\/\\\/talcomosoy.com.ar\\\/#website\"},\"primaryImageOfPage\":{\"@id\":\"https:\\\/\\\/talcomosoy.com.ar\\\/index.php\\\/nuevas-funciones-de-skatepark-en-el-teatro-las-sillas\\\/#primaryimage\"},\"image\":{\"@id\":\"https:\\\/\\\/talcomosoy.com.ar\\\/index.php\\\/nuevas-funciones-de-skatepark-en-el-teatro-las-sillas\\\/#primaryimage\"},\"thumbnailUrl\":\"https:\\\/\\\/i0.wp.com\\\/talcomosoy.com.ar\\\/wp-content\\\/uploads\\\/2023\\\/09\\\/Skatepark-flyer-funcion-viernes-8-.jpeg?fit=1200%2C1200&ssl=1\",\"datePublished\":\"2023-09-06T13:35:29+00:00\",\"dateModified\":\"2023-09-06T13:39:28+00:00\",\"inLanguage\":\"es\",\"potentialAction\":[{\"@type\":\"ReadAction\",\"target\":[\"https:\\\/\\\/talcomosoy.com.ar\\\/index.php\\\/nuevas-funciones-de-skatepark-en-el-teatro-las-sillas\\\/\"]}]},{\"@type\":\"ImageObject\",\"inLanguage\":\"es\",\"@id\":\"https:\\\/\\\/talcomosoy.com.ar\\\/index.php\\\/nuevas-funciones-de-skatepark-en-el-teatro-las-sillas\\\/#primaryimage\",\"url\":\"https:\\\/\\\/i0.wp.com\\\/talcomosoy.com.ar\\\/wp-content\\\/uploads\\\/2023\\\/09\\\/Skatepark-flyer-funcion-viernes-8-.jpeg?fit=1200%2C1200&ssl=1\",\"contentUrl\":\"https:\\\/\\\/i0.wp.com\\\/talcomosoy.com.ar\\\/wp-content\\\/uploads\\\/2023\\\/09\\\/Skatepark-flyer-funcion-viernes-8-.jpeg?fit=1200%2C1200&ssl=1\",\"width\":1200,\"height\":1200},{\"@type\":\"WebSite\",\"@id\":\"https:\\\/\\\/talcomosoy.com.ar\\\/#website\",\"url\":\"https:\\\/\\\/talcomosoy.com.ar\\\/\",\"name\":\"Tal Como Soy\",\"description\":\"Magazine Musical Digital\",\"publisher\":{\"@id\":\"https:\\\/\\\/talcomosoy.com.ar\\\/#organization\"},\"potentialAction\":[{\"@type\":\"SearchAction\",\"target\":{\"@type\":\"EntryPoint\",\"urlTemplate\":\"https:\\\/\\\/talcomosoy.com.ar\\\/?s={search_term_string}\"},\"query-input\":{\"@type\":\"PropertyValueSpecification\",\"valueRequired\":true,\"valueName\":\"search_term_string\"}}],\"inLanguage\":\"es\"},{\"@type\":\"Organization\",\"@id\":\"https:\\\/\\\/talcomosoy.com.ar\\\/#organization\",\"name\":\"Tal Como Soy\",\"url\":\"https:\\\/\\\/talcomosoy.com.ar\\\/\",\"logo\":{\"@type\":\"ImageObject\",\"inLanguage\":\"es\",\"@id\":\"https:\\\/\\\/talcomosoy.com.ar\\\/#\\\/schema\\\/logo\\\/image\\\/\",\"url\":\"https:\\\/\\\/i0.wp.com\\\/talcomosoy.com.ar\\\/wp-content\\\/uploads\\\/2020\\\/02\\\/PUA-2020-TRANSPARENTE.png?fit=570%2C382&ssl=1\",\"contentUrl\":\"https:\\\/\\\/i0.wp.com\\\/talcomosoy.com.ar\\\/wp-content\\\/uploads\\\/2020\\\/02\\\/PUA-2020-TRANSPARENTE.png?fit=570%2C382&ssl=1\",\"width\":570,\"height\":382,\"caption\":\"Tal Como Soy\"},\"image\":{\"@id\":\"https:\\\/\\\/talcomosoy.com.ar\\\/#\\\/schema\\\/logo\\\/image\\\/\"},\"sameAs\":[\"https:\\\/\\\/www.facebook.com\\\/talcomosoyok\",\"https:\\\/\\\/x.com\\\/talcomosoyok\",\"https:\\\/\\\/www.instagram.com\\\/talcomosoyok\",\"https:\\\/\\\/www.youtube.com\\\/channel\\\/UCrutZzYQmd9Fe8pEm5wqsiw\"]},{\"@type\":\"Person\",\"@id\":\"https:\\\/\\\/talcomosoy.com.ar\\\/#\\\/schema\\\/person\\\/496b3561bd436afcf2be92147ff855c9\",\"name\":\"Sinda Miranda\",\"image\":{\"@type\":\"ImageObject\",\"inLanguage\":\"es\",\"@id\":\"https:\\\/\\\/secure.gravatar.com\\\/avatar\\\/ab0e992fc0b7117fe730d00fb0e44073b1fd6e28d69de8e7ac3103f1396f445e?s=96&d=mm&r=g\",\"url\":\"https:\\\/\\\/secure.gravatar.com\\\/avatar\\\/ab0e992fc0b7117fe730d00fb0e44073b1fd6e28d69de8e7ac3103f1396f445e?s=96&d=mm&r=g\",\"contentUrl\":\"https:\\\/\\\/secure.gravatar.com\\\/avatar\\\/ab0e992fc0b7117fe730d00fb0e44073b1fd6e28d69de8e7ac3103f1396f445e?s=96&d=mm&r=g\",\"caption\":\"Sinda Miranda\"},\"description\":\"Escritora, Fot\u00f3grafa, Agente de Prensa\",\"sameAs\":[\"https:\\\/\\\/www.facebook.com\\\/sindamiranda\",\"https:\\\/\\\/www.instagram.com\\\/sindamiranda\",\"https:\\\/\\\/x.com\\\/sindamiranda\"],\"url\":\"https:\\\/\\\/talcomosoy.com.ar\\\/index.php\\\/author\\\/sindamirandatcs\\\/\"}]}<\/script>\n<!-- \/ Yoast SEO plugin. -->","yoast_head_json":{"title":"Nuevas funciones de Skatepark en el Teatro Las Sillas - Tal Como Soy","robots":{"index":"index","follow":"follow","max-snippet":"max-snippet:-1","max-image-preview":"max-image-preview:large","max-video-preview":"max-video-preview:-1"},"canonical":"https:\/\/talcomosoy.com.ar\/index.php\/nuevas-funciones-de-skatepark-en-el-teatro-las-sillas\/","og_locale":"es_ES","og_type":"article","og_title":"Nuevas funciones de Skatepark en el Teatro Las Sillas - Tal Como Soy","og_description":"La obra escrita y dirigida por Osjar Navarro Correa contin\u00faa su temporada de funciones en","og_url":"https:\/\/talcomosoy.com.ar\/index.php\/nuevas-funciones-de-skatepark-en-el-teatro-las-sillas\/","og_site_name":"Tal Como Soy","article_publisher":"https:\/\/www.facebook.com\/talcomosoyok","article_author":"https:\/\/www.facebook.com\/sindamiranda","article_published_time":"2023-09-06T13:35:29+00:00","article_modified_time":"2023-09-06T13:39:28+00:00","og_image":[{"width":1200,"height":1200,"url":"https:\/\/i0.wp.com\/talcomosoy.com.ar\/wp-content\/uploads\/2023\/09\/Skatepark-flyer-funcion-viernes-8-.jpeg?fit=1200%2C1200&ssl=1","type":"image\/jpeg"}],"author":"Sinda Miranda","twitter_card":"summary_large_image","twitter_creator":"@sindamiranda","twitter_site":"@talcomosoyok","twitter_misc":{"Escrito por":"Sinda Miranda","Tiempo de lectura":"4 minutos"},"schema":{"@context":"https:\/\/schema.org","@graph":[{"@type":"Article","@id":"https:\/\/talcomosoy.com.ar\/index.php\/nuevas-funciones-de-skatepark-en-el-teatro-las-sillas\/#article","isPartOf":{"@id":"https:\/\/talcomosoy.com.ar\/index.php\/nuevas-funciones-de-skatepark-en-el-teatro-las-sillas\/"},"author":{"name":"Sinda Miranda","@id":"https:\/\/talcomosoy.com.ar\/#\/schema\/person\/496b3561bd436afcf2be92147ff855c9"},"headline":"Nuevas funciones de Skatepark en el Teatro Las Sillas","datePublished":"2023-09-06T13:35:29+00:00","dateModified":"2023-09-06T13:39:28+00:00","mainEntityOfPage":{"@id":"https:\/\/talcomosoy.com.ar\/index.php\/nuevas-funciones-de-skatepark-en-el-teatro-las-sillas\/"},"wordCount":886,"publisher":{"@id":"https:\/\/talcomosoy.com.ar\/#organization"},"image":{"@id":"https:\/\/talcomosoy.com.ar\/index.php\/nuevas-funciones-de-skatepark-en-el-teatro-las-sillas\/#primaryimage"},"thumbnailUrl":"https:\/\/i0.wp.com\/talcomosoy.com.ar\/wp-content\/uploads\/2023\/09\/Skatepark-flyer-funcion-viernes-8-.jpeg?fit=1200%2C1200&ssl=1","articleSection":["Teatro"],"inLanguage":"es"},{"@type":"WebPage","@id":"https:\/\/talcomosoy.com.ar\/index.php\/nuevas-funciones-de-skatepark-en-el-teatro-las-sillas\/","url":"https:\/\/talcomosoy.com.ar\/index.php\/nuevas-funciones-de-skatepark-en-el-teatro-las-sillas\/","name":"Nuevas funciones de Skatepark en el Teatro Las Sillas - Tal Como Soy","isPartOf":{"@id":"https:\/\/talcomosoy.com.ar\/#website"},"primaryImageOfPage":{"@id":"https:\/\/talcomosoy.com.ar\/index.php\/nuevas-funciones-de-skatepark-en-el-teatro-las-sillas\/#primaryimage"},"image":{"@id":"https:\/\/talcomosoy.com.ar\/index.php\/nuevas-funciones-de-skatepark-en-el-teatro-las-sillas\/#primaryimage"},"thumbnailUrl":"https:\/\/i0.wp.com\/talcomosoy.com.ar\/wp-content\/uploads\/2023\/09\/Skatepark-flyer-funcion-viernes-8-.jpeg?fit=1200%2C1200&ssl=1","datePublished":"2023-09-06T13:35:29+00:00","dateModified":"2023-09-06T13:39:28+00:00","inLanguage":"es","potentialAction":[{"@type":"ReadAction","target":["https:\/\/talcomosoy.com.ar\/index.php\/nuevas-funciones-de-skatepark-en-el-teatro-las-sillas\/"]}]},{"@type":"ImageObject","inLanguage":"es","@id":"https:\/\/talcomosoy.com.ar\/index.php\/nuevas-funciones-de-skatepark-en-el-teatro-las-sillas\/#primaryimage","url":"https:\/\/i0.wp.com\/talcomosoy.com.ar\/wp-content\/uploads\/2023\/09\/Skatepark-flyer-funcion-viernes-8-.jpeg?fit=1200%2C1200&ssl=1","contentUrl":"https:\/\/i0.wp.com\/talcomosoy.com.ar\/wp-content\/uploads\/2023\/09\/Skatepark-flyer-funcion-viernes-8-.jpeg?fit=1200%2C1200&ssl=1","width":1200,"height":1200},{"@type":"WebSite","@id":"https:\/\/talcomosoy.com.ar\/#website","url":"https:\/\/talcomosoy.com.ar\/","name":"Tal Como Soy","description":"Magazine Musical Digital","publisher":{"@id":"https:\/\/talcomosoy.com.ar\/#organization"},"potentialAction":[{"@type":"SearchAction","target":{"@type":"EntryPoint","urlTemplate":"https:\/\/talcomosoy.com.ar\/?s={search_term_string}"},"query-input":{"@type":"PropertyValueSpecification","valueRequired":true,"valueName":"search_term_string"}}],"inLanguage":"es"},{"@type":"Organization","@id":"https:\/\/talcomosoy.com.ar\/#organization","name":"Tal Como Soy","url":"https:\/\/talcomosoy.com.ar\/","logo":{"@type":"ImageObject","inLanguage":"es","@id":"https:\/\/talcomosoy.com.ar\/#\/schema\/logo\/image\/","url":"https:\/\/i0.wp.com\/talcomosoy.com.ar\/wp-content\/uploads\/2020\/02\/PUA-2020-TRANSPARENTE.png?fit=570%2C382&ssl=1","contentUrl":"https:\/\/i0.wp.com\/talcomosoy.com.ar\/wp-content\/uploads\/2020\/02\/PUA-2020-TRANSPARENTE.png?fit=570%2C382&ssl=1","width":570,"height":382,"caption":"Tal Como Soy"},"image":{"@id":"https:\/\/talcomosoy.com.ar\/#\/schema\/logo\/image\/"},"sameAs":["https:\/\/www.facebook.com\/talcomosoyok","https:\/\/x.com\/talcomosoyok","https:\/\/www.instagram.com\/talcomosoyok","https:\/\/www.youtube.com\/channel\/UCrutZzYQmd9Fe8pEm5wqsiw"]},{"@type":"Person","@id":"https:\/\/talcomosoy.com.ar\/#\/schema\/person\/496b3561bd436afcf2be92147ff855c9","name":"Sinda Miranda","image":{"@type":"ImageObject","inLanguage":"es","@id":"https:\/\/secure.gravatar.com\/avatar\/ab0e992fc0b7117fe730d00fb0e44073b1fd6e28d69de8e7ac3103f1396f445e?s=96&d=mm&r=g","url":"https:\/\/secure.gravatar.com\/avatar\/ab0e992fc0b7117fe730d00fb0e44073b1fd6e28d69de8e7ac3103f1396f445e?s=96&d=mm&r=g","contentUrl":"https:\/\/secure.gravatar.com\/avatar\/ab0e992fc0b7117fe730d00fb0e44073b1fd6e28d69de8e7ac3103f1396f445e?s=96&d=mm&r=g","caption":"Sinda Miranda"},"description":"Escritora, Fot\u00f3grafa, Agente de Prensa","sameAs":["https:\/\/www.facebook.com\/sindamiranda","https:\/\/www.instagram.com\/sindamiranda","https:\/\/x.com\/sindamiranda"],"url":"https:\/\/talcomosoy.com.ar\/index.php\/author\/sindamirandatcs\/"}]}},"jetpack_publicize_connections":[],"jetpack_featured_media_url":"https:\/\/i0.wp.com\/talcomosoy.com.ar\/wp-content\/uploads\/2023\/09\/Skatepark-flyer-funcion-viernes-8-.jpeg?fit=1200%2C1200&ssl=1","jetpack_sharing_enabled":true,"jetpack_likes_enabled":true,"_links":{"self":[{"href":"https:\/\/talcomosoy.com.ar\/index.php\/wp-json\/wp\/v2\/posts\/15511","targetHints":{"allow":["GET"]}}],"collection":[{"href":"https:\/\/talcomosoy.com.ar\/index.php\/wp-json\/wp\/v2\/posts"}],"about":[{"href":"https:\/\/talcomosoy.com.ar\/index.php\/wp-json\/wp\/v2\/types\/post"}],"author":[{"embeddable":true,"href":"https:\/\/talcomosoy.com.ar\/index.php\/wp-json\/wp\/v2\/users\/1"}],"replies":[{"embeddable":true,"href":"https:\/\/talcomosoy.com.ar\/index.php\/wp-json\/wp\/v2\/comments?post=15511"}],"version-history":[{"count":2,"href":"https:\/\/talcomosoy.com.ar\/index.php\/wp-json\/wp\/v2\/posts\/15511\/revisions"}],"predecessor-version":[{"id":15514,"href":"https:\/\/talcomosoy.com.ar\/index.php\/wp-json\/wp\/v2\/posts\/15511\/revisions\/15514"}],"wp:featuredmedia":[{"embeddable":true,"href":"https:\/\/talcomosoy.com.ar\/index.php\/wp-json\/wp\/v2\/media\/15512"}],"wp:attachment":[{"href":"https:\/\/talcomosoy.com.ar\/index.php\/wp-json\/wp\/v2\/media?parent=15511"}],"wp:term":[{"taxonomy":"category","embeddable":true,"href":"https:\/\/talcomosoy.com.ar\/index.php\/wp-json\/wp\/v2\/categories?post=15511"},{"taxonomy":"post_tag","embeddable":true,"href":"https:\/\/talcomosoy.com.ar\/index.php\/wp-json\/wp\/v2\/tags?post=15511"}],"curies":[{"name":"wp","href":"https:\/\/api.w.org\/{rel}","templated":true}]}}