{"id":15415,"date":"2023-08-23T10:48:16","date_gmt":"2023-08-23T13:48:16","guid":{"rendered":"https:\/\/talcomosoy.com.ar\/?p=15415"},"modified":"2023-08-23T10:50:11","modified_gmt":"2023-08-23T13:50:11","slug":"orquesta-pianoforte-un-viaje-tres-mundos","status":"publish","type":"post","link":"https:\/\/talcomosoy.com.ar\/index.php\/orquesta-pianoforte-un-viaje-tres-mundos\/","title":{"rendered":"Orquesta Pianoforte \u201cUn viaje. Tres mundos\u201d"},"content":{"rendered":"<h3>Domingo 27 de agosto de 2023 a las 21 horas en el Teatro Independencia. Entrada general $ 2000 en <a href=\"https:\/\/www.entradaweb.com.ar\/index.php?r=site\/detalles&amp;amp;d=76f49f1f\">entradaweb<\/a> y boleter\u00eda del teatro.<\/h3>\n<p>&nbsp;<\/p>\n<p>Segundo concierto de la Orquesta Pianoforte \u00abUn Viaje. Tres Mundos\u00bb con la presencia del renombrado solista Carlos Fuguet (Chile) qui\u00e9n vendr\u00e1 a Mendoza exclusivamente para tocar las Danzas Venezolanas de Omar Acosta junto a la Orquesta Pianoforte.<\/p>\n<p>La Orquesta Pianoforte se cre\u00f3 con el objetivo de ofrecer productos art\u00edsticos de primer nivel. Nos esforzamos por alcanzar la excelencia en todos los aspectos, y por ello, cada m\u00fasico que forma parte de la Orquesta Pianoforte pertenece a un selecto grupo de los m\u00e1s renombrados m\u00fasicos que residen en Mendoza, quienes gracias a su apertura y versatilidad son capaces de interpretar cualquier estilo musical de forma comprometida y seria, abarcando tanto la m\u00fasica cl\u00e1sica como otros estilos de manera sinf\u00f3nica. Nuestros espect\u00e1culos est\u00e1n destinados tanto al disfrute del p\u00fablico habitu\u00e9 como de aquellos que se acercan por primera vez a este tipo de eventos.<\/p>\n<p>&nbsp;<\/p>\n<h3>Carlos Fuguet (Solista)<\/h3>\n<p>&nbsp;<\/p>\n<p>Flautista Venezolano radicado en Santiago de Chile, fundador y Flauta Principal de la Orquesta Sinf\u00f3nica del Estado Falc\u00f3n Venezuela. Adem\u00e1s, es profesor de Flauta y Director del ensamble de Flautas del Conservatorio de la Orquesta Nacional Juvenil del Sistema en el Estado Falc\u00f3n, as\u00ed como Profesor de la Escuela Nacional de Flauta.<\/p>\n<p>Inici\u00f3 su formaci\u00f3n musical en la Escuela de M\u00fasica \u201cEl\u00edas David Curiel\u201d y en el n\u00facleo de la Orquesta Juvenil de Coro. Luego, se traslad\u00f3 a Caracas para<br \/>\nestudiar flauta y materias te\u00f3ricas en el Conservatorio Sim\u00f3n Bol\u00edvar. Continu\u00f3 sus \u00a0estudios de flauta en el Conservatorio de Valencia, obteniendo el diploma de Profesor Ejecutante. Realiz\u00f3 estudios superiores en el Instituto Universitario de Estudios Musicales (IUDEM), obteniendo el t\u00edtulo de Licenciado en M\u00fasica con Menci\u00f3n en Ejecuci\u00f3n Instrumental.<\/p>\n<p>Adem\u00e1s de su trayectoria acad\u00e9mica, ha sido solista en presentaciones con importantes orquestas de Venezuela y en recitales con la pianista Coralia Maiolino.<br \/>\nHa interpretado obras destacadas como el concierto para Flauta y Orquesta de Lowell Liebermann, bajo la direcci\u00f3n de Jes\u00fas Brice\u00f1o. Asimismo, ha estrenado<br \/>\ncomposiciones como \u201cTengo un Tango\u201d para flauta y orquesta de cuerdas con la\u00a0OSF, dirigida por el compositor Diego Silva. Tambi\u00e9n ha participado en festivales y conciertos con otras obras de renombrados compositores.<\/p>\n<p>&nbsp;<\/p>\n<h3>Miguel Pineda Z\u00e1ccara (Director)<\/h3>\n<p>&nbsp;<\/p>\n<p>Director de Orquesta, flautista y piccolista venezolano, formado \u00edntegramente en Venezuela, comenzando sus estudios musicales con su padre y continuando el sistema de Orquestas Juveniles e Infantiles de Venezuela. Egres\u00f3 de la Universidad Central de Venezuela. Es el fundador de la Orquesta Sinf\u00f3nica Sim\u00f3n Bol\u00edvar de Venezuela. Ha sido primera flauta de las Orquestas Sinf\u00f3nica Sim\u00f3n Bol\u00edvar, Sinf\u00f3nica Venezuela y Municipal de Caracas respectivamente, flautista principal de la Orquesta Sinf\u00f3nica de Carabobo, director titular de la Banda Marcial Caracas, Banda Sinf\u00f3nica del Estado Carabobo, Orquesta Sinf\u00f3nica del Estado M\u00e9rida, Banda Marcial Caracas y Orquesta Juvenil de San Carlos, solista asociado de la Sinf\u00f3nica de Caracas, Miembro del Quinteto Contempor\u00e1neo de Caracas y Director y entrenador de las Orquestas Juveniles e Infantiles del Sistema de Orquestas y Coros de Venezuela.<\/p>\n<p>Actualmente reside en la Ciudad de Mendoza y es codirector de la Orquesta Barroca de Mendoza. En Argentina ha sido invitado a dirigir la Orquesta Filarm\u00f3nica de Mendoza, la Sinf\u00f3nica de Mendoza, y tambi\u00e9n a la Orquesta Sinf\u00f3nica de Entre R\u00edos con quienes ejecut\u00f3 el concierto de p\u00edccolo de Lowell Liebermann en la ciudad de Paran\u00e1.<\/p>\n<p>&nbsp;<\/p>\n<h3>Igor Lara (Concertino)<\/h3>\n<p>&nbsp;<\/p>\n<p>M\u00fasico Venezolano fundador de la Orquesta Nacional Juvenil y del Coro de los Ni\u00f1os Cantores de Los Teques, forma parte de la Orquesta Juvenil del Distrito<br \/>\nFederal, miembro fundador de la Orquesta \u201cJ\u00f3venes Arcos de Venezuela\u201d, siendo luego su Concertino y Director Asistente, entra a la Orquesta Sinf\u00f3nica de la<br \/>\nJuventud Venezolana \u201cSim\u00f3n Bol\u00edvar\u201d y en 2007 obtiene por concurso el puesto de asistente al Concertino, en 2017 se desempe\u00f1a como concertino y\u00a0 coordinador t\u00e9cnico y art\u00edstico de la Orquesta Filarm\u00f3nica de Chascom\u00fas.<\/p>\n<p>Su trabajo violin\u00edstico lo realiza principalmente con los maestros Luis Miguel Gonz\u00e1lez, Jos\u00e9 Francisco del Castillo, Virginie Roubillard y Ronny Rogoff, entre otros, asiste, como miembro activo, a los cursos de direcci\u00f3n orquestal del Maestro Koreano Sung Kwak en Venezuela, act\u00faa como solista con las principales orquestas de Venezuela, trabaja para consolidar las orquestas Juveniles de Rep\u00fablica Dominicana, Per\u00fa, Bolivia, Uruguay, Argentina, Colombia y Ecuador; estrena el concierto para viol\u00edn \u201cHeraldo At\u00e1vico\u201d dedicado a su persona por el compositor venezolano Diego Silva Silva.<\/p>\n<p>Desde 2019 es suplente del Concertino en la Orquesta Filarm\u00f3nica de Mendoza, Argentina.<\/p>\n<p>&nbsp;<\/p>\n<h4>Programa<\/h4>\n<p>La Orquesta Pianoforte interpretar\u00e1 un repertorio que incluye las siguientes piezas:<br \/>\n&#8211; Alma de Tango (Adriana Figueroa)<br \/>\n&#8211; La Clavada (Tango &#8211; Ernesto Zambonini)<br \/>\n&#8211; Orlando Go\u00f1i (Tango &#8211; Alfredo Gobbi)<br \/>\n&#8211; Danzas Venezolanas (Omar Acosta)<\/p>\n<p>Solista: Carlos Fuguet (Venezuela. Flauta)<br \/>\n&#8211; Danzas Folcl\u00f3ricas Rumanas (Bela Bartok)<br \/>\n&#8211; E. Morricone. Cinema Paradiso<br \/>\n&#8211; A.Romero. Fuga con Pajarillo<br \/>\n&#8211; J.C.Cuacci Suite Argentina<\/p>\n<p>&nbsp;<\/p>\n<h4>M\u00fasicos convocados<\/h4>\n<p><strong>Violines I<\/strong><br \/>\nIgor Lara<br \/>\nAnna Kebadze<br \/>\nFernando Velazquez<br \/>\nEngel Su\u00e1rez<\/p>\n<p><strong>Violines II<\/strong><br \/>\nElda Pineda<br \/>\nEnrique Ligeti<br \/>\nManuel Biurrum<br \/>\nRoger Campos<\/p>\n<p><strong>Violas<\/strong><br \/>\nJeli Sara Herrera<br \/>\nCarmen Sarav\u00ed<br \/>\nJoaqu\u00edn Gutierrez<\/p>\n<p><strong>Violoncellos<\/strong><br \/>\nMat\u00edas Pelli<br \/>\nLeandra Vel\u00e1zquez<br \/>\nGeorgina Prendes<br \/>\nContrabajos<br \/>\nLaureano Melchiori<br \/>\nHugo Larra\u00f1aga<\/p>\n<p><strong>Flautas<\/strong><br \/>\nAdriano Calcagno<br \/>\nSilvia Fredes<\/p>\n<p><strong>Clarinetes<\/strong><br \/>\nSebasti\u00e1n Benenati<br \/>\nAlexi Morei<\/p>\n<p><strong>Fagotes<\/strong><br \/>\nAugusto Carnevale<br \/>\nRub\u00e9n Woods<\/p>\n<p><strong>Cornos<\/strong><br \/>\nJuan Pablo Mazzoca<br \/>\nJerem\u00edas Mansilla<\/p>\n<p>Este concierto ser\u00e1 el segundo concierto dentro de su primera temporada y ser\u00e1 una oportunidad \u00fanica para disfrutar de la m\u00fasica interpretada por algunos de<br \/>\nlos m\u00e1s prestigiosos m\u00fasicos de la regi\u00f3n.<\/p>\n<p>&nbsp;<\/p>\n<p>&nbsp;<\/p>\n<p>&nbsp;<\/p>\n<p>&nbsp;<\/p>\n","protected":false},"excerpt":{"rendered":"<p>Domingo 27 de agosto de 2023 a las 21 horas en el Teatro Independencia. Entrada<\/p>\n","protected":false},"author":1,"featured_media":15416,"comment_status":"closed","ping_status":"closed","sticky":false,"template":"","format":"standard","meta":{"_jetpack_memberships_contains_paid_content":false,"footnotes":"","jetpack_publicize_message":"","jetpack_publicize_feature_enabled":true,"jetpack_social_post_already_shared":true,"jetpack_social_options":{"image_generator_settings":{"template":"highway","default_image_id":0,"font":"","enabled":false},"version":2}},"categories":[304],"tags":[],"class_list":["post-15415","post","type-post","status-publish","format-standard","has-post-thumbnail","hentry","category-orquestas-mendocinas"],"yoast_head":"<!-- This site is optimized with the Yoast SEO plugin v27.5 - https:\/\/yoast.com\/product\/yoast-seo-wordpress\/ -->\n<title>Orquesta Pianoforte \u201cUn viaje. Tres mundos\u201d - Tal Como Soy<\/title>\n<meta name=\"robots\" content=\"index, follow, max-snippet:-1, max-image-preview:large, max-video-preview:-1\" \/>\n<link rel=\"canonical\" href=\"https:\/\/talcomosoy.com.ar\/index.php\/orquesta-pianoforte-un-viaje-tres-mundos\/\" \/>\n<meta property=\"og:locale\" content=\"es_ES\" \/>\n<meta property=\"og:type\" content=\"article\" \/>\n<meta property=\"og:title\" content=\"Orquesta Pianoforte \u201cUn viaje. Tres mundos\u201d - Tal Como Soy\" \/>\n<meta property=\"og:description\" content=\"Domingo 27 de agosto de 2023 a las 21 horas en el Teatro Independencia. Entrada\" \/>\n<meta property=\"og:url\" content=\"https:\/\/talcomosoy.com.ar\/index.php\/orquesta-pianoforte-un-viaje-tres-mundos\/\" \/>\n<meta property=\"og:site_name\" content=\"Tal Como Soy\" \/>\n<meta property=\"article:publisher\" content=\"https:\/\/www.facebook.com\/talcomosoyok\" \/>\n<meta property=\"article:author\" content=\"https:\/\/www.facebook.com\/sindamiranda\" \/>\n<meta property=\"article:published_time\" content=\"2023-08-23T13:48:16+00:00\" \/>\n<meta property=\"article:modified_time\" content=\"2023-08-23T13:50:11+00:00\" \/>\n<meta property=\"og:image\" content=\"https:\/\/i0.wp.com\/talcomosoy.com.ar\/wp-content\/uploads\/2023\/08\/foto-0-full-orq-ministerio.png?fit=900%2C600&ssl=1\" \/>\n\t<meta property=\"og:image:width\" content=\"900\" \/>\n\t<meta property=\"og:image:height\" content=\"600\" \/>\n\t<meta property=\"og:image:type\" content=\"image\/png\" \/>\n<meta name=\"author\" content=\"Sinda Miranda\" \/>\n<meta name=\"twitter:card\" content=\"summary_large_image\" \/>\n<meta name=\"twitter:creator\" content=\"@sindamiranda\" \/>\n<meta name=\"twitter:site\" content=\"@talcomosoyok\" \/>\n<meta name=\"twitter:label1\" content=\"Escrito por\" \/>\n\t<meta name=\"twitter:data1\" content=\"Sinda Miranda\" \/>\n\t<meta name=\"twitter:label2\" content=\"Tiempo de lectura\" \/>\n\t<meta name=\"twitter:data2\" content=\"5 minutos\" \/>\n<script type=\"application\/ld+json\" class=\"yoast-schema-graph\">{\"@context\":\"https:\\\/\\\/schema.org\",\"@graph\":[{\"@type\":\"Article\",\"@id\":\"https:\\\/\\\/talcomosoy.com.ar\\\/index.php\\\/orquesta-pianoforte-un-viaje-tres-mundos\\\/#article\",\"isPartOf\":{\"@id\":\"https:\\\/\\\/talcomosoy.com.ar\\\/index.php\\\/orquesta-pianoforte-un-viaje-tres-mundos\\\/\"},\"author\":{\"name\":\"Sinda Miranda\",\"@id\":\"https:\\\/\\\/talcomosoy.com.ar\\\/#\\\/schema\\\/person\\\/496b3561bd436afcf2be92147ff855c9\"},\"headline\":\"Orquesta Pianoforte \u201cUn viaje. Tres mundos\u201d\",\"datePublished\":\"2023-08-23T13:48:16+00:00\",\"dateModified\":\"2023-08-23T13:50:11+00:00\",\"mainEntityOfPage\":{\"@id\":\"https:\\\/\\\/talcomosoy.com.ar\\\/index.php\\\/orquesta-pianoforte-un-viaje-tres-mundos\\\/\"},\"wordCount\":1006,\"publisher\":{\"@id\":\"https:\\\/\\\/talcomosoy.com.ar\\\/#organization\"},\"image\":{\"@id\":\"https:\\\/\\\/talcomosoy.com.ar\\\/index.php\\\/orquesta-pianoforte-un-viaje-tres-mundos\\\/#primaryimage\"},\"thumbnailUrl\":\"https:\\\/\\\/i0.wp.com\\\/talcomosoy.com.ar\\\/wp-content\\\/uploads\\\/2023\\\/08\\\/foto-0-full-orq-ministerio.png?fit=900%2C600&ssl=1\",\"articleSection\":[\"Orquestas Mendocinas\"],\"inLanguage\":\"es\"},{\"@type\":\"WebPage\",\"@id\":\"https:\\\/\\\/talcomosoy.com.ar\\\/index.php\\\/orquesta-pianoforte-un-viaje-tres-mundos\\\/\",\"url\":\"https:\\\/\\\/talcomosoy.com.ar\\\/index.php\\\/orquesta-pianoforte-un-viaje-tres-mundos\\\/\",\"name\":\"Orquesta Pianoforte \u201cUn viaje. Tres mundos\u201d - Tal Como Soy\",\"isPartOf\":{\"@id\":\"https:\\\/\\\/talcomosoy.com.ar\\\/#website\"},\"primaryImageOfPage\":{\"@id\":\"https:\\\/\\\/talcomosoy.com.ar\\\/index.php\\\/orquesta-pianoforte-un-viaje-tres-mundos\\\/#primaryimage\"},\"image\":{\"@id\":\"https:\\\/\\\/talcomosoy.com.ar\\\/index.php\\\/orquesta-pianoforte-un-viaje-tres-mundos\\\/#primaryimage\"},\"thumbnailUrl\":\"https:\\\/\\\/i0.wp.com\\\/talcomosoy.com.ar\\\/wp-content\\\/uploads\\\/2023\\\/08\\\/foto-0-full-orq-ministerio.png?fit=900%2C600&ssl=1\",\"datePublished\":\"2023-08-23T13:48:16+00:00\",\"dateModified\":\"2023-08-23T13:50:11+00:00\",\"inLanguage\":\"es\",\"potentialAction\":[{\"@type\":\"ReadAction\",\"target\":[\"https:\\\/\\\/talcomosoy.com.ar\\\/index.php\\\/orquesta-pianoforte-un-viaje-tres-mundos\\\/\"]}]},{\"@type\":\"ImageObject\",\"inLanguage\":\"es\",\"@id\":\"https:\\\/\\\/talcomosoy.com.ar\\\/index.php\\\/orquesta-pianoforte-un-viaje-tres-mundos\\\/#primaryimage\",\"url\":\"https:\\\/\\\/i0.wp.com\\\/talcomosoy.com.ar\\\/wp-content\\\/uploads\\\/2023\\\/08\\\/foto-0-full-orq-ministerio.png?fit=900%2C600&ssl=1\",\"contentUrl\":\"https:\\\/\\\/i0.wp.com\\\/talcomosoy.com.ar\\\/wp-content\\\/uploads\\\/2023\\\/08\\\/foto-0-full-orq-ministerio.png?fit=900%2C600&ssl=1\",\"width\":900,\"height\":600},{\"@type\":\"WebSite\",\"@id\":\"https:\\\/\\\/talcomosoy.com.ar\\\/#website\",\"url\":\"https:\\\/\\\/talcomosoy.com.ar\\\/\",\"name\":\"Tal Como Soy\",\"description\":\"Magazine Musical Digital\",\"publisher\":{\"@id\":\"https:\\\/\\\/talcomosoy.com.ar\\\/#organization\"},\"potentialAction\":[{\"@type\":\"SearchAction\",\"target\":{\"@type\":\"EntryPoint\",\"urlTemplate\":\"https:\\\/\\\/talcomosoy.com.ar\\\/?s={search_term_string}\"},\"query-input\":{\"@type\":\"PropertyValueSpecification\",\"valueRequired\":true,\"valueName\":\"search_term_string\"}}],\"inLanguage\":\"es\"},{\"@type\":\"Organization\",\"@id\":\"https:\\\/\\\/talcomosoy.com.ar\\\/#organization\",\"name\":\"Tal Como Soy\",\"url\":\"https:\\\/\\\/talcomosoy.com.ar\\\/\",\"logo\":{\"@type\":\"ImageObject\",\"inLanguage\":\"es\",\"@id\":\"https:\\\/\\\/talcomosoy.com.ar\\\/#\\\/schema\\\/logo\\\/image\\\/\",\"url\":\"https:\\\/\\\/i0.wp.com\\\/talcomosoy.com.ar\\\/wp-content\\\/uploads\\\/2020\\\/02\\\/PUA-2020-TRANSPARENTE.png?fit=570%2C382&ssl=1\",\"contentUrl\":\"https:\\\/\\\/i0.wp.com\\\/talcomosoy.com.ar\\\/wp-content\\\/uploads\\\/2020\\\/02\\\/PUA-2020-TRANSPARENTE.png?fit=570%2C382&ssl=1\",\"width\":570,\"height\":382,\"caption\":\"Tal Como Soy\"},\"image\":{\"@id\":\"https:\\\/\\\/talcomosoy.com.ar\\\/#\\\/schema\\\/logo\\\/image\\\/\"},\"sameAs\":[\"https:\\\/\\\/www.facebook.com\\\/talcomosoyok\",\"https:\\\/\\\/x.com\\\/talcomosoyok\",\"https:\\\/\\\/www.instagram.com\\\/talcomosoyok\",\"https:\\\/\\\/www.youtube.com\\\/channel\\\/UCrutZzYQmd9Fe8pEm5wqsiw\"]},{\"@type\":\"Person\",\"@id\":\"https:\\\/\\\/talcomosoy.com.ar\\\/#\\\/schema\\\/person\\\/496b3561bd436afcf2be92147ff855c9\",\"name\":\"Sinda Miranda\",\"image\":{\"@type\":\"ImageObject\",\"inLanguage\":\"es\",\"@id\":\"https:\\\/\\\/secure.gravatar.com\\\/avatar\\\/ab0e992fc0b7117fe730d00fb0e44073b1fd6e28d69de8e7ac3103f1396f445e?s=96&d=mm&r=g\",\"url\":\"https:\\\/\\\/secure.gravatar.com\\\/avatar\\\/ab0e992fc0b7117fe730d00fb0e44073b1fd6e28d69de8e7ac3103f1396f445e?s=96&d=mm&r=g\",\"contentUrl\":\"https:\\\/\\\/secure.gravatar.com\\\/avatar\\\/ab0e992fc0b7117fe730d00fb0e44073b1fd6e28d69de8e7ac3103f1396f445e?s=96&d=mm&r=g\",\"caption\":\"Sinda Miranda\"},\"description\":\"Escritora, Fot\u00f3grafa, Agente de Prensa\",\"sameAs\":[\"https:\\\/\\\/www.facebook.com\\\/sindamiranda\",\"https:\\\/\\\/www.instagram.com\\\/sindamiranda\",\"https:\\\/\\\/x.com\\\/sindamiranda\"],\"url\":\"https:\\\/\\\/talcomosoy.com.ar\\\/index.php\\\/author\\\/sindamirandatcs\\\/\"}]}<\/script>\n<!-- \/ Yoast SEO plugin. -->","yoast_head_json":{"title":"Orquesta Pianoforte \u201cUn viaje. Tres mundos\u201d - Tal Como Soy","robots":{"index":"index","follow":"follow","max-snippet":"max-snippet:-1","max-image-preview":"max-image-preview:large","max-video-preview":"max-video-preview:-1"},"canonical":"https:\/\/talcomosoy.com.ar\/index.php\/orquesta-pianoforte-un-viaje-tres-mundos\/","og_locale":"es_ES","og_type":"article","og_title":"Orquesta Pianoforte \u201cUn viaje. Tres mundos\u201d - Tal Como Soy","og_description":"Domingo 27 de agosto de 2023 a las 21 horas en el Teatro Independencia. Entrada","og_url":"https:\/\/talcomosoy.com.ar\/index.php\/orquesta-pianoforte-un-viaje-tres-mundos\/","og_site_name":"Tal Como Soy","article_publisher":"https:\/\/www.facebook.com\/talcomosoyok","article_author":"https:\/\/www.facebook.com\/sindamiranda","article_published_time":"2023-08-23T13:48:16+00:00","article_modified_time":"2023-08-23T13:50:11+00:00","og_image":[{"width":900,"height":600,"url":"https:\/\/i0.wp.com\/talcomosoy.com.ar\/wp-content\/uploads\/2023\/08\/foto-0-full-orq-ministerio.png?fit=900%2C600&ssl=1","type":"image\/png"}],"author":"Sinda Miranda","twitter_card":"summary_large_image","twitter_creator":"@sindamiranda","twitter_site":"@talcomosoyok","twitter_misc":{"Escrito por":"Sinda Miranda","Tiempo de lectura":"5 minutos"},"schema":{"@context":"https:\/\/schema.org","@graph":[{"@type":"Article","@id":"https:\/\/talcomosoy.com.ar\/index.php\/orquesta-pianoforte-un-viaje-tres-mundos\/#article","isPartOf":{"@id":"https:\/\/talcomosoy.com.ar\/index.php\/orquesta-pianoforte-un-viaje-tres-mundos\/"},"author":{"name":"Sinda Miranda","@id":"https:\/\/talcomosoy.com.ar\/#\/schema\/person\/496b3561bd436afcf2be92147ff855c9"},"headline":"Orquesta Pianoforte \u201cUn viaje. Tres mundos\u201d","datePublished":"2023-08-23T13:48:16+00:00","dateModified":"2023-08-23T13:50:11+00:00","mainEntityOfPage":{"@id":"https:\/\/talcomosoy.com.ar\/index.php\/orquesta-pianoforte-un-viaje-tres-mundos\/"},"wordCount":1006,"publisher":{"@id":"https:\/\/talcomosoy.com.ar\/#organization"},"image":{"@id":"https:\/\/talcomosoy.com.ar\/index.php\/orquesta-pianoforte-un-viaje-tres-mundos\/#primaryimage"},"thumbnailUrl":"https:\/\/i0.wp.com\/talcomosoy.com.ar\/wp-content\/uploads\/2023\/08\/foto-0-full-orq-ministerio.png?fit=900%2C600&ssl=1","articleSection":["Orquestas Mendocinas"],"inLanguage":"es"},{"@type":"WebPage","@id":"https:\/\/talcomosoy.com.ar\/index.php\/orquesta-pianoforte-un-viaje-tres-mundos\/","url":"https:\/\/talcomosoy.com.ar\/index.php\/orquesta-pianoforte-un-viaje-tres-mundos\/","name":"Orquesta Pianoforte \u201cUn viaje. Tres mundos\u201d - Tal Como Soy","isPartOf":{"@id":"https:\/\/talcomosoy.com.ar\/#website"},"primaryImageOfPage":{"@id":"https:\/\/talcomosoy.com.ar\/index.php\/orquesta-pianoforte-un-viaje-tres-mundos\/#primaryimage"},"image":{"@id":"https:\/\/talcomosoy.com.ar\/index.php\/orquesta-pianoforte-un-viaje-tres-mundos\/#primaryimage"},"thumbnailUrl":"https:\/\/i0.wp.com\/talcomosoy.com.ar\/wp-content\/uploads\/2023\/08\/foto-0-full-orq-ministerio.png?fit=900%2C600&ssl=1","datePublished":"2023-08-23T13:48:16+00:00","dateModified":"2023-08-23T13:50:11+00:00","inLanguage":"es","potentialAction":[{"@type":"ReadAction","target":["https:\/\/talcomosoy.com.ar\/index.php\/orquesta-pianoforte-un-viaje-tres-mundos\/"]}]},{"@type":"ImageObject","inLanguage":"es","@id":"https:\/\/talcomosoy.com.ar\/index.php\/orquesta-pianoforte-un-viaje-tres-mundos\/#primaryimage","url":"https:\/\/i0.wp.com\/talcomosoy.com.ar\/wp-content\/uploads\/2023\/08\/foto-0-full-orq-ministerio.png?fit=900%2C600&ssl=1","contentUrl":"https:\/\/i0.wp.com\/talcomosoy.com.ar\/wp-content\/uploads\/2023\/08\/foto-0-full-orq-ministerio.png?fit=900%2C600&ssl=1","width":900,"height":600},{"@type":"WebSite","@id":"https:\/\/talcomosoy.com.ar\/#website","url":"https:\/\/talcomosoy.com.ar\/","name":"Tal Como Soy","description":"Magazine Musical Digital","publisher":{"@id":"https:\/\/talcomosoy.com.ar\/#organization"},"potentialAction":[{"@type":"SearchAction","target":{"@type":"EntryPoint","urlTemplate":"https:\/\/talcomosoy.com.ar\/?s={search_term_string}"},"query-input":{"@type":"PropertyValueSpecification","valueRequired":true,"valueName":"search_term_string"}}],"inLanguage":"es"},{"@type":"Organization","@id":"https:\/\/talcomosoy.com.ar\/#organization","name":"Tal Como Soy","url":"https:\/\/talcomosoy.com.ar\/","logo":{"@type":"ImageObject","inLanguage":"es","@id":"https:\/\/talcomosoy.com.ar\/#\/schema\/logo\/image\/","url":"https:\/\/i0.wp.com\/talcomosoy.com.ar\/wp-content\/uploads\/2020\/02\/PUA-2020-TRANSPARENTE.png?fit=570%2C382&ssl=1","contentUrl":"https:\/\/i0.wp.com\/talcomosoy.com.ar\/wp-content\/uploads\/2020\/02\/PUA-2020-TRANSPARENTE.png?fit=570%2C382&ssl=1","width":570,"height":382,"caption":"Tal Como Soy"},"image":{"@id":"https:\/\/talcomosoy.com.ar\/#\/schema\/logo\/image\/"},"sameAs":["https:\/\/www.facebook.com\/talcomosoyok","https:\/\/x.com\/talcomosoyok","https:\/\/www.instagram.com\/talcomosoyok","https:\/\/www.youtube.com\/channel\/UCrutZzYQmd9Fe8pEm5wqsiw"]},{"@type":"Person","@id":"https:\/\/talcomosoy.com.ar\/#\/schema\/person\/496b3561bd436afcf2be92147ff855c9","name":"Sinda Miranda","image":{"@type":"ImageObject","inLanguage":"es","@id":"https:\/\/secure.gravatar.com\/avatar\/ab0e992fc0b7117fe730d00fb0e44073b1fd6e28d69de8e7ac3103f1396f445e?s=96&d=mm&r=g","url":"https:\/\/secure.gravatar.com\/avatar\/ab0e992fc0b7117fe730d00fb0e44073b1fd6e28d69de8e7ac3103f1396f445e?s=96&d=mm&r=g","contentUrl":"https:\/\/secure.gravatar.com\/avatar\/ab0e992fc0b7117fe730d00fb0e44073b1fd6e28d69de8e7ac3103f1396f445e?s=96&d=mm&r=g","caption":"Sinda Miranda"},"description":"Escritora, Fot\u00f3grafa, Agente de Prensa","sameAs":["https:\/\/www.facebook.com\/sindamiranda","https:\/\/www.instagram.com\/sindamiranda","https:\/\/x.com\/sindamiranda"],"url":"https:\/\/talcomosoy.com.ar\/index.php\/author\/sindamirandatcs\/"}]}},"jetpack_publicize_connections":[],"jetpack_featured_media_url":"https:\/\/i0.wp.com\/talcomosoy.com.ar\/wp-content\/uploads\/2023\/08\/foto-0-full-orq-ministerio.png?fit=900%2C600&ssl=1","jetpack_sharing_enabled":true,"jetpack_likes_enabled":true,"_links":{"self":[{"href":"https:\/\/talcomosoy.com.ar\/index.php\/wp-json\/wp\/v2\/posts\/15415","targetHints":{"allow":["GET"]}}],"collection":[{"href":"https:\/\/talcomosoy.com.ar\/index.php\/wp-json\/wp\/v2\/posts"}],"about":[{"href":"https:\/\/talcomosoy.com.ar\/index.php\/wp-json\/wp\/v2\/types\/post"}],"author":[{"embeddable":true,"href":"https:\/\/talcomosoy.com.ar\/index.php\/wp-json\/wp\/v2\/users\/1"}],"replies":[{"embeddable":true,"href":"https:\/\/talcomosoy.com.ar\/index.php\/wp-json\/wp\/v2\/comments?post=15415"}],"version-history":[{"count":3,"href":"https:\/\/talcomosoy.com.ar\/index.php\/wp-json\/wp\/v2\/posts\/15415\/revisions"}],"predecessor-version":[{"id":15419,"href":"https:\/\/talcomosoy.com.ar\/index.php\/wp-json\/wp\/v2\/posts\/15415\/revisions\/15419"}],"wp:featuredmedia":[{"embeddable":true,"href":"https:\/\/talcomosoy.com.ar\/index.php\/wp-json\/wp\/v2\/media\/15416"}],"wp:attachment":[{"href":"https:\/\/talcomosoy.com.ar\/index.php\/wp-json\/wp\/v2\/media?parent=15415"}],"wp:term":[{"taxonomy":"category","embeddable":true,"href":"https:\/\/talcomosoy.com.ar\/index.php\/wp-json\/wp\/v2\/categories?post=15415"},{"taxonomy":"post_tag","embeddable":true,"href":"https:\/\/talcomosoy.com.ar\/index.php\/wp-json\/wp\/v2\/tags?post=15415"}],"curies":[{"name":"wp","href":"https:\/\/api.w.org\/{rel}","templated":true}]}}