{"id":14771,"date":"2023-06-27T13:07:30","date_gmt":"2023-06-27T16:07:30","guid":{"rendered":"https:\/\/talcomosoy.com.ar\/?p=14771"},"modified":"2023-06-27T13:07:30","modified_gmt":"2023-06-27T16:07:30","slug":"cassette-aniversario-6-the-show-must-go-on","status":"publish","type":"post","link":"https:\/\/talcomosoy.com.ar\/index.php\/cassette-aniversario-6-the-show-must-go-on\/","title":{"rendered":"Cassette Aniversario #6: The Show Must Go On"},"content":{"rendered":"<h3>S\u00e1bado 15 de julio, a las 23 hs. en el Cultural Aurora (Ozamis Sur 75, Maip\u00fa).<\/h3>\n<p>&nbsp;<\/p>\n<p>Desde el 2016, creando noches m\u00e1gicas y so\u00f1adas para los amantes de la m\u00fasica de la d\u00e9cada de los 80s 90s y 00s, siendo as\u00ed el club del retro m\u00e1s lindo de Mendoza.<\/p>\n<p>En el a\u00f1o 2018 y durante 6 a\u00f1os consecutivos hasta la actualidad, decidimos crear un club donde se baile libre de prejuicios, sin importar la orientaci\u00f3n sexual y mucho menos la vestimenta de nadie, porque lo que importa son los mementos \u00e9picos que brinda tu felicidad.<\/p>\n<p>Junto a nuestros djs residentes que cuentan con una trayectoria de m\u00e1s de 10 a\u00f1os Gav &amp; Lucca se apoderan de la pista del club para hacerlos retroceder en el tiempo con sus jugosos estilos que van desde pop, electro, rock, latinos, dance, funk, soul, new wave, hip hop entre otros estilos.<\/p>\n<p>Tus sentidos y vista ser\u00e1n dominadas por las visuales de nuestro VJ residente Andy que nos da su cuota de nostalgia y suspiros en cada visual.<\/p>\n<p>De esta manera y con este grupo fuimos sonando en muchos lugares de nuestra hermosa provincia:\u00a0Club Sirio temporada 2016, Club Israelita temporada 2017, Estudio N8 temporada 2018, Suburbia &amp; Foxy Live Bar temporada 2019, Pimienta Rosa &amp; Finca la Octavia temporada 2021, Festival Tarantino &amp; Umbrella temporada 2022, Chicharr\u00f3n festival &amp; Flor de Feria temporada 2023 y Cultural Aurora temporada 2023.<\/p>\n<p>&nbsp;<\/p>\n<h4>Palabras de lxs organizadorxs<\/h4>\n<p>&nbsp;<\/p>\n<p><em>\u00abCumplimos 6 a\u00f1os hace un mes, pero por cosas que pasan no pudo ser, es por eso que queremos festejarlo con un encuentro como nunca antes lo hemos vivido, ya que el Show debe continuar, estamos seguro que ser\u00e1 la Cassette m\u00e1s grande de todos los tiempos y queremos que seas parte.<\/em><\/p>\n<p><em>La Reina del Color, lahilton, ser\u00e1 la encargada junto a Andrea Rocio Santosbrujos de brindar cari\u00f1o y amor a tu pelo antes de darlo todo en la pista.\u00a0<\/em><\/p>\n<p><em>El infierno lo llevar\u00e1 adelante el CineClub Stocco que junto a Festival Rojo sangre le dar\u00e1n el terror que tu cuerpo necesita.<\/em><\/p>\n<p><em>La m\u00fasica ser\u00e1 responsabilidad de Alyson Rodegueiro con un warm up a puro ElectroRetroPop y nuestros Djs residentes Gav &amp; Lucca con los Hits m\u00e1s cassetteros de todas las \u00e9pocas y para todos los gustos.<\/em><\/p>\n<p><em>Las visuales que van a ingresar por tu retina ser\u00e1n de Andy\u00bb.<\/em><\/p>\n","protected":false},"excerpt":{"rendered":"<p>S\u00e1bado 15 de julio, a las 23 hs. en el Cultural Aurora (Ozamis Sur 75,<\/p>\n","protected":false},"author":1,"featured_media":14772,"comment_status":"closed","ping_status":"closed","sticky":false,"template":"","format":"standard","meta":{"_jetpack_memberships_contains_paid_content":false,"footnotes":"","jetpack_publicize_message":"","jetpack_publicize_feature_enabled":true,"jetpack_social_post_already_shared":true,"jetpack_social_options":{"image_generator_settings":{"template":"highway","default_image_id":0,"font":"","enabled":false},"version":2}},"categories":[2],"tags":[],"class_list":["post-14771","post","type-post","status-publish","format-standard","has-post-thumbnail","hentry","category-musica"],"yoast_head":"<!-- This site is optimized with the Yoast SEO plugin v27.5 - https:\/\/yoast.com\/product\/yoast-seo-wordpress\/ -->\n<title>Cassette Aniversario #6: The Show Must Go On - Tal Como Soy<\/title>\n<meta name=\"robots\" content=\"index, follow, max-snippet:-1, max-image-preview:large, max-video-preview:-1\" \/>\n<link rel=\"canonical\" href=\"https:\/\/talcomosoy.com.ar\/index.php\/cassette-aniversario-6-the-show-must-go-on\/\" \/>\n<meta property=\"og:locale\" content=\"es_ES\" \/>\n<meta property=\"og:type\" content=\"article\" \/>\n<meta property=\"og:title\" content=\"Cassette Aniversario #6: The Show Must Go On - Tal Como Soy\" \/>\n<meta property=\"og:description\" content=\"S\u00e1bado 15 de julio, a las 23 hs. en el Cultural Aurora (Ozamis Sur 75,\" \/>\n<meta property=\"og:url\" content=\"https:\/\/talcomosoy.com.ar\/index.php\/cassette-aniversario-6-the-show-must-go-on\/\" \/>\n<meta property=\"og:site_name\" content=\"Tal Como Soy\" \/>\n<meta property=\"article:publisher\" content=\"https:\/\/www.facebook.com\/talcomosoyok\" \/>\n<meta property=\"article:author\" content=\"https:\/\/www.facebook.com\/sindamiranda\" \/>\n<meta property=\"article:published_time\" content=\"2023-06-27T16:07:30+00:00\" \/>\n<meta property=\"og:image\" content=\"https:\/\/i0.wp.com\/talcomosoy.com.ar\/wp-content\/uploads\/2023\/06\/IMG-20230627-WA0004.jpg?fit=1376%2C872&ssl=1\" \/>\n\t<meta property=\"og:image:width\" content=\"1376\" \/>\n\t<meta property=\"og:image:height\" content=\"872\" \/>\n\t<meta property=\"og:image:type\" content=\"image\/jpeg\" \/>\n<meta name=\"author\" content=\"Sinda Miranda\" \/>\n<meta name=\"twitter:card\" content=\"summary_large_image\" \/>\n<meta name=\"twitter:creator\" content=\"@sindamiranda\" \/>\n<meta name=\"twitter:site\" content=\"@talcomosoyok\" \/>\n<meta name=\"twitter:label1\" content=\"Escrito por\" \/>\n\t<meta name=\"twitter:data1\" content=\"Sinda Miranda\" \/>\n\t<meta name=\"twitter:label2\" content=\"Tiempo de lectura\" \/>\n\t<meta name=\"twitter:data2\" content=\"2 minutos\" \/>\n<script type=\"application\/ld+json\" class=\"yoast-schema-graph\">{\"@context\":\"https:\\\/\\\/schema.org\",\"@graph\":[{\"@type\":\"Article\",\"@id\":\"https:\\\/\\\/talcomosoy.com.ar\\\/index.php\\\/cassette-aniversario-6-the-show-must-go-on\\\/#article\",\"isPartOf\":{\"@id\":\"https:\\\/\\\/talcomosoy.com.ar\\\/index.php\\\/cassette-aniversario-6-the-show-must-go-on\\\/\"},\"author\":{\"name\":\"Sinda Miranda\",\"@id\":\"https:\\\/\\\/talcomosoy.com.ar\\\/#\\\/schema\\\/person\\\/496b3561bd436afcf2be92147ff855c9\"},\"headline\":\"Cassette Aniversario #6: The Show Must Go On\",\"datePublished\":\"2023-06-27T16:07:30+00:00\",\"mainEntityOfPage\":{\"@id\":\"https:\\\/\\\/talcomosoy.com.ar\\\/index.php\\\/cassette-aniversario-6-the-show-must-go-on\\\/\"},\"wordCount\":402,\"publisher\":{\"@id\":\"https:\\\/\\\/talcomosoy.com.ar\\\/#organization\"},\"image\":{\"@id\":\"https:\\\/\\\/talcomosoy.com.ar\\\/index.php\\\/cassette-aniversario-6-the-show-must-go-on\\\/#primaryimage\"},\"thumbnailUrl\":\"https:\\\/\\\/i0.wp.com\\\/talcomosoy.com.ar\\\/wp-content\\\/uploads\\\/2023\\\/06\\\/IMG-20230627-WA0004.jpg?fit=1376%2C872&ssl=1\",\"articleSection\":[\"M\u00fasica\"],\"inLanguage\":\"es\"},{\"@type\":\"WebPage\",\"@id\":\"https:\\\/\\\/talcomosoy.com.ar\\\/index.php\\\/cassette-aniversario-6-the-show-must-go-on\\\/\",\"url\":\"https:\\\/\\\/talcomosoy.com.ar\\\/index.php\\\/cassette-aniversario-6-the-show-must-go-on\\\/\",\"name\":\"Cassette Aniversario #6: The Show Must Go On - Tal Como Soy\",\"isPartOf\":{\"@id\":\"https:\\\/\\\/talcomosoy.com.ar\\\/#website\"},\"primaryImageOfPage\":{\"@id\":\"https:\\\/\\\/talcomosoy.com.ar\\\/index.php\\\/cassette-aniversario-6-the-show-must-go-on\\\/#primaryimage\"},\"image\":{\"@id\":\"https:\\\/\\\/talcomosoy.com.ar\\\/index.php\\\/cassette-aniversario-6-the-show-must-go-on\\\/#primaryimage\"},\"thumbnailUrl\":\"https:\\\/\\\/i0.wp.com\\\/talcomosoy.com.ar\\\/wp-content\\\/uploads\\\/2023\\\/06\\\/IMG-20230627-WA0004.jpg?fit=1376%2C872&ssl=1\",\"datePublished\":\"2023-06-27T16:07:30+00:00\",\"inLanguage\":\"es\",\"potentialAction\":[{\"@type\":\"ReadAction\",\"target\":[\"https:\\\/\\\/talcomosoy.com.ar\\\/index.php\\\/cassette-aniversario-6-the-show-must-go-on\\\/\"]}]},{\"@type\":\"ImageObject\",\"inLanguage\":\"es\",\"@id\":\"https:\\\/\\\/talcomosoy.com.ar\\\/index.php\\\/cassette-aniversario-6-the-show-must-go-on\\\/#primaryimage\",\"url\":\"https:\\\/\\\/i0.wp.com\\\/talcomosoy.com.ar\\\/wp-content\\\/uploads\\\/2023\\\/06\\\/IMG-20230627-WA0004.jpg?fit=1376%2C872&ssl=1\",\"contentUrl\":\"https:\\\/\\\/i0.wp.com\\\/talcomosoy.com.ar\\\/wp-content\\\/uploads\\\/2023\\\/06\\\/IMG-20230627-WA0004.jpg?fit=1376%2C872&ssl=1\",\"width\":1376,\"height\":872},{\"@type\":\"WebSite\",\"@id\":\"https:\\\/\\\/talcomosoy.com.ar\\\/#website\",\"url\":\"https:\\\/\\\/talcomosoy.com.ar\\\/\",\"name\":\"Tal Como Soy\",\"description\":\"Magazine Musical Digital\",\"publisher\":{\"@id\":\"https:\\\/\\\/talcomosoy.com.ar\\\/#organization\"},\"potentialAction\":[{\"@type\":\"SearchAction\",\"target\":{\"@type\":\"EntryPoint\",\"urlTemplate\":\"https:\\\/\\\/talcomosoy.com.ar\\\/?s={search_term_string}\"},\"query-input\":{\"@type\":\"PropertyValueSpecification\",\"valueRequired\":true,\"valueName\":\"search_term_string\"}}],\"inLanguage\":\"es\"},{\"@type\":\"Organization\",\"@id\":\"https:\\\/\\\/talcomosoy.com.ar\\\/#organization\",\"name\":\"Tal Como Soy\",\"url\":\"https:\\\/\\\/talcomosoy.com.ar\\\/\",\"logo\":{\"@type\":\"ImageObject\",\"inLanguage\":\"es\",\"@id\":\"https:\\\/\\\/talcomosoy.com.ar\\\/#\\\/schema\\\/logo\\\/image\\\/\",\"url\":\"https:\\\/\\\/i0.wp.com\\\/talcomosoy.com.ar\\\/wp-content\\\/uploads\\\/2020\\\/02\\\/PUA-2020-TRANSPARENTE.png?fit=570%2C382&ssl=1\",\"contentUrl\":\"https:\\\/\\\/i0.wp.com\\\/talcomosoy.com.ar\\\/wp-content\\\/uploads\\\/2020\\\/02\\\/PUA-2020-TRANSPARENTE.png?fit=570%2C382&ssl=1\",\"width\":570,\"height\":382,\"caption\":\"Tal Como Soy\"},\"image\":{\"@id\":\"https:\\\/\\\/talcomosoy.com.ar\\\/#\\\/schema\\\/logo\\\/image\\\/\"},\"sameAs\":[\"https:\\\/\\\/www.facebook.com\\\/talcomosoyok\",\"https:\\\/\\\/x.com\\\/talcomosoyok\",\"https:\\\/\\\/www.instagram.com\\\/talcomosoyok\",\"https:\\\/\\\/www.youtube.com\\\/channel\\\/UCrutZzYQmd9Fe8pEm5wqsiw\"]},{\"@type\":\"Person\",\"@id\":\"https:\\\/\\\/talcomosoy.com.ar\\\/#\\\/schema\\\/person\\\/496b3561bd436afcf2be92147ff855c9\",\"name\":\"Sinda Miranda\",\"image\":{\"@type\":\"ImageObject\",\"inLanguage\":\"es\",\"@id\":\"https:\\\/\\\/secure.gravatar.com\\\/avatar\\\/ab0e992fc0b7117fe730d00fb0e44073b1fd6e28d69de8e7ac3103f1396f445e?s=96&d=mm&r=g\",\"url\":\"https:\\\/\\\/secure.gravatar.com\\\/avatar\\\/ab0e992fc0b7117fe730d00fb0e44073b1fd6e28d69de8e7ac3103f1396f445e?s=96&d=mm&r=g\",\"contentUrl\":\"https:\\\/\\\/secure.gravatar.com\\\/avatar\\\/ab0e992fc0b7117fe730d00fb0e44073b1fd6e28d69de8e7ac3103f1396f445e?s=96&d=mm&r=g\",\"caption\":\"Sinda Miranda\"},\"description\":\"Escritora, Fot\u00f3grafa, Agente de Prensa\",\"sameAs\":[\"https:\\\/\\\/www.facebook.com\\\/sindamiranda\",\"https:\\\/\\\/www.instagram.com\\\/sindamiranda\",\"https:\\\/\\\/x.com\\\/sindamiranda\"],\"url\":\"https:\\\/\\\/talcomosoy.com.ar\\\/index.php\\\/author\\\/sindamirandatcs\\\/\"}]}<\/script>\n<!-- \/ Yoast SEO plugin. -->","yoast_head_json":{"title":"Cassette Aniversario #6: The Show Must Go On - Tal Como Soy","robots":{"index":"index","follow":"follow","max-snippet":"max-snippet:-1","max-image-preview":"max-image-preview:large","max-video-preview":"max-video-preview:-1"},"canonical":"https:\/\/talcomosoy.com.ar\/index.php\/cassette-aniversario-6-the-show-must-go-on\/","og_locale":"es_ES","og_type":"article","og_title":"Cassette Aniversario #6: The Show Must Go On - Tal Como Soy","og_description":"S\u00e1bado 15 de julio, a las 23 hs. en el Cultural Aurora (Ozamis Sur 75,","og_url":"https:\/\/talcomosoy.com.ar\/index.php\/cassette-aniversario-6-the-show-must-go-on\/","og_site_name":"Tal Como Soy","article_publisher":"https:\/\/www.facebook.com\/talcomosoyok","article_author":"https:\/\/www.facebook.com\/sindamiranda","article_published_time":"2023-06-27T16:07:30+00:00","og_image":[{"width":1376,"height":872,"url":"https:\/\/i0.wp.com\/talcomosoy.com.ar\/wp-content\/uploads\/2023\/06\/IMG-20230627-WA0004.jpg?fit=1376%2C872&ssl=1","type":"image\/jpeg"}],"author":"Sinda Miranda","twitter_card":"summary_large_image","twitter_creator":"@sindamiranda","twitter_site":"@talcomosoyok","twitter_misc":{"Escrito por":"Sinda Miranda","Tiempo de lectura":"2 minutos"},"schema":{"@context":"https:\/\/schema.org","@graph":[{"@type":"Article","@id":"https:\/\/talcomosoy.com.ar\/index.php\/cassette-aniversario-6-the-show-must-go-on\/#article","isPartOf":{"@id":"https:\/\/talcomosoy.com.ar\/index.php\/cassette-aniversario-6-the-show-must-go-on\/"},"author":{"name":"Sinda Miranda","@id":"https:\/\/talcomosoy.com.ar\/#\/schema\/person\/496b3561bd436afcf2be92147ff855c9"},"headline":"Cassette Aniversario #6: The Show Must Go On","datePublished":"2023-06-27T16:07:30+00:00","mainEntityOfPage":{"@id":"https:\/\/talcomosoy.com.ar\/index.php\/cassette-aniversario-6-the-show-must-go-on\/"},"wordCount":402,"publisher":{"@id":"https:\/\/talcomosoy.com.ar\/#organization"},"image":{"@id":"https:\/\/talcomosoy.com.ar\/index.php\/cassette-aniversario-6-the-show-must-go-on\/#primaryimage"},"thumbnailUrl":"https:\/\/i0.wp.com\/talcomosoy.com.ar\/wp-content\/uploads\/2023\/06\/IMG-20230627-WA0004.jpg?fit=1376%2C872&ssl=1","articleSection":["M\u00fasica"],"inLanguage":"es"},{"@type":"WebPage","@id":"https:\/\/talcomosoy.com.ar\/index.php\/cassette-aniversario-6-the-show-must-go-on\/","url":"https:\/\/talcomosoy.com.ar\/index.php\/cassette-aniversario-6-the-show-must-go-on\/","name":"Cassette Aniversario #6: The Show Must Go On - Tal Como Soy","isPartOf":{"@id":"https:\/\/talcomosoy.com.ar\/#website"},"primaryImageOfPage":{"@id":"https:\/\/talcomosoy.com.ar\/index.php\/cassette-aniversario-6-the-show-must-go-on\/#primaryimage"},"image":{"@id":"https:\/\/talcomosoy.com.ar\/index.php\/cassette-aniversario-6-the-show-must-go-on\/#primaryimage"},"thumbnailUrl":"https:\/\/i0.wp.com\/talcomosoy.com.ar\/wp-content\/uploads\/2023\/06\/IMG-20230627-WA0004.jpg?fit=1376%2C872&ssl=1","datePublished":"2023-06-27T16:07:30+00:00","inLanguage":"es","potentialAction":[{"@type":"ReadAction","target":["https:\/\/talcomosoy.com.ar\/index.php\/cassette-aniversario-6-the-show-must-go-on\/"]}]},{"@type":"ImageObject","inLanguage":"es","@id":"https:\/\/talcomosoy.com.ar\/index.php\/cassette-aniversario-6-the-show-must-go-on\/#primaryimage","url":"https:\/\/i0.wp.com\/talcomosoy.com.ar\/wp-content\/uploads\/2023\/06\/IMG-20230627-WA0004.jpg?fit=1376%2C872&ssl=1","contentUrl":"https:\/\/i0.wp.com\/talcomosoy.com.ar\/wp-content\/uploads\/2023\/06\/IMG-20230627-WA0004.jpg?fit=1376%2C872&ssl=1","width":1376,"height":872},{"@type":"WebSite","@id":"https:\/\/talcomosoy.com.ar\/#website","url":"https:\/\/talcomosoy.com.ar\/","name":"Tal Como Soy","description":"Magazine Musical Digital","publisher":{"@id":"https:\/\/talcomosoy.com.ar\/#organization"},"potentialAction":[{"@type":"SearchAction","target":{"@type":"EntryPoint","urlTemplate":"https:\/\/talcomosoy.com.ar\/?s={search_term_string}"},"query-input":{"@type":"PropertyValueSpecification","valueRequired":true,"valueName":"search_term_string"}}],"inLanguage":"es"},{"@type":"Organization","@id":"https:\/\/talcomosoy.com.ar\/#organization","name":"Tal Como Soy","url":"https:\/\/talcomosoy.com.ar\/","logo":{"@type":"ImageObject","inLanguage":"es","@id":"https:\/\/talcomosoy.com.ar\/#\/schema\/logo\/image\/","url":"https:\/\/i0.wp.com\/talcomosoy.com.ar\/wp-content\/uploads\/2020\/02\/PUA-2020-TRANSPARENTE.png?fit=570%2C382&ssl=1","contentUrl":"https:\/\/i0.wp.com\/talcomosoy.com.ar\/wp-content\/uploads\/2020\/02\/PUA-2020-TRANSPARENTE.png?fit=570%2C382&ssl=1","width":570,"height":382,"caption":"Tal Como Soy"},"image":{"@id":"https:\/\/talcomosoy.com.ar\/#\/schema\/logo\/image\/"},"sameAs":["https:\/\/www.facebook.com\/talcomosoyok","https:\/\/x.com\/talcomosoyok","https:\/\/www.instagram.com\/talcomosoyok","https:\/\/www.youtube.com\/channel\/UCrutZzYQmd9Fe8pEm5wqsiw"]},{"@type":"Person","@id":"https:\/\/talcomosoy.com.ar\/#\/schema\/person\/496b3561bd436afcf2be92147ff855c9","name":"Sinda Miranda","image":{"@type":"ImageObject","inLanguage":"es","@id":"https:\/\/secure.gravatar.com\/avatar\/ab0e992fc0b7117fe730d00fb0e44073b1fd6e28d69de8e7ac3103f1396f445e?s=96&d=mm&r=g","url":"https:\/\/secure.gravatar.com\/avatar\/ab0e992fc0b7117fe730d00fb0e44073b1fd6e28d69de8e7ac3103f1396f445e?s=96&d=mm&r=g","contentUrl":"https:\/\/secure.gravatar.com\/avatar\/ab0e992fc0b7117fe730d00fb0e44073b1fd6e28d69de8e7ac3103f1396f445e?s=96&d=mm&r=g","caption":"Sinda Miranda"},"description":"Escritora, Fot\u00f3grafa, Agente de Prensa","sameAs":["https:\/\/www.facebook.com\/sindamiranda","https:\/\/www.instagram.com\/sindamiranda","https:\/\/x.com\/sindamiranda"],"url":"https:\/\/talcomosoy.com.ar\/index.php\/author\/sindamirandatcs\/"}]}},"jetpack_publicize_connections":[],"jetpack_featured_media_url":"https:\/\/i0.wp.com\/talcomosoy.com.ar\/wp-content\/uploads\/2023\/06\/IMG-20230627-WA0004.jpg?fit=1376%2C872&ssl=1","jetpack_sharing_enabled":true,"jetpack_likes_enabled":true,"_links":{"self":[{"href":"https:\/\/talcomosoy.com.ar\/index.php\/wp-json\/wp\/v2\/posts\/14771","targetHints":{"allow":["GET"]}}],"collection":[{"href":"https:\/\/talcomosoy.com.ar\/index.php\/wp-json\/wp\/v2\/posts"}],"about":[{"href":"https:\/\/talcomosoy.com.ar\/index.php\/wp-json\/wp\/v2\/types\/post"}],"author":[{"embeddable":true,"href":"https:\/\/talcomosoy.com.ar\/index.php\/wp-json\/wp\/v2\/users\/1"}],"replies":[{"embeddable":true,"href":"https:\/\/talcomosoy.com.ar\/index.php\/wp-json\/wp\/v2\/comments?post=14771"}],"version-history":[{"count":1,"href":"https:\/\/talcomosoy.com.ar\/index.php\/wp-json\/wp\/v2\/posts\/14771\/revisions"}],"predecessor-version":[{"id":14773,"href":"https:\/\/talcomosoy.com.ar\/index.php\/wp-json\/wp\/v2\/posts\/14771\/revisions\/14773"}],"wp:featuredmedia":[{"embeddable":true,"href":"https:\/\/talcomosoy.com.ar\/index.php\/wp-json\/wp\/v2\/media\/14772"}],"wp:attachment":[{"href":"https:\/\/talcomosoy.com.ar\/index.php\/wp-json\/wp\/v2\/media?parent=14771"}],"wp:term":[{"taxonomy":"category","embeddable":true,"href":"https:\/\/talcomosoy.com.ar\/index.php\/wp-json\/wp\/v2\/categories?post=14771"},{"taxonomy":"post_tag","embeddable":true,"href":"https:\/\/talcomosoy.com.ar\/index.php\/wp-json\/wp\/v2\/tags?post=14771"}],"curies":[{"name":"wp","href":"https:\/\/api.w.org\/{rel}","templated":true}]}}