{"id":14752,"date":"2023-06-22T10:58:46","date_gmt":"2023-06-22T13:58:46","guid":{"rendered":"https:\/\/talcomosoy.com.ar\/?p=14752"},"modified":"2023-06-22T11:02:02","modified_gmt":"2023-06-22T14:02:02","slug":"julian-albarracin-de-musico-a-productor-abriendo-escenarios-para-la-musica-en-vivo","status":"publish","type":"post","link":"https:\/\/talcomosoy.com.ar\/index.php\/julian-albarracin-de-musico-a-productor-abriendo-escenarios-para-la-musica-en-vivo\/","title":{"rendered":"Juli\u00e1n Albarrac\u00edn: De m\u00fasico a productor, abriendo escenarios para la m\u00fasica en vivo"},"content":{"rendered":"<h3>Su pasi\u00f3n siempre ha sido la m\u00fasica. Ha formado parte de bandas de rock y ha trabajado como productor en eventos. Su esp\u00edritu aventurero lo ha llevado a recorrer el mundo, pero nunca ha dejado de trabajar desde su ciudad natal, Mendoza, convirti\u00e9ndose en uno de los productores m\u00e1s destacados, abriendo nuevos lugares para presentaciones en vivo.<\/h3>\n<p>&nbsp;<\/p>\n<p>Mendoza es cuna de grandes artistas y de trabajadores incansables del mundo de la cultura. La lista de nombres es inmensa y da orgullo. Y d\u00eda a d\u00eda se va aumentando. As\u00ed, hoy vamos a presentar a uno de los experimentados hombres que tiene la producci\u00f3n art\u00edstica y musical de nuestra provincia, tal como lo es<strong> Juli\u00e1n Albarrac\u00edn<\/strong>.\u00a0<em>\u201cEl trabajo como productor en mi vida lleg\u00f3, te dir\u00eda, casi sin darme cuenta. Desde los 18 o 20 a\u00f1os que me dedico a la m\u00fasica, a veces jugando el rol de m\u00fasico, y otras veces haciendo de organizador de nuestros propios eventos, como era antes. Eso me hizo amar un poco a la noche, los negocios, los bares, los boliches\u201d<\/em> destaca <strong>Juli\u00e1n<\/strong> en el inicio de la charla.<\/p>\n<p>&nbsp;<\/p>\n<h4><img data-recalc-dims=\"1\" loading=\"lazy\" decoding=\"async\" class=\"alignright size-medium wp-image-14754\" src=\"https:\/\/i0.wp.com\/talcomosoy.com.ar\/wp-content\/uploads\/2023\/06\/foto-julian.jpeg?resize=300%2C300&#038;ssl=1\" alt=\"\" width=\"300\" height=\"300\" srcset=\"https:\/\/i0.wp.com\/talcomosoy.com.ar\/wp-content\/uploads\/2023\/06\/foto-julian.jpeg?resize=300%2C300&amp;ssl=1 300w, https:\/\/i0.wp.com\/talcomosoy.com.ar\/wp-content\/uploads\/2023\/06\/foto-julian.jpeg?resize=150%2C150&amp;ssl=1 150w, https:\/\/i0.wp.com\/talcomosoy.com.ar\/wp-content\/uploads\/2023\/06\/foto-julian.jpeg?resize=50%2C50&amp;ssl=1 50w, https:\/\/i0.wp.com\/talcomosoy.com.ar\/wp-content\/uploads\/2023\/06\/foto-julian.jpeg?w=640&amp;ssl=1 640w\" sizes=\"auto, (max-width: 300px) 100vw, 300px\" \/>Inicios musicales<\/h4>\n<p><em>\u201cEmpec\u00e9 produciendo mi propia banda, que se llamaba <strong>Cal\u00edgula<\/strong>, que era una banda de covers que tuvimos durante casi 10 a\u00f1os. Fue muy exitosa y toc\u00e1bamos much\u00edsimo. Fue mi sustento durante toda esa \u00e9poca. Hac\u00edamos eventos privados, boliches, viaj\u00e1bamos bastante. La verdad que fue una experiencia muy buena\u201d<\/em> relata <strong>Albarrac\u00edn<\/strong>. Y agrega: <em>\u201cDespu\u00e9s logr\u00e9 abrir mi primera discoteca, mi primer boliche, que termin\u00f3 siendo una cadena de discotecas durante varios a\u00f1os tambi\u00e9n. Y ah\u00ed tambi\u00e9n tuve que utilizar un poco los conocimientos de producci\u00f3n, porque fue contratar bandas, hacer los shows y tener todo muy aceitado. Todos los fines de semana hab\u00eda shows en los <\/em><em>diferentes boliches. Llegamos a tener cinco boliches andando a la vez. Y fue precisamente ah\u00ed, en esa \u00e9poca donde apareci\u00f3 la necesidad de conocer m\u00e1s de la producci\u00f3n t\u00e9cnica\u201d.<\/em><\/p>\n<p>La realidad iba cambiando y <strong>Juli\u00e1n Albarrac\u00edn<\/strong> avizor\u00f3 que el show business iba a tener un desarrollo importante en la regi\u00f3n y fue por eso que intensific\u00f3 su tarea profesional:<em> \u201cViaj\u00e9 a Buenos Aires, me capacit\u00e9 y pude empezar a trabajar en producciones en Buenos Aires, Chile y por supuesto en Mendoza. Trabajamos para distintos <strong>eventos de rock<\/strong> y de <strong>Disney<\/strong> hasta que sali\u00f3 la posibilidad de cruzar la cordillera y llevar nuestra tarea a Chile. Ah\u00ed pudimos hacer, entre otras cosas, <strong>Ricky Martin Sinf\u00f3nico<\/strong> en la Quinta Vergara. Tambi\u00e9n hicimos una <strong>Creamfield<\/strong> y otra fiesta electr\u00f3nica de grand\u00edsimo nivel en el <strong>Espacio Riesco<\/strong>\u201d<\/em>.<\/p>\n<p>&nbsp;<\/p>\n<h4>Una pasi\u00f3n<\/h4>\n<figure id=\"attachment_14755\" aria-describedby=\"caption-attachment-14755\" style=\"width: 300px\" class=\"wp-caption alignleft\"><img data-recalc-dims=\"1\" loading=\"lazy\" decoding=\"async\" class=\"size-medium wp-image-14755\" src=\"https:\/\/i0.wp.com\/talcomosoy.com.ar\/wp-content\/uploads\/2023\/06\/La-Fora-PH-1.jpeg?resize=300%2C300&#038;ssl=1\" alt=\"\" width=\"300\" height=\"300\" srcset=\"https:\/\/i0.wp.com\/talcomosoy.com.ar\/wp-content\/uploads\/2023\/06\/La-Fora-PH-1.jpeg?resize=300%2C300&amp;ssl=1 300w, https:\/\/i0.wp.com\/talcomosoy.com.ar\/wp-content\/uploads\/2023\/06\/La-Fora-PH-1.jpeg?resize=1024%2C1024&amp;ssl=1 1024w, https:\/\/i0.wp.com\/talcomosoy.com.ar\/wp-content\/uploads\/2023\/06\/La-Fora-PH-1.jpeg?resize=150%2C150&amp;ssl=1 150w, https:\/\/i0.wp.com\/talcomosoy.com.ar\/wp-content\/uploads\/2023\/06\/La-Fora-PH-1.jpeg?resize=768%2C768&amp;ssl=1 768w, https:\/\/i0.wp.com\/talcomosoy.com.ar\/wp-content\/uploads\/2023\/06\/La-Fora-PH-1.jpeg?resize=1536%2C1536&amp;ssl=1 1536w, https:\/\/i0.wp.com\/talcomosoy.com.ar\/wp-content\/uploads\/2023\/06\/La-Fora-PH-1.jpeg?resize=50%2C50&amp;ssl=1 50w, https:\/\/i0.wp.com\/talcomosoy.com.ar\/wp-content\/uploads\/2023\/06\/La-Fora-PH-1.jpeg?w=1600&amp;ssl=1 1600w, https:\/\/i0.wp.com\/talcomosoy.com.ar\/wp-content\/uploads\/2023\/06\/La-Fora-PH-1.jpeg?w=1280&amp;ssl=1 1280w\" sizes=\"auto, (max-width: 300px) 100vw, 300px\" \/><figcaption id=\"caption-attachment-14755\" class=\"wp-caption-text\">La For\u00e1<\/figcaption><\/figure>\n<p>La producci\u00f3n t\u00e9cnica hizo que <strong>Juli\u00e1n Albarrac\u00edn<\/strong> se metiera de lleno en ese espacio y tambi\u00e9n tuvo participaci\u00f3n en diferentes eventos que se realizaron en Mendoza, su lugar de origen: <em>\u201cTrabaj\u00e9 con la Asociaci\u00f3n Mendocina de Artes Esc\u00e9nicas (AMAE) siendo productor t\u00e9cnico \u2018<strong>Noche de Luz y el Fuego<\/strong><\/em>\u2019, uno de los eventos m\u00e1s importantes que se realiz\u00f3 en el municipio de Guaymall\u00e9n\u201d. Y agreg\u00f3: <em>\u201cTambi\u00e9n pude participar en un evento muy importante como lo es el <strong>Wine Rock<\/strong>, que hace la bodega Monteviejo. Ah\u00ed fui encargado de la parte t\u00e9cnica, de stages managers y Hospitalidad. Hicimos el \u00faltimo show de <strong>Los Enanitos Verdes<\/strong> con la presencia de <strong>Marciano Cantero<\/strong>, y ese es un recuerdo imborrable para m\u00ed\u201d.<\/em><\/p>\n<p>Y, como de Mendoza se trata, siempre hay que llevar talento a la fiesta m\u00e1s grande de la provincia, que es la Vendimia:<em> \u201cHe trabajado en varias Vendimias de Guaymall\u00e9n y tambi\u00e9n en Las Heras. Adem\u00e1s, fui funcionario de la Municipalidad de Las Heras. Ocup\u00e9 el cargo de coordinador de producci\u00f3n de eventos\u201d.<\/em><\/p>\n<p>&nbsp;<\/p>\n<h4>El desaf\u00edo<\/h4>\n<p><strong>Juli\u00e1n Albarrac\u00edn<\/strong> tiene una hoja de ruta importante y eso lo entusiasma para lo que se viene. <em>\u201cTras la pandemia, Argentina vuelve a ser punto obligado de recepci\u00f3n de giras internacionales y se debe a varios motivos. El primero es el p\u00fablico afectivo y abrasador que apoya de manera inmediata a sus \u00eddolos. Y segundo es porque hay un alt\u00edsimo nivel t\u00e9cnico, con personas capacitadas y con experiencia a nivel mundial. Eso tambi\u00e9n permite <\/em><em>que el t\u00e9cnico argentino sea considerado muy \u00fatil en cualquier parte del mundo\u00bb.<\/em><\/p>\n","protected":false},"excerpt":{"rendered":"<p>Su pasi\u00f3n siempre ha sido la m\u00fasica. Ha formado parte de bandas de rock y<\/p>\n","protected":false},"author":1,"featured_media":14753,"comment_status":"closed","ping_status":"closed","sticky":false,"template":"","format":"standard","meta":{"_jetpack_memberships_contains_paid_content":false,"footnotes":"","jetpack_publicize_message":"","jetpack_publicize_feature_enabled":true,"jetpack_social_post_already_shared":true,"jetpack_social_options":{"image_generator_settings":{"template":"highway","default_image_id":0,"font":"","enabled":false},"version":2}},"categories":[274,2,79],"tags":[],"class_list":["post-14752","post","type-post","status-publish","format-standard","has-post-thumbnail","hentry","category-entrevistas","category-musica","category-rock-mendocino"],"yoast_head":"<!-- This site is optimized with the Yoast SEO plugin v27.5 - https:\/\/yoast.com\/product\/yoast-seo-wordpress\/ -->\n<title>Juli\u00e1n Albarrac\u00edn: De m\u00fasico a productor, abriendo escenarios para la m\u00fasica en vivo - Tal Como Soy<\/title>\n<meta name=\"robots\" content=\"index, follow, max-snippet:-1, max-image-preview:large, max-video-preview:-1\" \/>\n<link rel=\"canonical\" href=\"https:\/\/talcomosoy.com.ar\/index.php\/julian-albarracin-de-musico-a-productor-abriendo-escenarios-para-la-musica-en-vivo\/\" \/>\n<meta property=\"og:locale\" content=\"es_ES\" \/>\n<meta property=\"og:type\" content=\"article\" \/>\n<meta property=\"og:title\" content=\"Juli\u00e1n Albarrac\u00edn: De m\u00fasico a productor, abriendo escenarios para la m\u00fasica en vivo - Tal Como Soy\" \/>\n<meta property=\"og:description\" content=\"Su pasi\u00f3n siempre ha sido la m\u00fasica. Ha formado parte de bandas de rock y\" \/>\n<meta property=\"og:url\" content=\"https:\/\/talcomosoy.com.ar\/index.php\/julian-albarracin-de-musico-a-productor-abriendo-escenarios-para-la-musica-en-vivo\/\" \/>\n<meta property=\"og:site_name\" content=\"Tal Como Soy\" \/>\n<meta property=\"article:publisher\" content=\"https:\/\/www.facebook.com\/talcomosoyok\" \/>\n<meta property=\"article:author\" content=\"https:\/\/www.facebook.com\/sindamiranda\" \/>\n<meta property=\"article:published_time\" content=\"2023-06-22T13:58:46+00:00\" \/>\n<meta property=\"article:modified_time\" content=\"2023-06-22T14:02:02+00:00\" \/>\n<meta property=\"og:image\" content=\"https:\/\/i0.wp.com\/talcomosoy.com.ar\/wp-content\/uploads\/2023\/06\/306100732_189866216816561_2613540670656602890_n.jpg?fit=1032%2C774&ssl=1\" \/>\n\t<meta property=\"og:image:width\" content=\"1032\" \/>\n\t<meta property=\"og:image:height\" content=\"774\" \/>\n\t<meta property=\"og:image:type\" content=\"image\/jpeg\" \/>\n<meta name=\"author\" content=\"Sinda Miranda\" \/>\n<meta name=\"twitter:card\" content=\"summary_large_image\" \/>\n<meta name=\"twitter:creator\" content=\"@sindamiranda\" \/>\n<meta name=\"twitter:site\" content=\"@talcomosoyok\" \/>\n<meta name=\"twitter:label1\" content=\"Escrito por\" \/>\n\t<meta name=\"twitter:data1\" content=\"Sinda Miranda\" \/>\n\t<meta name=\"twitter:label2\" content=\"Tiempo de lectura\" \/>\n\t<meta name=\"twitter:data2\" content=\"4 minutos\" \/>\n<script type=\"application\/ld+json\" class=\"yoast-schema-graph\">{\"@context\":\"https:\\\/\\\/schema.org\",\"@graph\":[{\"@type\":\"Article\",\"@id\":\"https:\\\/\\\/talcomosoy.com.ar\\\/index.php\\\/julian-albarracin-de-musico-a-productor-abriendo-escenarios-para-la-musica-en-vivo\\\/#article\",\"isPartOf\":{\"@id\":\"https:\\\/\\\/talcomosoy.com.ar\\\/index.php\\\/julian-albarracin-de-musico-a-productor-abriendo-escenarios-para-la-musica-en-vivo\\\/\"},\"author\":{\"name\":\"Sinda Miranda\",\"@id\":\"https:\\\/\\\/talcomosoy.com.ar\\\/#\\\/schema\\\/person\\\/496b3561bd436afcf2be92147ff855c9\"},\"headline\":\"Juli\u00e1n Albarrac\u00edn: De m\u00fasico a productor, abriendo escenarios para la m\u00fasica en vivo\",\"datePublished\":\"2023-06-22T13:58:46+00:00\",\"dateModified\":\"2023-06-22T14:02:02+00:00\",\"mainEntityOfPage\":{\"@id\":\"https:\\\/\\\/talcomosoy.com.ar\\\/index.php\\\/julian-albarracin-de-musico-a-productor-abriendo-escenarios-para-la-musica-en-vivo\\\/\"},\"wordCount\":779,\"publisher\":{\"@id\":\"https:\\\/\\\/talcomosoy.com.ar\\\/#organization\"},\"image\":{\"@id\":\"https:\\\/\\\/talcomosoy.com.ar\\\/index.php\\\/julian-albarracin-de-musico-a-productor-abriendo-escenarios-para-la-musica-en-vivo\\\/#primaryimage\"},\"thumbnailUrl\":\"https:\\\/\\\/i0.wp.com\\\/talcomosoy.com.ar\\\/wp-content\\\/uploads\\\/2023\\\/06\\\/306100732_189866216816561_2613540670656602890_n.jpg?fit=1032%2C774&ssl=1\",\"articleSection\":[\"Entrevistas\",\"M\u00fasica\",\"Rock Mendocino\"],\"inLanguage\":\"es\"},{\"@type\":\"WebPage\",\"@id\":\"https:\\\/\\\/talcomosoy.com.ar\\\/index.php\\\/julian-albarracin-de-musico-a-productor-abriendo-escenarios-para-la-musica-en-vivo\\\/\",\"url\":\"https:\\\/\\\/talcomosoy.com.ar\\\/index.php\\\/julian-albarracin-de-musico-a-productor-abriendo-escenarios-para-la-musica-en-vivo\\\/\",\"name\":\"Juli\u00e1n Albarrac\u00edn: De m\u00fasico a productor, abriendo escenarios para la m\u00fasica en vivo - Tal Como Soy\",\"isPartOf\":{\"@id\":\"https:\\\/\\\/talcomosoy.com.ar\\\/#website\"},\"primaryImageOfPage\":{\"@id\":\"https:\\\/\\\/talcomosoy.com.ar\\\/index.php\\\/julian-albarracin-de-musico-a-productor-abriendo-escenarios-para-la-musica-en-vivo\\\/#primaryimage\"},\"image\":{\"@id\":\"https:\\\/\\\/talcomosoy.com.ar\\\/index.php\\\/julian-albarracin-de-musico-a-productor-abriendo-escenarios-para-la-musica-en-vivo\\\/#primaryimage\"},\"thumbnailUrl\":\"https:\\\/\\\/i0.wp.com\\\/talcomosoy.com.ar\\\/wp-content\\\/uploads\\\/2023\\\/06\\\/306100732_189866216816561_2613540670656602890_n.jpg?fit=1032%2C774&ssl=1\",\"datePublished\":\"2023-06-22T13:58:46+00:00\",\"dateModified\":\"2023-06-22T14:02:02+00:00\",\"inLanguage\":\"es\",\"potentialAction\":[{\"@type\":\"ReadAction\",\"target\":[\"https:\\\/\\\/talcomosoy.com.ar\\\/index.php\\\/julian-albarracin-de-musico-a-productor-abriendo-escenarios-para-la-musica-en-vivo\\\/\"]}]},{\"@type\":\"ImageObject\",\"inLanguage\":\"es\",\"@id\":\"https:\\\/\\\/talcomosoy.com.ar\\\/index.php\\\/julian-albarracin-de-musico-a-productor-abriendo-escenarios-para-la-musica-en-vivo\\\/#primaryimage\",\"url\":\"https:\\\/\\\/i0.wp.com\\\/talcomosoy.com.ar\\\/wp-content\\\/uploads\\\/2023\\\/06\\\/306100732_189866216816561_2613540670656602890_n.jpg?fit=1032%2C774&ssl=1\",\"contentUrl\":\"https:\\\/\\\/i0.wp.com\\\/talcomosoy.com.ar\\\/wp-content\\\/uploads\\\/2023\\\/06\\\/306100732_189866216816561_2613540670656602890_n.jpg?fit=1032%2C774&ssl=1\",\"width\":1032,\"height\":774},{\"@type\":\"WebSite\",\"@id\":\"https:\\\/\\\/talcomosoy.com.ar\\\/#website\",\"url\":\"https:\\\/\\\/talcomosoy.com.ar\\\/\",\"name\":\"Tal Como Soy\",\"description\":\"Magazine Musical Digital\",\"publisher\":{\"@id\":\"https:\\\/\\\/talcomosoy.com.ar\\\/#organization\"},\"potentialAction\":[{\"@type\":\"SearchAction\",\"target\":{\"@type\":\"EntryPoint\",\"urlTemplate\":\"https:\\\/\\\/talcomosoy.com.ar\\\/?s={search_term_string}\"},\"query-input\":{\"@type\":\"PropertyValueSpecification\",\"valueRequired\":true,\"valueName\":\"search_term_string\"}}],\"inLanguage\":\"es\"},{\"@type\":\"Organization\",\"@id\":\"https:\\\/\\\/talcomosoy.com.ar\\\/#organization\",\"name\":\"Tal Como Soy\",\"url\":\"https:\\\/\\\/talcomosoy.com.ar\\\/\",\"logo\":{\"@type\":\"ImageObject\",\"inLanguage\":\"es\",\"@id\":\"https:\\\/\\\/talcomosoy.com.ar\\\/#\\\/schema\\\/logo\\\/image\\\/\",\"url\":\"https:\\\/\\\/i0.wp.com\\\/talcomosoy.com.ar\\\/wp-content\\\/uploads\\\/2020\\\/02\\\/PUA-2020-TRANSPARENTE.png?fit=570%2C382&ssl=1\",\"contentUrl\":\"https:\\\/\\\/i0.wp.com\\\/talcomosoy.com.ar\\\/wp-content\\\/uploads\\\/2020\\\/02\\\/PUA-2020-TRANSPARENTE.png?fit=570%2C382&ssl=1\",\"width\":570,\"height\":382,\"caption\":\"Tal Como Soy\"},\"image\":{\"@id\":\"https:\\\/\\\/talcomosoy.com.ar\\\/#\\\/schema\\\/logo\\\/image\\\/\"},\"sameAs\":[\"https:\\\/\\\/www.facebook.com\\\/talcomosoyok\",\"https:\\\/\\\/x.com\\\/talcomosoyok\",\"https:\\\/\\\/www.instagram.com\\\/talcomosoyok\",\"https:\\\/\\\/www.youtube.com\\\/channel\\\/UCrutZzYQmd9Fe8pEm5wqsiw\"]},{\"@type\":\"Person\",\"@id\":\"https:\\\/\\\/talcomosoy.com.ar\\\/#\\\/schema\\\/person\\\/496b3561bd436afcf2be92147ff855c9\",\"name\":\"Sinda Miranda\",\"image\":{\"@type\":\"ImageObject\",\"inLanguage\":\"es\",\"@id\":\"https:\\\/\\\/secure.gravatar.com\\\/avatar\\\/ab0e992fc0b7117fe730d00fb0e44073b1fd6e28d69de8e7ac3103f1396f445e?s=96&d=mm&r=g\",\"url\":\"https:\\\/\\\/secure.gravatar.com\\\/avatar\\\/ab0e992fc0b7117fe730d00fb0e44073b1fd6e28d69de8e7ac3103f1396f445e?s=96&d=mm&r=g\",\"contentUrl\":\"https:\\\/\\\/secure.gravatar.com\\\/avatar\\\/ab0e992fc0b7117fe730d00fb0e44073b1fd6e28d69de8e7ac3103f1396f445e?s=96&d=mm&r=g\",\"caption\":\"Sinda Miranda\"},\"description\":\"Escritora, Fot\u00f3grafa, Agente de Prensa\",\"sameAs\":[\"https:\\\/\\\/www.facebook.com\\\/sindamiranda\",\"https:\\\/\\\/www.instagram.com\\\/sindamiranda\",\"https:\\\/\\\/x.com\\\/sindamiranda\"],\"url\":\"https:\\\/\\\/talcomosoy.com.ar\\\/index.php\\\/author\\\/sindamirandatcs\\\/\"}]}<\/script>\n<!-- \/ Yoast SEO plugin. -->","yoast_head_json":{"title":"Juli\u00e1n Albarrac\u00edn: De m\u00fasico a productor, abriendo escenarios para la m\u00fasica en vivo - Tal Como Soy","robots":{"index":"index","follow":"follow","max-snippet":"max-snippet:-1","max-image-preview":"max-image-preview:large","max-video-preview":"max-video-preview:-1"},"canonical":"https:\/\/talcomosoy.com.ar\/index.php\/julian-albarracin-de-musico-a-productor-abriendo-escenarios-para-la-musica-en-vivo\/","og_locale":"es_ES","og_type":"article","og_title":"Juli\u00e1n Albarrac\u00edn: De m\u00fasico a productor, abriendo escenarios para la m\u00fasica en vivo - Tal Como Soy","og_description":"Su pasi\u00f3n siempre ha sido la m\u00fasica. Ha formado parte de bandas de rock y","og_url":"https:\/\/talcomosoy.com.ar\/index.php\/julian-albarracin-de-musico-a-productor-abriendo-escenarios-para-la-musica-en-vivo\/","og_site_name":"Tal Como Soy","article_publisher":"https:\/\/www.facebook.com\/talcomosoyok","article_author":"https:\/\/www.facebook.com\/sindamiranda","article_published_time":"2023-06-22T13:58:46+00:00","article_modified_time":"2023-06-22T14:02:02+00:00","og_image":[{"width":1032,"height":774,"url":"https:\/\/i0.wp.com\/talcomosoy.com.ar\/wp-content\/uploads\/2023\/06\/306100732_189866216816561_2613540670656602890_n.jpg?fit=1032%2C774&ssl=1","type":"image\/jpeg"}],"author":"Sinda Miranda","twitter_card":"summary_large_image","twitter_creator":"@sindamiranda","twitter_site":"@talcomosoyok","twitter_misc":{"Escrito por":"Sinda Miranda","Tiempo de lectura":"4 minutos"},"schema":{"@context":"https:\/\/schema.org","@graph":[{"@type":"Article","@id":"https:\/\/talcomosoy.com.ar\/index.php\/julian-albarracin-de-musico-a-productor-abriendo-escenarios-para-la-musica-en-vivo\/#article","isPartOf":{"@id":"https:\/\/talcomosoy.com.ar\/index.php\/julian-albarracin-de-musico-a-productor-abriendo-escenarios-para-la-musica-en-vivo\/"},"author":{"name":"Sinda Miranda","@id":"https:\/\/talcomosoy.com.ar\/#\/schema\/person\/496b3561bd436afcf2be92147ff855c9"},"headline":"Juli\u00e1n Albarrac\u00edn: De m\u00fasico a productor, abriendo escenarios para la m\u00fasica en vivo","datePublished":"2023-06-22T13:58:46+00:00","dateModified":"2023-06-22T14:02:02+00:00","mainEntityOfPage":{"@id":"https:\/\/talcomosoy.com.ar\/index.php\/julian-albarracin-de-musico-a-productor-abriendo-escenarios-para-la-musica-en-vivo\/"},"wordCount":779,"publisher":{"@id":"https:\/\/talcomosoy.com.ar\/#organization"},"image":{"@id":"https:\/\/talcomosoy.com.ar\/index.php\/julian-albarracin-de-musico-a-productor-abriendo-escenarios-para-la-musica-en-vivo\/#primaryimage"},"thumbnailUrl":"https:\/\/i0.wp.com\/talcomosoy.com.ar\/wp-content\/uploads\/2023\/06\/306100732_189866216816561_2613540670656602890_n.jpg?fit=1032%2C774&ssl=1","articleSection":["Entrevistas","M\u00fasica","Rock Mendocino"],"inLanguage":"es"},{"@type":"WebPage","@id":"https:\/\/talcomosoy.com.ar\/index.php\/julian-albarracin-de-musico-a-productor-abriendo-escenarios-para-la-musica-en-vivo\/","url":"https:\/\/talcomosoy.com.ar\/index.php\/julian-albarracin-de-musico-a-productor-abriendo-escenarios-para-la-musica-en-vivo\/","name":"Juli\u00e1n Albarrac\u00edn: De m\u00fasico a productor, abriendo escenarios para la m\u00fasica en vivo - Tal Como Soy","isPartOf":{"@id":"https:\/\/talcomosoy.com.ar\/#website"},"primaryImageOfPage":{"@id":"https:\/\/talcomosoy.com.ar\/index.php\/julian-albarracin-de-musico-a-productor-abriendo-escenarios-para-la-musica-en-vivo\/#primaryimage"},"image":{"@id":"https:\/\/talcomosoy.com.ar\/index.php\/julian-albarracin-de-musico-a-productor-abriendo-escenarios-para-la-musica-en-vivo\/#primaryimage"},"thumbnailUrl":"https:\/\/i0.wp.com\/talcomosoy.com.ar\/wp-content\/uploads\/2023\/06\/306100732_189866216816561_2613540670656602890_n.jpg?fit=1032%2C774&ssl=1","datePublished":"2023-06-22T13:58:46+00:00","dateModified":"2023-06-22T14:02:02+00:00","inLanguage":"es","potentialAction":[{"@type":"ReadAction","target":["https:\/\/talcomosoy.com.ar\/index.php\/julian-albarracin-de-musico-a-productor-abriendo-escenarios-para-la-musica-en-vivo\/"]}]},{"@type":"ImageObject","inLanguage":"es","@id":"https:\/\/talcomosoy.com.ar\/index.php\/julian-albarracin-de-musico-a-productor-abriendo-escenarios-para-la-musica-en-vivo\/#primaryimage","url":"https:\/\/i0.wp.com\/talcomosoy.com.ar\/wp-content\/uploads\/2023\/06\/306100732_189866216816561_2613540670656602890_n.jpg?fit=1032%2C774&ssl=1","contentUrl":"https:\/\/i0.wp.com\/talcomosoy.com.ar\/wp-content\/uploads\/2023\/06\/306100732_189866216816561_2613540670656602890_n.jpg?fit=1032%2C774&ssl=1","width":1032,"height":774},{"@type":"WebSite","@id":"https:\/\/talcomosoy.com.ar\/#website","url":"https:\/\/talcomosoy.com.ar\/","name":"Tal Como Soy","description":"Magazine Musical Digital","publisher":{"@id":"https:\/\/talcomosoy.com.ar\/#organization"},"potentialAction":[{"@type":"SearchAction","target":{"@type":"EntryPoint","urlTemplate":"https:\/\/talcomosoy.com.ar\/?s={search_term_string}"},"query-input":{"@type":"PropertyValueSpecification","valueRequired":true,"valueName":"search_term_string"}}],"inLanguage":"es"},{"@type":"Organization","@id":"https:\/\/talcomosoy.com.ar\/#organization","name":"Tal Como Soy","url":"https:\/\/talcomosoy.com.ar\/","logo":{"@type":"ImageObject","inLanguage":"es","@id":"https:\/\/talcomosoy.com.ar\/#\/schema\/logo\/image\/","url":"https:\/\/i0.wp.com\/talcomosoy.com.ar\/wp-content\/uploads\/2020\/02\/PUA-2020-TRANSPARENTE.png?fit=570%2C382&ssl=1","contentUrl":"https:\/\/i0.wp.com\/talcomosoy.com.ar\/wp-content\/uploads\/2020\/02\/PUA-2020-TRANSPARENTE.png?fit=570%2C382&ssl=1","width":570,"height":382,"caption":"Tal Como Soy"},"image":{"@id":"https:\/\/talcomosoy.com.ar\/#\/schema\/logo\/image\/"},"sameAs":["https:\/\/www.facebook.com\/talcomosoyok","https:\/\/x.com\/talcomosoyok","https:\/\/www.instagram.com\/talcomosoyok","https:\/\/www.youtube.com\/channel\/UCrutZzYQmd9Fe8pEm5wqsiw"]},{"@type":"Person","@id":"https:\/\/talcomosoy.com.ar\/#\/schema\/person\/496b3561bd436afcf2be92147ff855c9","name":"Sinda Miranda","image":{"@type":"ImageObject","inLanguage":"es","@id":"https:\/\/secure.gravatar.com\/avatar\/ab0e992fc0b7117fe730d00fb0e44073b1fd6e28d69de8e7ac3103f1396f445e?s=96&d=mm&r=g","url":"https:\/\/secure.gravatar.com\/avatar\/ab0e992fc0b7117fe730d00fb0e44073b1fd6e28d69de8e7ac3103f1396f445e?s=96&d=mm&r=g","contentUrl":"https:\/\/secure.gravatar.com\/avatar\/ab0e992fc0b7117fe730d00fb0e44073b1fd6e28d69de8e7ac3103f1396f445e?s=96&d=mm&r=g","caption":"Sinda Miranda"},"description":"Escritora, Fot\u00f3grafa, Agente de Prensa","sameAs":["https:\/\/www.facebook.com\/sindamiranda","https:\/\/www.instagram.com\/sindamiranda","https:\/\/x.com\/sindamiranda"],"url":"https:\/\/talcomosoy.com.ar\/index.php\/author\/sindamirandatcs\/"}]}},"jetpack_publicize_connections":[],"jetpack_featured_media_url":"https:\/\/i0.wp.com\/talcomosoy.com.ar\/wp-content\/uploads\/2023\/06\/306100732_189866216816561_2613540670656602890_n.jpg?fit=1032%2C774&ssl=1","jetpack_sharing_enabled":true,"jetpack_likes_enabled":true,"_links":{"self":[{"href":"https:\/\/talcomosoy.com.ar\/index.php\/wp-json\/wp\/v2\/posts\/14752","targetHints":{"allow":["GET"]}}],"collection":[{"href":"https:\/\/talcomosoy.com.ar\/index.php\/wp-json\/wp\/v2\/posts"}],"about":[{"href":"https:\/\/talcomosoy.com.ar\/index.php\/wp-json\/wp\/v2\/types\/post"}],"author":[{"embeddable":true,"href":"https:\/\/talcomosoy.com.ar\/index.php\/wp-json\/wp\/v2\/users\/1"}],"replies":[{"embeddable":true,"href":"https:\/\/talcomosoy.com.ar\/index.php\/wp-json\/wp\/v2\/comments?post=14752"}],"version-history":[{"count":3,"href":"https:\/\/talcomosoy.com.ar\/index.php\/wp-json\/wp\/v2\/posts\/14752\/revisions"}],"predecessor-version":[{"id":14758,"href":"https:\/\/talcomosoy.com.ar\/index.php\/wp-json\/wp\/v2\/posts\/14752\/revisions\/14758"}],"wp:featuredmedia":[{"embeddable":true,"href":"https:\/\/talcomosoy.com.ar\/index.php\/wp-json\/wp\/v2\/media\/14753"}],"wp:attachment":[{"href":"https:\/\/talcomosoy.com.ar\/index.php\/wp-json\/wp\/v2\/media?parent=14752"}],"wp:term":[{"taxonomy":"category","embeddable":true,"href":"https:\/\/talcomosoy.com.ar\/index.php\/wp-json\/wp\/v2\/categories?post=14752"},{"taxonomy":"post_tag","embeddable":true,"href":"https:\/\/talcomosoy.com.ar\/index.php\/wp-json\/wp\/v2\/tags?post=14752"}],"curies":[{"name":"wp","href":"https:\/\/api.w.org\/{rel}","templated":true}]}}