{"id":13103,"date":"2022-12-06T12:24:57","date_gmt":"2022-12-06T15:24:57","guid":{"rendered":"https:\/\/talcomosoy.com.ar\/?p=13103"},"modified":"2022-12-06T12:28:20","modified_gmt":"2022-12-06T15:28:20","slug":"indira-glamour-noche-historicas","status":"publish","type":"post","link":"https:\/\/talcomosoy.com.ar\/index.php\/indira-glamour-noche-historicas\/","title":{"rendered":"\u00abIndira &#038; Glamour\u00bb noche #hist\u00f3ricas"},"content":{"rendered":"<h3>Domingo 11 de diciembre a las 22.30hs en Medrano Bar. Pueyrred\u00f3n y Dr Edmundo Correas , Chacras de Coria. Reservas: 2974168213. Derecho de espect\u00e1culo: $ 700.<\/h3>\n<p>&nbsp;<\/p>\n<p>En el \u00faltimo a\u00f1o de la d\u00e9cada de los \u201990, surgieron las dos primeras bandas de rock compuestas \u00fanicamente por mujeres en esta provincia. Aunque no se conoc\u00edan a\u00fan, el tiempo las junt\u00f3 una primavera de comienzos del 2000, donde compartieron un escenario casi improvisado a la luz del d\u00eda. En ese momento, no comprend\u00edan quiz\u00e1s el acontecimiento, pero hoy, m\u00e1s de 20 a\u00f1os despu\u00e9s, est\u00e1 claro: era hist\u00f3rico.<\/p>\n<p>Hoy se renueva esta reuni\u00f3n entre Indira y Glamour, que cultivaron una personalidad dentro del rock y aunque hubieron pausas y cambios, las canciones est\u00e1n all\u00ed, tan actuales y vivas como el primer momento. Con composiciones actuales o nuevas visitas a las que nacieron en aquellos tiempos en que transitaban sus veinte a\u00f1os.<br \/>\nEsta es otra noche hist\u00f3rica. Es la renovaci\u00f3n del encuentro de m\u00fasicas que tomaron el escenario cuando s\u00f3lo parec\u00eda que pod\u00edan ocupar el lugar de grupis. Es el recuerdo de qui\u00e9nes eran y qui\u00e9nes son, habiendo transitado la m\u00fasica desde entonces, siendo libres y creciendo siempre.<\/p>\n<p>&nbsp;<\/p>\n<h3>Las bandas<\/h3>\n<p>&nbsp;<\/p>\n<p style=\"padding-left: 40px;\"><strong>Glamour<\/strong> se form\u00f3 en Mendoza en 1999. Integrada inicialmente por Alicia Mont\u00f3n (bater\u00eda), Gisela Torino (guitarra), Ana Prieto (bajo y coros), Luz Azcona (teclado y coros) y Cecilia Salinas (voz), fue la primera banda (junto con Indira) compuesta por mujeres en el medio. Poco despu\u00e9s se sumaron Mariana Paraway (guitarra y coros), y Emilia Greco (teclado y coros).<\/p>\n<p>En 2001 grabaron su \u00fanico disco, Glamour, en Fader Records, producido por Carlos Begueri. Durante sus a\u00f1os de actividad, tocaron sin interrupci\u00f3n y compartieron escenario con artistas invitados. Sus canciones, de cadencia incisiva, combinan el punk, el bolero y el rock, filtrados por la irreverencia l\u00fadica que caracteriz\u00f3 su estilo.<\/p>\n<p>La banda se disolvi\u00f3 a fines de 2004 y volvi\u00f3 en 2020, en pleno confinamiento por la pandemia, a grabar videos de sus primeras canciones v\u00eda Zoom. En marzo de 2022 volvieron a las tablas, para tocar en la 14\u00b0 edici\u00f3n del MendoRock, en la Ciudad de Mendoza.<\/p>\n<p style=\"padding-left: 40px;\"><strong>Indira<\/strong> es un grupo de rock mestizo\/alternativo. La primera formaci\u00f3n surgi\u00f3 alrededor de los 2000 y ha tenido diversas propuestas y diferentes tipos de conjuntos a trav\u00e9s del tiempo . Hoy somos un trio conformado por Julieta Lopez en voz y gutarra, Paula Casciani en bajo y Gisela Levin en bater\u00eda.<\/p>\n<p>Desde lo musical buceamos dentro del g\u00e9nero canci\u00f3n, siempre desde rock y nuestras letras buscan expresar transformaciones personales a partir de los cambios y empoderamientos actuales. Re encontrarnos y reconocernos es una constante en nuestros temas.<\/p>\n<p>Hemos recorrido muchos escenarios de la regi\u00f3n, de otras provincias de Argentina y de Chile. Algunos Festivales donde hemos estado son: UDARA (Chile), 3er Festival de Blues de Mendoza, FEM FESTIVAL, Fiesta Provincial de la Cerveza, Picnics Musicales Nave Cultural, Festival Poncho Rock Catamarca 2018, Mendorock 2020, entre otros.<\/p>\n<p>En el 2017 grabamos nuestro primer disco \u201cYO\u201d que puede encontrarse en diversas plataformas como Spotify, Deezer, Souncloud, Bandcamp. Actualmente estamos pre produciendo nuestro segundo disco, cuyo primer corte ya est\u00e1 en plataformas \u00abLo que Ser\u00e1s\u00bb.<\/p>\n","protected":false},"excerpt":{"rendered":"<p>Domingo 11 de diciembre a las 22.30hs en Medrano Bar. Pueyrred\u00f3n y Dr Edmundo Correas<\/p>\n","protected":false},"author":1,"featured_media":0,"comment_status":"closed","ping_status":"closed","sticky":false,"template":"","format":"standard","meta":{"_jetpack_newsletter_access":"","_jetpack_dont_email_post_to_subs":false,"_jetpack_newsletter_tier_id":0,"_jetpack_memberships_contains_paywalled_content":false,"_jetpack_feature_clip_id":0,"_jetpack_memberships_contains_paid_content":false,"footnotes":"","jetpack_publicize_message":"","jetpack_publicize_feature_enabled":true,"jetpack_social_post_already_shared":true,"jetpack_social_options":{"image_generator_settings":{"template":"highway","default_image_id":0,"font":"","enabled":false},"version":2},"jetpack_post_was_ever_published":false},"categories":[2,79],"tags":[],"class_list":["post-13103","post","type-post","status-publish","format-standard","hentry","category-musica","category-rock-mendocino"],"yoast_head":"<!-- This site is optimized with the Yoast SEO plugin v28.4 - https:\/\/yoast.com\/product\/yoast-seo-wordpress\/ -->\n<title>&quot;Indira &amp; Glamour&quot; noche #hist\u00f3ricas - Tal Como Soy<\/title>\n<meta name=\"robots\" content=\"index, follow, max-snippet:-1, max-image-preview:large, max-video-preview:-1\" \/>\n<link rel=\"canonical\" href=\"https:\/\/talcomosoy.com.ar\/index.php\/indira-glamour-noche-historicas\/\" \/>\n<meta property=\"og:locale\" content=\"es_ES\" \/>\n<meta property=\"og:type\" content=\"article\" \/>\n<meta property=\"og:title\" content=\"&quot;Indira &amp; Glamour&quot; noche #hist\u00f3ricas - Tal Como Soy\" \/>\n<meta property=\"og:description\" content=\"Domingo 11 de diciembre a las 22.30hs en Medrano Bar. Pueyrred\u00f3n y Dr Edmundo Correas\" \/>\n<meta property=\"og:url\" content=\"https:\/\/talcomosoy.com.ar\/index.php\/indira-glamour-noche-historicas\/\" \/>\n<meta property=\"og:site_name\" content=\"Tal Como Soy\" \/>\n<meta property=\"article:publisher\" content=\"https:\/\/www.facebook.com\/talcomosoyok\" \/>\n<meta property=\"article:author\" content=\"https:\/\/www.facebook.com\/sindamiranda\" \/>\n<meta property=\"article:published_time\" content=\"2022-12-06T15:24:57+00:00\" \/>\n<meta property=\"article:modified_time\" content=\"2022-12-06T15:28:20+00:00\" \/>\n<meta property=\"og:image\" content=\"https:\/\/i0.wp.com\/talcomosoy.com.ar\/wp-content\/uploads\/2020\/02\/LOGO-PUA-2020-NEGRO.png?fit=570%2C382&ssl=1\" \/>\n\t<meta property=\"og:image:width\" content=\"570\" \/>\n\t<meta property=\"og:image:height\" content=\"382\" \/>\n\t<meta property=\"og:image:type\" content=\"image\/png\" \/>\n<meta name=\"author\" content=\"Sinda Miranda\" \/>\n<meta name=\"twitter:card\" content=\"summary_large_image\" \/>\n<meta name=\"twitter:creator\" content=\"@sindamiranda\" \/>\n<meta name=\"twitter:site\" content=\"@talcomosoyok\" \/>\n<meta name=\"twitter:label1\" content=\"Escrito por\" \/>\n\t<meta name=\"twitter:data1\" content=\"Sinda Miranda\" \/>\n\t<meta name=\"twitter:label2\" content=\"Tiempo de lectura\" \/>\n\t<meta name=\"twitter:data2\" content=\"3 minutos\" \/>\n<script type=\"application\/ld+json\" class=\"yoast-schema-graph\">{\"@context\":\"https:\\\/\\\/schema.org\",\"@graph\":[{\"@type\":\"Article\",\"@id\":\"https:\\\/\\\/talcomosoy.com.ar\\\/index.php\\\/indira-glamour-noche-historicas\\\/#article\",\"isPartOf\":{\"@id\":\"https:\\\/\\\/talcomosoy.com.ar\\\/index.php\\\/indira-glamour-noche-historicas\\\/\"},\"author\":{\"name\":\"Sinda Miranda\",\"@id\":\"https:\\\/\\\/talcomosoy.com.ar\\\/#\\\/schema\\\/person\\\/496b3561bd436afcf2be92147ff855c9\"},\"headline\":\"\u00abIndira &#038; Glamour\u00bb noche #hist\u00f3ricas\",\"datePublished\":\"2022-12-06T15:24:57+00:00\",\"dateModified\":\"2022-12-06T15:28:20+00:00\",\"mainEntityOfPage\":{\"@id\":\"https:\\\/\\\/talcomosoy.com.ar\\\/index.php\\\/indira-glamour-noche-historicas\\\/\"},\"wordCount\":554,\"publisher\":{\"@id\":\"https:\\\/\\\/talcomosoy.com.ar\\\/#organization\"},\"articleSection\":[\"M\u00fasica\",\"Rock Mendocino\"],\"inLanguage\":\"es\"},{\"@type\":\"WebPage\",\"@id\":\"https:\\\/\\\/talcomosoy.com.ar\\\/index.php\\\/indira-glamour-noche-historicas\\\/\",\"url\":\"https:\\\/\\\/talcomosoy.com.ar\\\/index.php\\\/indira-glamour-noche-historicas\\\/\",\"name\":\"\\\"Indira & Glamour\\\" noche #hist\u00f3ricas - Tal Como Soy\",\"isPartOf\":{\"@id\":\"https:\\\/\\\/talcomosoy.com.ar\\\/#website\"},\"datePublished\":\"2022-12-06T15:24:57+00:00\",\"dateModified\":\"2022-12-06T15:28:20+00:00\",\"inLanguage\":\"es\",\"potentialAction\":[{\"@type\":\"ReadAction\",\"target\":[\"https:\\\/\\\/talcomosoy.com.ar\\\/index.php\\\/indira-glamour-noche-historicas\\\/\"]}]},{\"@type\":\"WebSite\",\"@id\":\"https:\\\/\\\/talcomosoy.com.ar\\\/#website\",\"url\":\"https:\\\/\\\/talcomosoy.com.ar\\\/\",\"name\":\"Tal Como Soy\",\"description\":\"Magazine Musical Digital\",\"publisher\":{\"@id\":\"https:\\\/\\\/talcomosoy.com.ar\\\/#organization\"},\"potentialAction\":[{\"@type\":\"SearchAction\",\"target\":{\"@type\":\"EntryPoint\",\"urlTemplate\":\"https:\\\/\\\/talcomosoy.com.ar\\\/?s={search_term_string}\"},\"query-input\":{\"@type\":\"PropertyValueSpecification\",\"valueRequired\":true,\"valueName\":\"search_term_string\"}}],\"inLanguage\":\"es\"},{\"@type\":\"Organization\",\"@id\":\"https:\\\/\\\/talcomosoy.com.ar\\\/#organization\",\"name\":\"Tal Como Soy\",\"url\":\"https:\\\/\\\/talcomosoy.com.ar\\\/\",\"logo\":{\"@type\":\"ImageObject\",\"inLanguage\":\"es\",\"@id\":\"https:\\\/\\\/talcomosoy.com.ar\\\/#\\\/schema\\\/logo\\\/image\\\/\",\"url\":\"https:\\\/\\\/i0.wp.com\\\/talcomosoy.com.ar\\\/wp-content\\\/uploads\\\/2020\\\/02\\\/PUA-2020-TRANSPARENTE.png?fit=570%2C382&ssl=1\",\"contentUrl\":\"https:\\\/\\\/i0.wp.com\\\/talcomosoy.com.ar\\\/wp-content\\\/uploads\\\/2020\\\/02\\\/PUA-2020-TRANSPARENTE.png?fit=570%2C382&ssl=1\",\"width\":570,\"height\":382,\"caption\":\"Tal Como Soy\"},\"image\":{\"@id\":\"https:\\\/\\\/talcomosoy.com.ar\\\/#\\\/schema\\\/logo\\\/image\\\/\"},\"sameAs\":[\"https:\\\/\\\/www.facebook.com\\\/talcomosoyok\",\"https:\\\/\\\/x.com\\\/talcomosoyok\",\"https:\\\/\\\/www.instagram.com\\\/talcomosoyok\",\"https:\\\/\\\/www.youtube.com\\\/channel\\\/UCrutZzYQmd9Fe8pEm5wqsiw\"]},{\"@type\":\"Person\",\"@id\":\"https:\\\/\\\/talcomosoy.com.ar\\\/#\\\/schema\\\/person\\\/496b3561bd436afcf2be92147ff855c9\",\"name\":\"Sinda Miranda\",\"image\":{\"@type\":\"ImageObject\",\"inLanguage\":\"es\",\"@id\":\"https:\\\/\\\/secure.gravatar.com\\\/avatar\\\/ab0e992fc0b7117fe730d00fb0e44073b1fd6e28d69de8e7ac3103f1396f445e?s=96&d=mm&r=g\",\"url\":\"https:\\\/\\\/secure.gravatar.com\\\/avatar\\\/ab0e992fc0b7117fe730d00fb0e44073b1fd6e28d69de8e7ac3103f1396f445e?s=96&d=mm&r=g\",\"contentUrl\":\"https:\\\/\\\/secure.gravatar.com\\\/avatar\\\/ab0e992fc0b7117fe730d00fb0e44073b1fd6e28d69de8e7ac3103f1396f445e?s=96&d=mm&r=g\",\"caption\":\"Sinda Miranda\"},\"description\":\"Escritora, Fot\u00f3grafa, Agente de Prensa\",\"sameAs\":[\"https:\\\/\\\/www.facebook.com\\\/sindamiranda\",\"https:\\\/\\\/www.instagram.com\\\/sindamiranda\",\"https:\\\/\\\/x.com\\\/sindamiranda\"],\"url\":\"https:\\\/\\\/talcomosoy.com.ar\\\/index.php\\\/author\\\/sindamirandatcs\\\/\"}]}<\/script>\n<!-- \/ Yoast SEO plugin. -->","yoast_head_json":{"title":"\"Indira & Glamour\" noche #hist\u00f3ricas - Tal Como Soy","robots":{"index":"index","follow":"follow","max-snippet":"max-snippet:-1","max-image-preview":"max-image-preview:large","max-video-preview":"max-video-preview:-1"},"canonical":"https:\/\/talcomosoy.com.ar\/index.php\/indira-glamour-noche-historicas\/","og_locale":"es_ES","og_type":"article","og_title":"\"Indira & Glamour\" noche #hist\u00f3ricas - Tal Como Soy","og_description":"Domingo 11 de diciembre a las 22.30hs en Medrano Bar. Pueyrred\u00f3n y Dr Edmundo Correas","og_url":"https:\/\/talcomosoy.com.ar\/index.php\/indira-glamour-noche-historicas\/","og_site_name":"Tal Como Soy","article_publisher":"https:\/\/www.facebook.com\/talcomosoyok","article_author":"https:\/\/www.facebook.com\/sindamiranda","article_published_time":"2022-12-06T15:24:57+00:00","article_modified_time":"2022-12-06T15:28:20+00:00","og_image":[{"width":570,"height":382,"url":"https:\/\/i0.wp.com\/talcomosoy.com.ar\/wp-content\/uploads\/2020\/02\/LOGO-PUA-2020-NEGRO.png?fit=570%2C382&ssl=1","type":"image\/png"}],"author":"Sinda Miranda","twitter_card":"summary_large_image","twitter_creator":"@sindamiranda","twitter_site":"@talcomosoyok","twitter_misc":{"Escrito por":"Sinda Miranda","Tiempo de lectura":"3 minutos"},"schema":{"@context":"https:\/\/schema.org","@graph":[{"@type":"Article","@id":"https:\/\/talcomosoy.com.ar\/index.php\/indira-glamour-noche-historicas\/#article","isPartOf":{"@id":"https:\/\/talcomosoy.com.ar\/index.php\/indira-glamour-noche-historicas\/"},"author":{"name":"Sinda Miranda","@id":"https:\/\/talcomosoy.com.ar\/#\/schema\/person\/496b3561bd436afcf2be92147ff855c9"},"headline":"\u00abIndira &#038; Glamour\u00bb noche #hist\u00f3ricas","datePublished":"2022-12-06T15:24:57+00:00","dateModified":"2022-12-06T15:28:20+00:00","mainEntityOfPage":{"@id":"https:\/\/talcomosoy.com.ar\/index.php\/indira-glamour-noche-historicas\/"},"wordCount":554,"publisher":{"@id":"https:\/\/talcomosoy.com.ar\/#organization"},"articleSection":["M\u00fasica","Rock Mendocino"],"inLanguage":"es"},{"@type":"WebPage","@id":"https:\/\/talcomosoy.com.ar\/index.php\/indira-glamour-noche-historicas\/","url":"https:\/\/talcomosoy.com.ar\/index.php\/indira-glamour-noche-historicas\/","name":"\"Indira & Glamour\" noche #hist\u00f3ricas - Tal Como Soy","isPartOf":{"@id":"https:\/\/talcomosoy.com.ar\/#website"},"datePublished":"2022-12-06T15:24:57+00:00","dateModified":"2022-12-06T15:28:20+00:00","inLanguage":"es","potentialAction":[{"@type":"ReadAction","target":["https:\/\/talcomosoy.com.ar\/index.php\/indira-glamour-noche-historicas\/"]}]},{"@type":"WebSite","@id":"https:\/\/talcomosoy.com.ar\/#website","url":"https:\/\/talcomosoy.com.ar\/","name":"Tal Como Soy","description":"Magazine Musical Digital","publisher":{"@id":"https:\/\/talcomosoy.com.ar\/#organization"},"potentialAction":[{"@type":"SearchAction","target":{"@type":"EntryPoint","urlTemplate":"https:\/\/talcomosoy.com.ar\/?s={search_term_string}"},"query-input":{"@type":"PropertyValueSpecification","valueRequired":true,"valueName":"search_term_string"}}],"inLanguage":"es"},{"@type":"Organization","@id":"https:\/\/talcomosoy.com.ar\/#organization","name":"Tal Como Soy","url":"https:\/\/talcomosoy.com.ar\/","logo":{"@type":"ImageObject","inLanguage":"es","@id":"https:\/\/talcomosoy.com.ar\/#\/schema\/logo\/image\/","url":"https:\/\/i0.wp.com\/talcomosoy.com.ar\/wp-content\/uploads\/2020\/02\/PUA-2020-TRANSPARENTE.png?fit=570%2C382&ssl=1","contentUrl":"https:\/\/i0.wp.com\/talcomosoy.com.ar\/wp-content\/uploads\/2020\/02\/PUA-2020-TRANSPARENTE.png?fit=570%2C382&ssl=1","width":570,"height":382,"caption":"Tal Como Soy"},"image":{"@id":"https:\/\/talcomosoy.com.ar\/#\/schema\/logo\/image\/"},"sameAs":["https:\/\/www.facebook.com\/talcomosoyok","https:\/\/x.com\/talcomosoyok","https:\/\/www.instagram.com\/talcomosoyok","https:\/\/www.youtube.com\/channel\/UCrutZzYQmd9Fe8pEm5wqsiw"]},{"@type":"Person","@id":"https:\/\/talcomosoy.com.ar\/#\/schema\/person\/496b3561bd436afcf2be92147ff855c9","name":"Sinda Miranda","image":{"@type":"ImageObject","inLanguage":"es","@id":"https:\/\/secure.gravatar.com\/avatar\/ab0e992fc0b7117fe730d00fb0e44073b1fd6e28d69de8e7ac3103f1396f445e?s=96&d=mm&r=g","url":"https:\/\/secure.gravatar.com\/avatar\/ab0e992fc0b7117fe730d00fb0e44073b1fd6e28d69de8e7ac3103f1396f445e?s=96&d=mm&r=g","contentUrl":"https:\/\/secure.gravatar.com\/avatar\/ab0e992fc0b7117fe730d00fb0e44073b1fd6e28d69de8e7ac3103f1396f445e?s=96&d=mm&r=g","caption":"Sinda Miranda"},"description":"Escritora, Fot\u00f3grafa, Agente de Prensa","sameAs":["https:\/\/www.facebook.com\/sindamiranda","https:\/\/www.instagram.com\/sindamiranda","https:\/\/x.com\/sindamiranda"],"url":"https:\/\/talcomosoy.com.ar\/index.php\/author\/sindamirandatcs\/"}]}},"jetpack_publicize_connections":[],"jetpack_sharing_enabled":true,"jetpack_likes_enabled":true,"jetpack_featured_media_url":"","_links":{"self":[{"href":"https:\/\/talcomosoy.com.ar\/index.php\/wp-json\/wp\/v2\/posts\/13103","targetHints":{"allow":["GET"]}}],"collection":[{"href":"https:\/\/talcomosoy.com.ar\/index.php\/wp-json\/wp\/v2\/posts"}],"about":[{"href":"https:\/\/talcomosoy.com.ar\/index.php\/wp-json\/wp\/v2\/types\/post"}],"author":[{"embeddable":true,"href":"https:\/\/talcomosoy.com.ar\/index.php\/wp-json\/wp\/v2\/users\/1"}],"replies":[{"embeddable":true,"href":"https:\/\/talcomosoy.com.ar\/index.php\/wp-json\/wp\/v2\/comments?post=13103"}],"version-history":[{"count":4,"href":"https:\/\/talcomosoy.com.ar\/index.php\/wp-json\/wp\/v2\/posts\/13103\/revisions"}],"predecessor-version":[{"id":13108,"href":"https:\/\/talcomosoy.com.ar\/index.php\/wp-json\/wp\/v2\/posts\/13103\/revisions\/13108"}],"wp:attachment":[{"href":"https:\/\/talcomosoy.com.ar\/index.php\/wp-json\/wp\/v2\/media?parent=13103"}],"wp:term":[{"taxonomy":"category","embeddable":true,"href":"https:\/\/talcomosoy.com.ar\/index.php\/wp-json\/wp\/v2\/categories?post=13103"},{"taxonomy":"post_tag","embeddable":true,"href":"https:\/\/talcomosoy.com.ar\/index.php\/wp-json\/wp\/v2\/tags?post=13103"}],"curies":[{"name":"wp","href":"https:\/\/api.w.org\/{rel}","templated":true}]}}