{"id":13087,"date":"2022-12-02T13:05:17","date_gmt":"2022-12-02T16:05:17","guid":{"rendered":"https:\/\/talcomosoy.com.ar\/?p=13087"},"modified":"2022-12-02T13:07:37","modified_gmt":"2022-12-02T16:07:37","slug":"la-banda-de-la-utn-y-el-coro-hunuc-ofrecieron-un-recital-a-beneficio-de-beni","status":"publish","type":"post","link":"https:\/\/talcomosoy.com.ar\/index.php\/la-banda-de-la-utn-y-el-coro-hunuc-ofrecieron-un-recital-a-beneficio-de-beni\/","title":{"rendered":"La banda de la UTN y el coro Hunuc ofrecieron un recital a beneficio de BENI"},"content":{"rendered":"<h3>Fue el pasado mi\u00e9rcoles 30 de noviembre ante un importante aforo, en el Sal\u00f3n Auditorio de la Facultad.<\/h3>\n<p>&nbsp;<\/p>\n<p>El recital a beneficio \u00abTodos por Beni\u00bb cont\u00f3 con la participaci\u00f3n del coro \u00ab<strong>Hunuc<\/strong>\u00bb y de la \u00ab<strong>Banda de la UTN<\/strong>\u00ab.<\/p>\n<p>En primer lugar actu\u00f3 el coro bajo la direcci\u00f3n de <strong>Eduardo Quiroga<\/strong> interpretando cinco temas del repertorio de m\u00fasica popular latinoamericana.<\/p>\n<p>&nbsp;<\/p>\n<figure id=\"attachment_13088\" aria-describedby=\"caption-attachment-13088\" style=\"width: 1279px\" class=\"wp-caption aligncenter\"><img data-recalc-dims=\"1\" loading=\"lazy\" decoding=\"async\" class=\"wp-image-13088 size-full\" src=\"https:\/\/i0.wp.com\/talcomosoy.com.ar\/wp-content\/uploads\/2022\/12\/IMG-20221201-WA0040_bis.jpg?resize=640%2C360&#038;ssl=1\" alt=\"\" width=\"640\" height=\"360\" srcset=\"https:\/\/i0.wp.com\/talcomosoy.com.ar\/wp-content\/uploads\/2022\/12\/IMG-20221201-WA0040_bis.jpg?w=1279&amp;ssl=1 1279w, https:\/\/i0.wp.com\/talcomosoy.com.ar\/wp-content\/uploads\/2022\/12\/IMG-20221201-WA0040_bis.jpg?resize=300%2C169&amp;ssl=1 300w, https:\/\/i0.wp.com\/talcomosoy.com.ar\/wp-content\/uploads\/2022\/12\/IMG-20221201-WA0040_bis.jpg?resize=1024%2C576&amp;ssl=1 1024w, https:\/\/i0.wp.com\/talcomosoy.com.ar\/wp-content\/uploads\/2022\/12\/IMG-20221201-WA0040_bis.jpg?resize=768%2C432&amp;ssl=1 768w\" sizes=\"auto, (max-width: 640px) 100vw, 640px\" \/><figcaption id=\"caption-attachment-13088\" class=\"wp-caption-text\"><em>Coro Hunuc. Foto gentileza C\u00e9sar Boschi<\/em><\/figcaption><\/figure>\n<p>&nbsp;<\/p>\n<p>Posteriormente se subi\u00f3 al escenario la banda de m\u00fasica de la UTN para ofrecer un concierto que incluy\u00f3 doce temas a modo de compendio de sus tres \u00faltimos espect\u00e1culos conceptuales.<\/p>\n<p>El p\u00fablico pudo disfrutar de los cl\u00e1sicos de Spinetta, del Rock Nacional e Internacional y Jazz.\u00a0Hubo momentos intensos en los que la audiencia cant\u00f3 y aplaudi\u00f3 con entusiasmo temas tales como \u00abSeguir viviendo sin tu amor\u00bb (Spinetta), \u00abDust in the wind\u00bb (Kansas), \u00abGarota de Ipanema\u00bb (Moraes &#8211; Jobim), \u00abTarado de Cumplea\u00f1os\u00bb (G.I.T.), entre otros.<\/p>\n<p>&nbsp;<\/p>\n<figure id=\"attachment_13089\" aria-describedby=\"caption-attachment-13089\" style=\"width: 1600px\" class=\"wp-caption aligncenter\"><img data-recalc-dims=\"1\" loading=\"lazy\" decoding=\"async\" class=\"size-full wp-image-13089\" src=\"https:\/\/i0.wp.com\/talcomosoy.com.ar\/wp-content\/uploads\/2022\/12\/IMG-20221201-WA0015.jpg?resize=640%2C360&#038;ssl=1\" alt=\"\" width=\"640\" height=\"360\" srcset=\"https:\/\/i0.wp.com\/talcomosoy.com.ar\/wp-content\/uploads\/2022\/12\/IMG-20221201-WA0015.jpg?w=1600&amp;ssl=1 1600w, https:\/\/i0.wp.com\/talcomosoy.com.ar\/wp-content\/uploads\/2022\/12\/IMG-20221201-WA0015.jpg?resize=300%2C169&amp;ssl=1 300w, https:\/\/i0.wp.com\/talcomosoy.com.ar\/wp-content\/uploads\/2022\/12\/IMG-20221201-WA0015.jpg?resize=1024%2C576&amp;ssl=1 1024w, https:\/\/i0.wp.com\/talcomosoy.com.ar\/wp-content\/uploads\/2022\/12\/IMG-20221201-WA0015.jpg?resize=768%2C432&amp;ssl=1 768w, https:\/\/i0.wp.com\/talcomosoy.com.ar\/wp-content\/uploads\/2022\/12\/IMG-20221201-WA0015.jpg?resize=1536%2C864&amp;ssl=1 1536w, https:\/\/i0.wp.com\/talcomosoy.com.ar\/wp-content\/uploads\/2022\/12\/IMG-20221201-WA0015.jpg?w=1280&amp;ssl=1 1280w\" sizes=\"auto, (max-width: 640px) 100vw, 640px\" \/><figcaption id=\"caption-attachment-13089\" class=\"wp-caption-text\"><em>Banda UTN. Foto gentileza C\u00e9sar Boschi<\/em><\/figcaption><\/figure>\n<p>&nbsp;<\/p>\n<p>En el cierre, <strong>Analisa Ragusa<\/strong>, t\u00eda de Beni, se acerc\u00f3 al micr\u00f3fono para agradecer la generosidad de quienes colaboraron en esta campa\u00f1a solidaria dedicada a su sobrino Benicio Ragusa Palma.<\/p>\n<p>&nbsp;<\/p>\n<blockquote><p>Para ponerte en contacto con la familia de <strong>Beni, <a href=\"https:\/\/www.instagram.com\/todos.por.beni\/?hl=es\">visitalo en su instagram<\/a>.<\/strong><\/p><\/blockquote>\n","protected":false},"excerpt":{"rendered":"<p>Fue el pasado mi\u00e9rcoles 30 de noviembre ante un importante aforo, en el Sal\u00f3n Auditorio<\/p>\n","protected":false},"author":1,"featured_media":13090,"comment_status":"closed","ping_status":"closed","sticky":false,"template":"","format":"standard","meta":{"_jetpack_newsletter_access":"","_jetpack_dont_email_post_to_subs":false,"_jetpack_newsletter_tier_id":0,"_jetpack_memberships_contains_paywalled_content":false,"_jetpack_feature_clip_id":0,"_jetpack_memberships_contains_paid_content":false,"footnotes":"","jetpack_publicize_message":"","jetpack_publicize_feature_enabled":true,"jetpack_social_post_already_shared":true,"jetpack_social_options":{"image_generator_settings":{"template":"highway","default_image_id":0,"font":"","enabled":false},"version":2},"jetpack_post_was_ever_published":false},"categories":[2],"tags":[],"class_list":["post-13087","post","type-post","status-publish","format-standard","has-post-thumbnail","hentry","category-musica"],"yoast_head":"<!-- This site is optimized with the Yoast SEO plugin v28.4 - https:\/\/yoast.com\/product\/yoast-seo-wordpress\/ -->\n<title>La banda de la UTN y el coro Hunuc ofrecieron un recital a beneficio de BENI - Tal Como Soy<\/title>\n<meta name=\"robots\" content=\"index, follow, max-snippet:-1, max-image-preview:large, max-video-preview:-1\" \/>\n<link rel=\"canonical\" href=\"https:\/\/talcomosoy.com.ar\/index.php\/la-banda-de-la-utn-y-el-coro-hunuc-ofrecieron-un-recital-a-beneficio-de-beni\/\" \/>\n<meta property=\"og:locale\" content=\"es_ES\" \/>\n<meta property=\"og:type\" content=\"article\" \/>\n<meta property=\"og:title\" content=\"La banda de la UTN y el coro Hunuc ofrecieron un recital a beneficio de BENI - Tal Como Soy\" \/>\n<meta property=\"og:description\" content=\"Fue el pasado mi\u00e9rcoles 30 de noviembre ante un importante aforo, en el Sal\u00f3n Auditorio\" \/>\n<meta property=\"og:url\" content=\"https:\/\/talcomosoy.com.ar\/index.php\/la-banda-de-la-utn-y-el-coro-hunuc-ofrecieron-un-recital-a-beneficio-de-beni\/\" \/>\n<meta property=\"og:site_name\" content=\"Tal Como Soy\" \/>\n<meta property=\"article:publisher\" content=\"https:\/\/www.facebook.com\/talcomosoyok\" \/>\n<meta property=\"article:author\" content=\"https:\/\/www.facebook.com\/sindamiranda\" \/>\n<meta property=\"article:published_time\" content=\"2022-12-02T16:05:17+00:00\" \/>\n<meta property=\"article:modified_time\" content=\"2022-12-02T16:07:37+00:00\" \/>\n<meta property=\"og:image\" content=\"https:\/\/i0.wp.com\/talcomosoy.com.ar\/wp-content\/uploads\/2022\/12\/Todos_por_Beni.jpg?fit=719%2C539&ssl=1\" \/>\n\t<meta property=\"og:image:width\" content=\"719\" \/>\n\t<meta property=\"og:image:height\" content=\"539\" \/>\n\t<meta property=\"og:image:type\" content=\"image\/jpeg\" \/>\n<meta name=\"author\" content=\"Sinda Miranda\" \/>\n<meta name=\"twitter:card\" content=\"summary_large_image\" \/>\n<meta name=\"twitter:creator\" content=\"@sindamiranda\" \/>\n<meta name=\"twitter:site\" content=\"@talcomosoyok\" \/>\n<meta name=\"twitter:label1\" content=\"Escrito por\" \/>\n\t<meta name=\"twitter:data1\" content=\"Sinda Miranda\" \/>\n\t<meta name=\"twitter:label2\" content=\"Tiempo de lectura\" \/>\n\t<meta name=\"twitter:data2\" content=\"2 minutos\" \/>\n<script type=\"application\/ld+json\" class=\"yoast-schema-graph\">{\"@context\":\"https:\\\/\\\/schema.org\",\"@graph\":[{\"@type\":\"Article\",\"@id\":\"https:\\\/\\\/talcomosoy.com.ar\\\/index.php\\\/la-banda-de-la-utn-y-el-coro-hunuc-ofrecieron-un-recital-a-beneficio-de-beni\\\/#article\",\"isPartOf\":{\"@id\":\"https:\\\/\\\/talcomosoy.com.ar\\\/index.php\\\/la-banda-de-la-utn-y-el-coro-hunuc-ofrecieron-un-recital-a-beneficio-de-beni\\\/\"},\"author\":{\"name\":\"Sinda Miranda\",\"@id\":\"https:\\\/\\\/talcomosoy.com.ar\\\/#\\\/schema\\\/person\\\/496b3561bd436afcf2be92147ff855c9\"},\"headline\":\"La banda de la UTN y el coro Hunuc ofrecieron un recital a beneficio de BENI\",\"datePublished\":\"2022-12-02T16:05:17+00:00\",\"dateModified\":\"2022-12-02T16:07:37+00:00\",\"mainEntityOfPage\":{\"@id\":\"https:\\\/\\\/talcomosoy.com.ar\\\/index.php\\\/la-banda-de-la-utn-y-el-coro-hunuc-ofrecieron-un-recital-a-beneficio-de-beni\\\/\"},\"wordCount\":252,\"publisher\":{\"@id\":\"https:\\\/\\\/talcomosoy.com.ar\\\/#organization\"},\"image\":{\"@id\":\"https:\\\/\\\/talcomosoy.com.ar\\\/index.php\\\/la-banda-de-la-utn-y-el-coro-hunuc-ofrecieron-un-recital-a-beneficio-de-beni\\\/#primaryimage\"},\"thumbnailUrl\":\"https:\\\/\\\/i0.wp.com\\\/talcomosoy.com.ar\\\/wp-content\\\/uploads\\\/2022\\\/12\\\/Todos_por_Beni.jpg?fit=719%2C539&ssl=1\",\"articleSection\":[\"M\u00fasica\"],\"inLanguage\":\"es\"},{\"@type\":\"WebPage\",\"@id\":\"https:\\\/\\\/talcomosoy.com.ar\\\/index.php\\\/la-banda-de-la-utn-y-el-coro-hunuc-ofrecieron-un-recital-a-beneficio-de-beni\\\/\",\"url\":\"https:\\\/\\\/talcomosoy.com.ar\\\/index.php\\\/la-banda-de-la-utn-y-el-coro-hunuc-ofrecieron-un-recital-a-beneficio-de-beni\\\/\",\"name\":\"La banda de la UTN y el coro Hunuc ofrecieron un recital a beneficio de BENI - Tal Como Soy\",\"isPartOf\":{\"@id\":\"https:\\\/\\\/talcomosoy.com.ar\\\/#website\"},\"primaryImageOfPage\":{\"@id\":\"https:\\\/\\\/talcomosoy.com.ar\\\/index.php\\\/la-banda-de-la-utn-y-el-coro-hunuc-ofrecieron-un-recital-a-beneficio-de-beni\\\/#primaryimage\"},\"image\":{\"@id\":\"https:\\\/\\\/talcomosoy.com.ar\\\/index.php\\\/la-banda-de-la-utn-y-el-coro-hunuc-ofrecieron-un-recital-a-beneficio-de-beni\\\/#primaryimage\"},\"thumbnailUrl\":\"https:\\\/\\\/i0.wp.com\\\/talcomosoy.com.ar\\\/wp-content\\\/uploads\\\/2022\\\/12\\\/Todos_por_Beni.jpg?fit=719%2C539&ssl=1\",\"datePublished\":\"2022-12-02T16:05:17+00:00\",\"dateModified\":\"2022-12-02T16:07:37+00:00\",\"inLanguage\":\"es\",\"potentialAction\":[{\"@type\":\"ReadAction\",\"target\":[\"https:\\\/\\\/talcomosoy.com.ar\\\/index.php\\\/la-banda-de-la-utn-y-el-coro-hunuc-ofrecieron-un-recital-a-beneficio-de-beni\\\/\"]}]},{\"@type\":\"ImageObject\",\"inLanguage\":\"es\",\"@id\":\"https:\\\/\\\/talcomosoy.com.ar\\\/index.php\\\/la-banda-de-la-utn-y-el-coro-hunuc-ofrecieron-un-recital-a-beneficio-de-beni\\\/#primaryimage\",\"url\":\"https:\\\/\\\/i0.wp.com\\\/talcomosoy.com.ar\\\/wp-content\\\/uploads\\\/2022\\\/12\\\/Todos_por_Beni.jpg?fit=719%2C539&ssl=1\",\"contentUrl\":\"https:\\\/\\\/i0.wp.com\\\/talcomosoy.com.ar\\\/wp-content\\\/uploads\\\/2022\\\/12\\\/Todos_por_Beni.jpg?fit=719%2C539&ssl=1\",\"width\":719,\"height\":539},{\"@type\":\"WebSite\",\"@id\":\"https:\\\/\\\/talcomosoy.com.ar\\\/#website\",\"url\":\"https:\\\/\\\/talcomosoy.com.ar\\\/\",\"name\":\"Tal Como Soy\",\"description\":\"Magazine Musical Digital\",\"publisher\":{\"@id\":\"https:\\\/\\\/talcomosoy.com.ar\\\/#organization\"},\"potentialAction\":[{\"@type\":\"SearchAction\",\"target\":{\"@type\":\"EntryPoint\",\"urlTemplate\":\"https:\\\/\\\/talcomosoy.com.ar\\\/?s={search_term_string}\"},\"query-input\":{\"@type\":\"PropertyValueSpecification\",\"valueRequired\":true,\"valueName\":\"search_term_string\"}}],\"inLanguage\":\"es\"},{\"@type\":\"Organization\",\"@id\":\"https:\\\/\\\/talcomosoy.com.ar\\\/#organization\",\"name\":\"Tal Como Soy\",\"url\":\"https:\\\/\\\/talcomosoy.com.ar\\\/\",\"logo\":{\"@type\":\"ImageObject\",\"inLanguage\":\"es\",\"@id\":\"https:\\\/\\\/talcomosoy.com.ar\\\/#\\\/schema\\\/logo\\\/image\\\/\",\"url\":\"https:\\\/\\\/i0.wp.com\\\/talcomosoy.com.ar\\\/wp-content\\\/uploads\\\/2020\\\/02\\\/PUA-2020-TRANSPARENTE.png?fit=570%2C382&ssl=1\",\"contentUrl\":\"https:\\\/\\\/i0.wp.com\\\/talcomosoy.com.ar\\\/wp-content\\\/uploads\\\/2020\\\/02\\\/PUA-2020-TRANSPARENTE.png?fit=570%2C382&ssl=1\",\"width\":570,\"height\":382,\"caption\":\"Tal Como Soy\"},\"image\":{\"@id\":\"https:\\\/\\\/talcomosoy.com.ar\\\/#\\\/schema\\\/logo\\\/image\\\/\"},\"sameAs\":[\"https:\\\/\\\/www.facebook.com\\\/talcomosoyok\",\"https:\\\/\\\/x.com\\\/talcomosoyok\",\"https:\\\/\\\/www.instagram.com\\\/talcomosoyok\",\"https:\\\/\\\/www.youtube.com\\\/channel\\\/UCrutZzYQmd9Fe8pEm5wqsiw\"]},{\"@type\":\"Person\",\"@id\":\"https:\\\/\\\/talcomosoy.com.ar\\\/#\\\/schema\\\/person\\\/496b3561bd436afcf2be92147ff855c9\",\"name\":\"Sinda Miranda\",\"image\":{\"@type\":\"ImageObject\",\"inLanguage\":\"es\",\"@id\":\"https:\\\/\\\/secure.gravatar.com\\\/avatar\\\/ab0e992fc0b7117fe730d00fb0e44073b1fd6e28d69de8e7ac3103f1396f445e?s=96&d=mm&r=g\",\"url\":\"https:\\\/\\\/secure.gravatar.com\\\/avatar\\\/ab0e992fc0b7117fe730d00fb0e44073b1fd6e28d69de8e7ac3103f1396f445e?s=96&d=mm&r=g\",\"contentUrl\":\"https:\\\/\\\/secure.gravatar.com\\\/avatar\\\/ab0e992fc0b7117fe730d00fb0e44073b1fd6e28d69de8e7ac3103f1396f445e?s=96&d=mm&r=g\",\"caption\":\"Sinda Miranda\"},\"description\":\"Escritora, Fot\u00f3grafa, Agente de Prensa\",\"sameAs\":[\"https:\\\/\\\/www.facebook.com\\\/sindamiranda\",\"https:\\\/\\\/www.instagram.com\\\/sindamiranda\",\"https:\\\/\\\/x.com\\\/sindamiranda\"],\"url\":\"https:\\\/\\\/talcomosoy.com.ar\\\/index.php\\\/author\\\/sindamirandatcs\\\/\"}]}<\/script>\n<!-- \/ Yoast SEO plugin. -->","yoast_head_json":{"title":"La banda de la UTN y el coro Hunuc ofrecieron un recital a beneficio de BENI - Tal Como Soy","robots":{"index":"index","follow":"follow","max-snippet":"max-snippet:-1","max-image-preview":"max-image-preview:large","max-video-preview":"max-video-preview:-1"},"canonical":"https:\/\/talcomosoy.com.ar\/index.php\/la-banda-de-la-utn-y-el-coro-hunuc-ofrecieron-un-recital-a-beneficio-de-beni\/","og_locale":"es_ES","og_type":"article","og_title":"La banda de la UTN y el coro Hunuc ofrecieron un recital a beneficio de BENI - Tal Como Soy","og_description":"Fue el pasado mi\u00e9rcoles 30 de noviembre ante un importante aforo, en el Sal\u00f3n Auditorio","og_url":"https:\/\/talcomosoy.com.ar\/index.php\/la-banda-de-la-utn-y-el-coro-hunuc-ofrecieron-un-recital-a-beneficio-de-beni\/","og_site_name":"Tal Como Soy","article_publisher":"https:\/\/www.facebook.com\/talcomosoyok","article_author":"https:\/\/www.facebook.com\/sindamiranda","article_published_time":"2022-12-02T16:05:17+00:00","article_modified_time":"2022-12-02T16:07:37+00:00","og_image":[{"width":719,"height":539,"url":"https:\/\/i0.wp.com\/talcomosoy.com.ar\/wp-content\/uploads\/2022\/12\/Todos_por_Beni.jpg?fit=719%2C539&ssl=1","type":"image\/jpeg"}],"author":"Sinda Miranda","twitter_card":"summary_large_image","twitter_creator":"@sindamiranda","twitter_site":"@talcomosoyok","twitter_misc":{"Escrito por":"Sinda Miranda","Tiempo de lectura":"2 minutos"},"schema":{"@context":"https:\/\/schema.org","@graph":[{"@type":"Article","@id":"https:\/\/talcomosoy.com.ar\/index.php\/la-banda-de-la-utn-y-el-coro-hunuc-ofrecieron-un-recital-a-beneficio-de-beni\/#article","isPartOf":{"@id":"https:\/\/talcomosoy.com.ar\/index.php\/la-banda-de-la-utn-y-el-coro-hunuc-ofrecieron-un-recital-a-beneficio-de-beni\/"},"author":{"name":"Sinda Miranda","@id":"https:\/\/talcomosoy.com.ar\/#\/schema\/person\/496b3561bd436afcf2be92147ff855c9"},"headline":"La banda de la UTN y el coro Hunuc ofrecieron un recital a beneficio de BENI","datePublished":"2022-12-02T16:05:17+00:00","dateModified":"2022-12-02T16:07:37+00:00","mainEntityOfPage":{"@id":"https:\/\/talcomosoy.com.ar\/index.php\/la-banda-de-la-utn-y-el-coro-hunuc-ofrecieron-un-recital-a-beneficio-de-beni\/"},"wordCount":252,"publisher":{"@id":"https:\/\/talcomosoy.com.ar\/#organization"},"image":{"@id":"https:\/\/talcomosoy.com.ar\/index.php\/la-banda-de-la-utn-y-el-coro-hunuc-ofrecieron-un-recital-a-beneficio-de-beni\/#primaryimage"},"thumbnailUrl":"https:\/\/i0.wp.com\/talcomosoy.com.ar\/wp-content\/uploads\/2022\/12\/Todos_por_Beni.jpg?fit=719%2C539&ssl=1","articleSection":["M\u00fasica"],"inLanguage":"es"},{"@type":"WebPage","@id":"https:\/\/talcomosoy.com.ar\/index.php\/la-banda-de-la-utn-y-el-coro-hunuc-ofrecieron-un-recital-a-beneficio-de-beni\/","url":"https:\/\/talcomosoy.com.ar\/index.php\/la-banda-de-la-utn-y-el-coro-hunuc-ofrecieron-un-recital-a-beneficio-de-beni\/","name":"La banda de la UTN y el coro Hunuc ofrecieron un recital a beneficio de BENI - Tal Como Soy","isPartOf":{"@id":"https:\/\/talcomosoy.com.ar\/#website"},"primaryImageOfPage":{"@id":"https:\/\/talcomosoy.com.ar\/index.php\/la-banda-de-la-utn-y-el-coro-hunuc-ofrecieron-un-recital-a-beneficio-de-beni\/#primaryimage"},"image":{"@id":"https:\/\/talcomosoy.com.ar\/index.php\/la-banda-de-la-utn-y-el-coro-hunuc-ofrecieron-un-recital-a-beneficio-de-beni\/#primaryimage"},"thumbnailUrl":"https:\/\/i0.wp.com\/talcomosoy.com.ar\/wp-content\/uploads\/2022\/12\/Todos_por_Beni.jpg?fit=719%2C539&ssl=1","datePublished":"2022-12-02T16:05:17+00:00","dateModified":"2022-12-02T16:07:37+00:00","inLanguage":"es","potentialAction":[{"@type":"ReadAction","target":["https:\/\/talcomosoy.com.ar\/index.php\/la-banda-de-la-utn-y-el-coro-hunuc-ofrecieron-un-recital-a-beneficio-de-beni\/"]}]},{"@type":"ImageObject","inLanguage":"es","@id":"https:\/\/talcomosoy.com.ar\/index.php\/la-banda-de-la-utn-y-el-coro-hunuc-ofrecieron-un-recital-a-beneficio-de-beni\/#primaryimage","url":"https:\/\/i0.wp.com\/talcomosoy.com.ar\/wp-content\/uploads\/2022\/12\/Todos_por_Beni.jpg?fit=719%2C539&ssl=1","contentUrl":"https:\/\/i0.wp.com\/talcomosoy.com.ar\/wp-content\/uploads\/2022\/12\/Todos_por_Beni.jpg?fit=719%2C539&ssl=1","width":719,"height":539},{"@type":"WebSite","@id":"https:\/\/talcomosoy.com.ar\/#website","url":"https:\/\/talcomosoy.com.ar\/","name":"Tal Como Soy","description":"Magazine Musical Digital","publisher":{"@id":"https:\/\/talcomosoy.com.ar\/#organization"},"potentialAction":[{"@type":"SearchAction","target":{"@type":"EntryPoint","urlTemplate":"https:\/\/talcomosoy.com.ar\/?s={search_term_string}"},"query-input":{"@type":"PropertyValueSpecification","valueRequired":true,"valueName":"search_term_string"}}],"inLanguage":"es"},{"@type":"Organization","@id":"https:\/\/talcomosoy.com.ar\/#organization","name":"Tal Como Soy","url":"https:\/\/talcomosoy.com.ar\/","logo":{"@type":"ImageObject","inLanguage":"es","@id":"https:\/\/talcomosoy.com.ar\/#\/schema\/logo\/image\/","url":"https:\/\/i0.wp.com\/talcomosoy.com.ar\/wp-content\/uploads\/2020\/02\/PUA-2020-TRANSPARENTE.png?fit=570%2C382&ssl=1","contentUrl":"https:\/\/i0.wp.com\/talcomosoy.com.ar\/wp-content\/uploads\/2020\/02\/PUA-2020-TRANSPARENTE.png?fit=570%2C382&ssl=1","width":570,"height":382,"caption":"Tal Como Soy"},"image":{"@id":"https:\/\/talcomosoy.com.ar\/#\/schema\/logo\/image\/"},"sameAs":["https:\/\/www.facebook.com\/talcomosoyok","https:\/\/x.com\/talcomosoyok","https:\/\/www.instagram.com\/talcomosoyok","https:\/\/www.youtube.com\/channel\/UCrutZzYQmd9Fe8pEm5wqsiw"]},{"@type":"Person","@id":"https:\/\/talcomosoy.com.ar\/#\/schema\/person\/496b3561bd436afcf2be92147ff855c9","name":"Sinda Miranda","image":{"@type":"ImageObject","inLanguage":"es","@id":"https:\/\/secure.gravatar.com\/avatar\/ab0e992fc0b7117fe730d00fb0e44073b1fd6e28d69de8e7ac3103f1396f445e?s=96&d=mm&r=g","url":"https:\/\/secure.gravatar.com\/avatar\/ab0e992fc0b7117fe730d00fb0e44073b1fd6e28d69de8e7ac3103f1396f445e?s=96&d=mm&r=g","contentUrl":"https:\/\/secure.gravatar.com\/avatar\/ab0e992fc0b7117fe730d00fb0e44073b1fd6e28d69de8e7ac3103f1396f445e?s=96&d=mm&r=g","caption":"Sinda Miranda"},"description":"Escritora, Fot\u00f3grafa, Agente de Prensa","sameAs":["https:\/\/www.facebook.com\/sindamiranda","https:\/\/www.instagram.com\/sindamiranda","https:\/\/x.com\/sindamiranda"],"url":"https:\/\/talcomosoy.com.ar\/index.php\/author\/sindamirandatcs\/"}]}},"jetpack_publicize_connections":[],"jetpack_sharing_enabled":true,"jetpack_likes_enabled":true,"jetpack_featured_media_url":"https:\/\/i0.wp.com\/talcomosoy.com.ar\/wp-content\/uploads\/2022\/12\/Todos_por_Beni.jpg?fit=719%2C539&ssl=1","_links":{"self":[{"href":"https:\/\/talcomosoy.com.ar\/index.php\/wp-json\/wp\/v2\/posts\/13087","targetHints":{"allow":["GET"]}}],"collection":[{"href":"https:\/\/talcomosoy.com.ar\/index.php\/wp-json\/wp\/v2\/posts"}],"about":[{"href":"https:\/\/talcomosoy.com.ar\/index.php\/wp-json\/wp\/v2\/types\/post"}],"author":[{"embeddable":true,"href":"https:\/\/talcomosoy.com.ar\/index.php\/wp-json\/wp\/v2\/users\/1"}],"replies":[{"embeddable":true,"href":"https:\/\/talcomosoy.com.ar\/index.php\/wp-json\/wp\/v2\/comments?post=13087"}],"version-history":[{"count":3,"href":"https:\/\/talcomosoy.com.ar\/index.php\/wp-json\/wp\/v2\/posts\/13087\/revisions"}],"predecessor-version":[{"id":13093,"href":"https:\/\/talcomosoy.com.ar\/index.php\/wp-json\/wp\/v2\/posts\/13087\/revisions\/13093"}],"wp:featuredmedia":[{"embeddable":true,"href":"https:\/\/talcomosoy.com.ar\/index.php\/wp-json\/wp\/v2\/media\/13090"}],"wp:attachment":[{"href":"https:\/\/talcomosoy.com.ar\/index.php\/wp-json\/wp\/v2\/media?parent=13087"}],"wp:term":[{"taxonomy":"category","embeddable":true,"href":"https:\/\/talcomosoy.com.ar\/index.php\/wp-json\/wp\/v2\/categories?post=13087"},{"taxonomy":"post_tag","embeddable":true,"href":"https:\/\/talcomosoy.com.ar\/index.php\/wp-json\/wp\/v2\/tags?post=13087"}],"curies":[{"name":"wp","href":"https:\/\/api.w.org\/{rel}","templated":true}]}}