{"id":12164,"date":"2022-10-20T13:01:34","date_gmt":"2022-10-20T16:01:34","guid":{"rendered":"https:\/\/talcomosoy.com.ar\/?p=12164"},"modified":"2022-10-20T13:01:34","modified_gmt":"2022-10-20T16:01:34","slug":"la-fora-presenta-su-nuevo-material","status":"publish","type":"post","link":"https:\/\/talcomosoy.com.ar\/index.php\/la-fora-presenta-su-nuevo-material\/","title":{"rendered":"La For\u00e1 presenta su nuevo material"},"content":{"rendered":"<h3>Una de las bandas mendocinas de rock alternativo de mayor trayectoria en la escena local vuelve a presentarse en vivo para mostrar sus nuevas canciones y repasar los mejor de su discograf\u00eda . De esta forma, el s\u00e1bado 29 de octubre, a las 22.30 h, La For\u00e1 llega al Willys Bar (Mitre 1371, Chacras de Coria) con un show potente y renovado que adem\u00e1s contar\u00e1 con varios invitados sorpresa. Anticipadas en www.evenbrite.com.ar<\/h3>\n<p>&nbsp;<\/p>\n<p>La For\u00e1 es una banda de rock alternativo de Mendoza (Argentina), formada en 2004. Luego de presentarse en varios festivales y shows propios, en 2006 lanz\u00f3 su primer disco \u201cTe ver\u00e9\u00bb, el fue bien recibido por el p\u00fablico local e hizo ruido a nivel nacional, al punto de que ese mismo a\u00f1o el grupo fue invitado al Pepsi Music (BsAs).<\/p>\n<p>Dado a la repercusi\u00f3n de dicho trabajo, en 2007 la banda decidi\u00f3 plasmarlo con el mismo nombre en un DVD el cual fue grabado en vivo en el Teatro Selectro. Meses m\u00e1s tarde fue elegido para participar del MendoRock. Entre varios shows, en 2008 comparti\u00f3 escenario con Ella Es Tan Cargosa, Bulldog y Bela Lugosi, y llev\u00f3 a cabo su primera gira por Chile.<\/p>\n<p>En los a\u00f1os posteriores La For\u00e1gir\u00f3 por todo el pa\u00eds y particip\u00f3 en destacados festivales como Zona Rock, General Rock, MendoRock, y Negro Rock (Chile); donde toc\u00f3 junto a grupos de la talla de Pier, Las Pelotas, Ciro y Los Persas y La Mancha de Rolando.<\/p>\n<p>En 2011 lanz\u00f3 su esperada 2da placa\u201cLo que somos hoy\u201d. Poco tiempo despu\u00e9s form\u00f3 parte de un disco promocional producido por PopArt, junto a No te va gustar, Babas\u00f3nicos, Guasones, Cabezones y Bomba Stereo.<\/p>\n<p>La banda continu\u00f3 con sus presentaciones tanto en la provincia como en el resto del pa\u00eds, la Fiesta de la M\u00fasica en San Luis (2012\/13), Fiesta de la Cerveza junto a Babas\u00f3nicos (2012), y el show junto a La Renga en el estadio Andes Talleres, fueron sin duda sus participaciones m\u00e1s destacadas. Sumado a esto fue reconocida por quedar entre los mejores 100 grupos del pa\u00eds en el concurso YPF Destino Rock, que ten\u00eda como jurado principal a Gustavo Santaolalla.<\/p>\n<p>En 2018 lanz\u00f3 el sencillo \u00abVenas\u00bb. En 2019 realiz\u00f3 algunos shows en Capital Federal donde se dio el gusto de tocar en el m\u00edtico Rodney Bar y en Casa Rock.<\/p>\n<p>En 2019, lanz\u00f3 el single y videoclip \u00abDe cara al piso\u00bb, el cual fue muy bien recibido por sus fans y la prensa. En 2021 la canci\u00f3n fue grabada en vivo junto a los vientos de Los Caligaris como invitados. Previo esto, en 2020 vio la luz \u00abLafor\u00e1 15 a\u00f1os\u00bb, un material audiovisual grabado en el Espacio Julio Le Parc (Mza).<\/p>\n<p>Recientemente, entre septiembre y comienzos de octubre de 2022, present\u00f3 los singles\u00bbAbrigo\u00bb y \u00abCreo\u00bb, ambos fueron grabados enel estudio Zoara Music (Colegiales, CABA) y contaron con la Producci\u00f3n, Mezcla y Master de Tino Moroder y Bochi Bozzalla (Las Pastillas del Abuelo).<\/p>\n<p><strong>Actualmente La For\u00e1 son: Carlos Rodr\u00edguez (voz), Emiliano Barta (bater\u00eda), Eduardo Orosco (guitarra) y Juli\u00e1n Albarrac\u00edn (bajo).<\/strong><\/p>\n<p>&nbsp;<\/p>\n<h3>Dale Play<\/h3>\n<p>&nbsp;<\/p>\n<div class=\"jetpack-video-wrapper\"><iframe loading=\"lazy\" title=\"Lafor\u00e1 - Creo (Video Lyric)\" width=\"640\" height=\"360\" src=\"https:\/\/www.youtube.com\/embed\/wR2xxW0OpPY?feature=oembed\" frameborder=\"0\" allow=\"accelerometer; autoplay; clipboard-write; encrypted-media; gyroscope; picture-in-picture; web-share\" referrerpolicy=\"strict-origin-when-cross-origin\" allowfullscreen><\/iframe><\/div>\n","protected":false},"excerpt":{"rendered":"<p>Una de las bandas mendocinas de rock alternativo de mayor trayectoria en la escena local<\/p>\n","protected":false},"author":1,"featured_media":12165,"comment_status":"closed","ping_status":"closed","sticky":false,"template":"","format":"standard","meta":{"_jetpack_memberships_contains_paid_content":false,"footnotes":"","jetpack_publicize_message":"","jetpack_publicize_feature_enabled":true,"jetpack_social_post_already_shared":true,"jetpack_social_options":{"image_generator_settings":{"template":"highway","default_image_id":0,"font":"","enabled":false},"version":2}},"categories":[2,79],"tags":[],"class_list":["post-12164","post","type-post","status-publish","format-standard","has-post-thumbnail","hentry","category-musica","category-rock-mendocino"],"yoast_head":"<!-- This site is optimized with the Yoast SEO plugin v27.5 - https:\/\/yoast.com\/product\/yoast-seo-wordpress\/ -->\n<title>La For\u00e1 presenta su nuevo material - Tal Como Soy<\/title>\n<meta name=\"robots\" content=\"index, follow, max-snippet:-1, max-image-preview:large, max-video-preview:-1\" \/>\n<link rel=\"canonical\" href=\"https:\/\/talcomosoy.com.ar\/index.php\/la-fora-presenta-su-nuevo-material\/\" \/>\n<meta property=\"og:locale\" content=\"es_ES\" \/>\n<meta property=\"og:type\" content=\"article\" \/>\n<meta property=\"og:title\" content=\"La For\u00e1 presenta su nuevo material - Tal Como Soy\" \/>\n<meta property=\"og:description\" content=\"Una de las bandas mendocinas de rock alternativo de mayor trayectoria en la escena local\" \/>\n<meta property=\"og:url\" content=\"https:\/\/talcomosoy.com.ar\/index.php\/la-fora-presenta-su-nuevo-material\/\" \/>\n<meta property=\"og:site_name\" content=\"Tal Como Soy\" \/>\n<meta property=\"article:publisher\" content=\"https:\/\/www.facebook.com\/talcomosoyok\" \/>\n<meta property=\"article:author\" content=\"https:\/\/www.facebook.com\/sindamiranda\" \/>\n<meta property=\"article:published_time\" content=\"2022-10-20T16:01:34+00:00\" \/>\n<meta property=\"og:image\" content=\"https:\/\/i0.wp.com\/talcomosoy.com.ar\/wp-content\/uploads\/2022\/10\/unnamed-7.jpg?fit=660%2C437&ssl=1\" \/>\n\t<meta property=\"og:image:width\" content=\"660\" \/>\n\t<meta property=\"og:image:height\" content=\"437\" \/>\n\t<meta property=\"og:image:type\" content=\"image\/jpeg\" \/>\n<meta name=\"author\" content=\"Sinda Miranda\" \/>\n<meta name=\"twitter:card\" content=\"summary_large_image\" \/>\n<meta name=\"twitter:creator\" content=\"@sindamiranda\" \/>\n<meta name=\"twitter:site\" content=\"@talcomosoyok\" \/>\n<meta name=\"twitter:label1\" content=\"Escrito por\" \/>\n\t<meta name=\"twitter:data1\" content=\"Sinda Miranda\" \/>\n\t<meta name=\"twitter:label2\" content=\"Tiempo de lectura\" \/>\n\t<meta name=\"twitter:data2\" content=\"3 minutos\" \/>\n<script type=\"application\/ld+json\" class=\"yoast-schema-graph\">{\"@context\":\"https:\\\/\\\/schema.org\",\"@graph\":[{\"@type\":\"Article\",\"@id\":\"https:\\\/\\\/talcomosoy.com.ar\\\/index.php\\\/la-fora-presenta-su-nuevo-material\\\/#article\",\"isPartOf\":{\"@id\":\"https:\\\/\\\/talcomosoy.com.ar\\\/index.php\\\/la-fora-presenta-su-nuevo-material\\\/\"},\"author\":{\"name\":\"Sinda Miranda\",\"@id\":\"https:\\\/\\\/talcomosoy.com.ar\\\/#\\\/schema\\\/person\\\/496b3561bd436afcf2be92147ff855c9\"},\"headline\":\"La For\u00e1 presenta su nuevo material\",\"datePublished\":\"2022-10-20T16:01:34+00:00\",\"mainEntityOfPage\":{\"@id\":\"https:\\\/\\\/talcomosoy.com.ar\\\/index.php\\\/la-fora-presenta-su-nuevo-material\\\/\"},\"wordCount\":534,\"publisher\":{\"@id\":\"https:\\\/\\\/talcomosoy.com.ar\\\/#organization\"},\"image\":{\"@id\":\"https:\\\/\\\/talcomosoy.com.ar\\\/index.php\\\/la-fora-presenta-su-nuevo-material\\\/#primaryimage\"},\"thumbnailUrl\":\"https:\\\/\\\/i0.wp.com\\\/talcomosoy.com.ar\\\/wp-content\\\/uploads\\\/2022\\\/10\\\/unnamed-7.jpg?fit=660%2C437&ssl=1\",\"articleSection\":[\"M\u00fasica\",\"Rock Mendocino\"],\"inLanguage\":\"es\"},{\"@type\":\"WebPage\",\"@id\":\"https:\\\/\\\/talcomosoy.com.ar\\\/index.php\\\/la-fora-presenta-su-nuevo-material\\\/\",\"url\":\"https:\\\/\\\/talcomosoy.com.ar\\\/index.php\\\/la-fora-presenta-su-nuevo-material\\\/\",\"name\":\"La For\u00e1 presenta su nuevo material - Tal Como Soy\",\"isPartOf\":{\"@id\":\"https:\\\/\\\/talcomosoy.com.ar\\\/#website\"},\"primaryImageOfPage\":{\"@id\":\"https:\\\/\\\/talcomosoy.com.ar\\\/index.php\\\/la-fora-presenta-su-nuevo-material\\\/#primaryimage\"},\"image\":{\"@id\":\"https:\\\/\\\/talcomosoy.com.ar\\\/index.php\\\/la-fora-presenta-su-nuevo-material\\\/#primaryimage\"},\"thumbnailUrl\":\"https:\\\/\\\/i0.wp.com\\\/talcomosoy.com.ar\\\/wp-content\\\/uploads\\\/2022\\\/10\\\/unnamed-7.jpg?fit=660%2C437&ssl=1\",\"datePublished\":\"2022-10-20T16:01:34+00:00\",\"inLanguage\":\"es\",\"potentialAction\":[{\"@type\":\"ReadAction\",\"target\":[\"https:\\\/\\\/talcomosoy.com.ar\\\/index.php\\\/la-fora-presenta-su-nuevo-material\\\/\"]}]},{\"@type\":\"ImageObject\",\"inLanguage\":\"es\",\"@id\":\"https:\\\/\\\/talcomosoy.com.ar\\\/index.php\\\/la-fora-presenta-su-nuevo-material\\\/#primaryimage\",\"url\":\"https:\\\/\\\/i0.wp.com\\\/talcomosoy.com.ar\\\/wp-content\\\/uploads\\\/2022\\\/10\\\/unnamed-7.jpg?fit=660%2C437&ssl=1\",\"contentUrl\":\"https:\\\/\\\/i0.wp.com\\\/talcomosoy.com.ar\\\/wp-content\\\/uploads\\\/2022\\\/10\\\/unnamed-7.jpg?fit=660%2C437&ssl=1\",\"width\":660,\"height\":437,\"caption\":\"Cr\u00e9dito fotograf\u00eda: Laura Musere\"},{\"@type\":\"WebSite\",\"@id\":\"https:\\\/\\\/talcomosoy.com.ar\\\/#website\",\"url\":\"https:\\\/\\\/talcomosoy.com.ar\\\/\",\"name\":\"Tal Como Soy\",\"description\":\"Magazine Musical Digital\",\"publisher\":{\"@id\":\"https:\\\/\\\/talcomosoy.com.ar\\\/#organization\"},\"potentialAction\":[{\"@type\":\"SearchAction\",\"target\":{\"@type\":\"EntryPoint\",\"urlTemplate\":\"https:\\\/\\\/talcomosoy.com.ar\\\/?s={search_term_string}\"},\"query-input\":{\"@type\":\"PropertyValueSpecification\",\"valueRequired\":true,\"valueName\":\"search_term_string\"}}],\"inLanguage\":\"es\"},{\"@type\":\"Organization\",\"@id\":\"https:\\\/\\\/talcomosoy.com.ar\\\/#organization\",\"name\":\"Tal Como Soy\",\"url\":\"https:\\\/\\\/talcomosoy.com.ar\\\/\",\"logo\":{\"@type\":\"ImageObject\",\"inLanguage\":\"es\",\"@id\":\"https:\\\/\\\/talcomosoy.com.ar\\\/#\\\/schema\\\/logo\\\/image\\\/\",\"url\":\"https:\\\/\\\/i0.wp.com\\\/talcomosoy.com.ar\\\/wp-content\\\/uploads\\\/2020\\\/02\\\/PUA-2020-TRANSPARENTE.png?fit=570%2C382&ssl=1\",\"contentUrl\":\"https:\\\/\\\/i0.wp.com\\\/talcomosoy.com.ar\\\/wp-content\\\/uploads\\\/2020\\\/02\\\/PUA-2020-TRANSPARENTE.png?fit=570%2C382&ssl=1\",\"width\":570,\"height\":382,\"caption\":\"Tal Como Soy\"},\"image\":{\"@id\":\"https:\\\/\\\/talcomosoy.com.ar\\\/#\\\/schema\\\/logo\\\/image\\\/\"},\"sameAs\":[\"https:\\\/\\\/www.facebook.com\\\/talcomosoyok\",\"https:\\\/\\\/x.com\\\/talcomosoyok\",\"https:\\\/\\\/www.instagram.com\\\/talcomosoyok\",\"https:\\\/\\\/www.youtube.com\\\/channel\\\/UCrutZzYQmd9Fe8pEm5wqsiw\"]},{\"@type\":\"Person\",\"@id\":\"https:\\\/\\\/talcomosoy.com.ar\\\/#\\\/schema\\\/person\\\/496b3561bd436afcf2be92147ff855c9\",\"name\":\"Sinda Miranda\",\"image\":{\"@type\":\"ImageObject\",\"inLanguage\":\"es\",\"@id\":\"https:\\\/\\\/secure.gravatar.com\\\/avatar\\\/ab0e992fc0b7117fe730d00fb0e44073b1fd6e28d69de8e7ac3103f1396f445e?s=96&d=mm&r=g\",\"url\":\"https:\\\/\\\/secure.gravatar.com\\\/avatar\\\/ab0e992fc0b7117fe730d00fb0e44073b1fd6e28d69de8e7ac3103f1396f445e?s=96&d=mm&r=g\",\"contentUrl\":\"https:\\\/\\\/secure.gravatar.com\\\/avatar\\\/ab0e992fc0b7117fe730d00fb0e44073b1fd6e28d69de8e7ac3103f1396f445e?s=96&d=mm&r=g\",\"caption\":\"Sinda Miranda\"},\"description\":\"Escritora, Fot\u00f3grafa, Agente de Prensa\",\"sameAs\":[\"https:\\\/\\\/www.facebook.com\\\/sindamiranda\",\"https:\\\/\\\/www.instagram.com\\\/sindamiranda\",\"https:\\\/\\\/x.com\\\/sindamiranda\"],\"url\":\"https:\\\/\\\/talcomosoy.com.ar\\\/index.php\\\/author\\\/sindamirandatcs\\\/\"}]}<\/script>\n<!-- \/ Yoast SEO plugin. -->","yoast_head_json":{"title":"La For\u00e1 presenta su nuevo material - Tal Como Soy","robots":{"index":"index","follow":"follow","max-snippet":"max-snippet:-1","max-image-preview":"max-image-preview:large","max-video-preview":"max-video-preview:-1"},"canonical":"https:\/\/talcomosoy.com.ar\/index.php\/la-fora-presenta-su-nuevo-material\/","og_locale":"es_ES","og_type":"article","og_title":"La For\u00e1 presenta su nuevo material - Tal Como Soy","og_description":"Una de las bandas mendocinas de rock alternativo de mayor trayectoria en la escena local","og_url":"https:\/\/talcomosoy.com.ar\/index.php\/la-fora-presenta-su-nuevo-material\/","og_site_name":"Tal Como Soy","article_publisher":"https:\/\/www.facebook.com\/talcomosoyok","article_author":"https:\/\/www.facebook.com\/sindamiranda","article_published_time":"2022-10-20T16:01:34+00:00","og_image":[{"width":660,"height":437,"url":"https:\/\/i0.wp.com\/talcomosoy.com.ar\/wp-content\/uploads\/2022\/10\/unnamed-7.jpg?fit=660%2C437&ssl=1","type":"image\/jpeg"}],"author":"Sinda Miranda","twitter_card":"summary_large_image","twitter_creator":"@sindamiranda","twitter_site":"@talcomosoyok","twitter_misc":{"Escrito por":"Sinda Miranda","Tiempo de lectura":"3 minutos"},"schema":{"@context":"https:\/\/schema.org","@graph":[{"@type":"Article","@id":"https:\/\/talcomosoy.com.ar\/index.php\/la-fora-presenta-su-nuevo-material\/#article","isPartOf":{"@id":"https:\/\/talcomosoy.com.ar\/index.php\/la-fora-presenta-su-nuevo-material\/"},"author":{"name":"Sinda Miranda","@id":"https:\/\/talcomosoy.com.ar\/#\/schema\/person\/496b3561bd436afcf2be92147ff855c9"},"headline":"La For\u00e1 presenta su nuevo material","datePublished":"2022-10-20T16:01:34+00:00","mainEntityOfPage":{"@id":"https:\/\/talcomosoy.com.ar\/index.php\/la-fora-presenta-su-nuevo-material\/"},"wordCount":534,"publisher":{"@id":"https:\/\/talcomosoy.com.ar\/#organization"},"image":{"@id":"https:\/\/talcomosoy.com.ar\/index.php\/la-fora-presenta-su-nuevo-material\/#primaryimage"},"thumbnailUrl":"https:\/\/i0.wp.com\/talcomosoy.com.ar\/wp-content\/uploads\/2022\/10\/unnamed-7.jpg?fit=660%2C437&ssl=1","articleSection":["M\u00fasica","Rock Mendocino"],"inLanguage":"es"},{"@type":"WebPage","@id":"https:\/\/talcomosoy.com.ar\/index.php\/la-fora-presenta-su-nuevo-material\/","url":"https:\/\/talcomosoy.com.ar\/index.php\/la-fora-presenta-su-nuevo-material\/","name":"La For\u00e1 presenta su nuevo material - Tal Como Soy","isPartOf":{"@id":"https:\/\/talcomosoy.com.ar\/#website"},"primaryImageOfPage":{"@id":"https:\/\/talcomosoy.com.ar\/index.php\/la-fora-presenta-su-nuevo-material\/#primaryimage"},"image":{"@id":"https:\/\/talcomosoy.com.ar\/index.php\/la-fora-presenta-su-nuevo-material\/#primaryimage"},"thumbnailUrl":"https:\/\/i0.wp.com\/talcomosoy.com.ar\/wp-content\/uploads\/2022\/10\/unnamed-7.jpg?fit=660%2C437&ssl=1","datePublished":"2022-10-20T16:01:34+00:00","inLanguage":"es","potentialAction":[{"@type":"ReadAction","target":["https:\/\/talcomosoy.com.ar\/index.php\/la-fora-presenta-su-nuevo-material\/"]}]},{"@type":"ImageObject","inLanguage":"es","@id":"https:\/\/talcomosoy.com.ar\/index.php\/la-fora-presenta-su-nuevo-material\/#primaryimage","url":"https:\/\/i0.wp.com\/talcomosoy.com.ar\/wp-content\/uploads\/2022\/10\/unnamed-7.jpg?fit=660%2C437&ssl=1","contentUrl":"https:\/\/i0.wp.com\/talcomosoy.com.ar\/wp-content\/uploads\/2022\/10\/unnamed-7.jpg?fit=660%2C437&ssl=1","width":660,"height":437,"caption":"Cr\u00e9dito fotograf\u00eda: Laura Musere"},{"@type":"WebSite","@id":"https:\/\/talcomosoy.com.ar\/#website","url":"https:\/\/talcomosoy.com.ar\/","name":"Tal Como Soy","description":"Magazine Musical Digital","publisher":{"@id":"https:\/\/talcomosoy.com.ar\/#organization"},"potentialAction":[{"@type":"SearchAction","target":{"@type":"EntryPoint","urlTemplate":"https:\/\/talcomosoy.com.ar\/?s={search_term_string}"},"query-input":{"@type":"PropertyValueSpecification","valueRequired":true,"valueName":"search_term_string"}}],"inLanguage":"es"},{"@type":"Organization","@id":"https:\/\/talcomosoy.com.ar\/#organization","name":"Tal Como Soy","url":"https:\/\/talcomosoy.com.ar\/","logo":{"@type":"ImageObject","inLanguage":"es","@id":"https:\/\/talcomosoy.com.ar\/#\/schema\/logo\/image\/","url":"https:\/\/i0.wp.com\/talcomosoy.com.ar\/wp-content\/uploads\/2020\/02\/PUA-2020-TRANSPARENTE.png?fit=570%2C382&ssl=1","contentUrl":"https:\/\/i0.wp.com\/talcomosoy.com.ar\/wp-content\/uploads\/2020\/02\/PUA-2020-TRANSPARENTE.png?fit=570%2C382&ssl=1","width":570,"height":382,"caption":"Tal Como Soy"},"image":{"@id":"https:\/\/talcomosoy.com.ar\/#\/schema\/logo\/image\/"},"sameAs":["https:\/\/www.facebook.com\/talcomosoyok","https:\/\/x.com\/talcomosoyok","https:\/\/www.instagram.com\/talcomosoyok","https:\/\/www.youtube.com\/channel\/UCrutZzYQmd9Fe8pEm5wqsiw"]},{"@type":"Person","@id":"https:\/\/talcomosoy.com.ar\/#\/schema\/person\/496b3561bd436afcf2be92147ff855c9","name":"Sinda Miranda","image":{"@type":"ImageObject","inLanguage":"es","@id":"https:\/\/secure.gravatar.com\/avatar\/ab0e992fc0b7117fe730d00fb0e44073b1fd6e28d69de8e7ac3103f1396f445e?s=96&d=mm&r=g","url":"https:\/\/secure.gravatar.com\/avatar\/ab0e992fc0b7117fe730d00fb0e44073b1fd6e28d69de8e7ac3103f1396f445e?s=96&d=mm&r=g","contentUrl":"https:\/\/secure.gravatar.com\/avatar\/ab0e992fc0b7117fe730d00fb0e44073b1fd6e28d69de8e7ac3103f1396f445e?s=96&d=mm&r=g","caption":"Sinda Miranda"},"description":"Escritora, Fot\u00f3grafa, Agente de Prensa","sameAs":["https:\/\/www.facebook.com\/sindamiranda","https:\/\/www.instagram.com\/sindamiranda","https:\/\/x.com\/sindamiranda"],"url":"https:\/\/talcomosoy.com.ar\/index.php\/author\/sindamirandatcs\/"}]}},"jetpack_publicize_connections":[],"jetpack_featured_media_url":"https:\/\/i0.wp.com\/talcomosoy.com.ar\/wp-content\/uploads\/2022\/10\/unnamed-7.jpg?fit=660%2C437&ssl=1","jetpack_sharing_enabled":true,"jetpack_likes_enabled":true,"_links":{"self":[{"href":"https:\/\/talcomosoy.com.ar\/index.php\/wp-json\/wp\/v2\/posts\/12164","targetHints":{"allow":["GET"]}}],"collection":[{"href":"https:\/\/talcomosoy.com.ar\/index.php\/wp-json\/wp\/v2\/posts"}],"about":[{"href":"https:\/\/talcomosoy.com.ar\/index.php\/wp-json\/wp\/v2\/types\/post"}],"author":[{"embeddable":true,"href":"https:\/\/talcomosoy.com.ar\/index.php\/wp-json\/wp\/v2\/users\/1"}],"replies":[{"embeddable":true,"href":"https:\/\/talcomosoy.com.ar\/index.php\/wp-json\/wp\/v2\/comments?post=12164"}],"version-history":[{"count":1,"href":"https:\/\/talcomosoy.com.ar\/index.php\/wp-json\/wp\/v2\/posts\/12164\/revisions"}],"predecessor-version":[{"id":12166,"href":"https:\/\/talcomosoy.com.ar\/index.php\/wp-json\/wp\/v2\/posts\/12164\/revisions\/12166"}],"wp:featuredmedia":[{"embeddable":true,"href":"https:\/\/talcomosoy.com.ar\/index.php\/wp-json\/wp\/v2\/media\/12165"}],"wp:attachment":[{"href":"https:\/\/talcomosoy.com.ar\/index.php\/wp-json\/wp\/v2\/media?parent=12164"}],"wp:term":[{"taxonomy":"category","embeddable":true,"href":"https:\/\/talcomosoy.com.ar\/index.php\/wp-json\/wp\/v2\/categories?post=12164"},{"taxonomy":"post_tag","embeddable":true,"href":"https:\/\/talcomosoy.com.ar\/index.php\/wp-json\/wp\/v2\/tags?post=12164"}],"curies":[{"name":"wp","href":"https:\/\/api.w.org\/{rel}","templated":true}]}}