{"id":12161,"date":"2022-10-20T12:56:00","date_gmt":"2022-10-20T15:56:00","guid":{"rendered":"https:\/\/talcomosoy.com.ar\/?p=12161"},"modified":"2022-10-20T12:56:00","modified_gmt":"2022-10-20T15:56:00","slug":"a-n-i-m-a-l-presenta-intimo-extremo-30-anos-su-nuevo-album","status":"publish","type":"post","link":"https:\/\/talcomosoy.com.ar\/index.php\/a-n-i-m-a-l-presenta-intimo-extremo-30-anos-su-nuevo-album\/","title":{"rendered":"A.N.I.M.A.L\u00a0presenta \u00ab\u00cdntimo Extremo &#8211; 30 a\u00f1os\u00bb su nuevo \u00e1lbum"},"content":{"rendered":"<h3>Una edici\u00f3n especial con la participaci\u00f3n de Enrique Bunbury, Draco Rosa, Lali, Los Aut\u00e9nticos Decadentes, Andr\u00e9s Calamaro, Chizzo Napoli, Abel Pintos, Le\u00f3n Gieco, Ca7riel, Neo Pistea, Alejandro Lerner, Agarrate Catalina, Lula Bertoldi, Rub\u00e9n Albarr\u00e1n, y Alex Lora entre otros.<\/h3>\n<p>&nbsp;<\/p>\n<p>Celebrando tres d\u00e9cadas de trayectoria, la banda m\u00e1s ic\u00f3nica del rock argentino, A.N.I.M.A.L lanza su \u00e1lbum \u201c\u00cdNTIMO EXTREMO &#8211; 30 A\u00d1OS\u201d, catorce de sus cl\u00e1sicos en versiones completamente nuevas, grabadas en colaboraci\u00f3n con colegas de todo Hispanoam\u00e9rica. El \u00e1lbum ve la luz junto con el lanzamiento del single \u201cSolo por ser indios\u201d junto al artista colombiano Juanes.<\/p>\n<p><em>\u201c30 a\u00f1os de A.N.I.M.A.L es algo hist\u00f3rico e impensado a la vez. Gracias a Dios, hemos pasado por distintas situaciones en nuestra carrera: momentos dif\u00edciles y de gloria, separaciones y reuniones, pero siempre A.N.I.M.A.L se mantuvo vivo en sus fans. Eso hizo que queramos celebrar de una manera diferente estos 30 a\u00f1os de A.N.I.M.A.L\u201d<\/em>, comenta Andr\u00e9s Gimenez.<\/p>\n<p style=\"text-align: center;\"><strong><a href=\"https:\/\/music.apple.com\/us\/album\/1647813043?l=es&amp;ls=1&amp;app=music&amp;at=1l3vpUI&amp;ct=LFV_63a5b05b509a5588869b5d8244b93422&amp;itscg=30440&amp;itsct=catchall_p1&amp;lId=26660037&amp;cId=none&amp;sr=1&amp;src=Linkfire\">Dale Play<\/a><\/strong><\/p>\n<p>Los grandes invitados son: Juanes, Enrique Bunbury, Draco Rosa, Lali, Los Aut\u00e9nticos Decadentes, Andr\u00e9s Calamaro, Chizzo Napoli (La Renga), Abel Pintos, Le\u00f3n Gieco, Ca7riel, Neo Pistea, Alejandro Lerner, Agarrate Catalina, Lula Bertoldi (Eruca Sativa), Rub\u00e9n Albarr\u00e1n (Cafe Tacvba), Alex Lora (El Tri), Roco Pachukote (Maldita Vecindad), Santiago Cruz, Lucybell y Matamba y Alejandro Taranto.<\/p>\n<p>El vocalista y compositor del grupo, destaca: \u201c\u00cdntimo Extremo se trata de eso, reversionar 15 canciones hist\u00f3ricas en ese formato: que est\u00e9 lo m\u00e1s \u00edntimo y vers\u00e1til posible, con las cosas m\u00e1s sorprendentes que A.N.I.M.A.L nunca perdi\u00f3 y siempre tuvo; y, a la vez lo m\u00e1s extremo de la banda, que es esa pesadez que siempre nos caracteriz\u00f3. En este disco logramos fusionar ambas cosas\u201d.<\/p>\n<p><strong>La formaci\u00f3n de A.N.I.M.A.L para este proyecto fue: Andr\u00e9s Gim\u00e9nez (voz y guitarras), Marcelo Castro (bater\u00eda y percusi\u00f3n), Cristian Lapolla (bajos y voz) y Osko Cariola (programaci\u00f3n y teclados).<\/strong><\/p>\n<p>El \u00e1lbum, producido art\u00edsticamente por Gim\u00e9nez y Cariola, ve la luz precedido por el single \u201cSolo por ser indios\u201d junto al artista colombiano Juanes. Una poderosa versi\u00f3n que cuenta con un video animado 3D de gran calidad en su realizaci\u00f3n cinematogr\u00e1fica, con cuidados detalles en la modelaci\u00f3n de los personajes y otros elementos visuales de la ambientaci\u00f3n.<\/p>\n<p>&nbsp;<\/p>\n<h3>Mir\u00e1 el video<\/h3>\n<div class=\"jetpack-video-wrapper\"><iframe loading=\"lazy\" title=\"A.N.I.M.A.L, Juanes - Solo por Ser Indios (Official Animated Video) ft. Juanes\" width=\"640\" height=\"360\" src=\"https:\/\/www.youtube.com\/embed\/20oPCnIGZ7s?feature=oembed\" frameborder=\"0\" allow=\"accelerometer; autoplay; clipboard-write; encrypted-media; gyroscope; picture-in-picture; web-share\" referrerpolicy=\"strict-origin-when-cross-origin\" allowfullscreen><\/iframe><\/div>\n<p>&nbsp;<\/p>\n<h4>A.N.I.M.A.L \u00cdNTIMO EXTREMO \u2013 30 A\u00d1OS<\/h4>\n<p>1) Aura &#8211; A.N.I.M.A.L &amp; Lula Bertoldi (Eruca Sativa)<br \/>\n2) Loco pro &#8211; A.N.I.M.A.L feat. Los Aut\u00e9nticos Decadentes<br \/>\n3) Combativo &#8211; A.N.I.M.A.L feat. Bunbury<br \/>\n4) Esclavo de Ilusi\u00f3n &#8211; A.N.I.M.A.L feat. Draco Rosa<br \/>\n5) Revoluci\u00f3n &#8211; A.N.I.M.A.L feat. Lali<br \/>\n6) Sol &#8211; A.N.I.M.A.L feat. Gustavo \u00abChizzo\u00bb Napoli (La Renga) &amp; Alex Lora (El Tri)<br \/>\n7) Buscando llegar hasta el sol &#8211; A.N.I.M.A.L feat. Abel Pintos<br \/>\n8) El nuevo camino del hombre &#8211; A.N.I.M.A.L feat. Andr\u00e9s Calamaro &amp; Le\u00f3n Gieco<br \/>\n9) Milagro &#8211; A.N.I.M.A.L feat. Rub\u00e9n Albarr\u00e1n (Caf\u00e9 Tacvba) &amp; Roco Pachukote (Maldita vecindad)<br \/>\n10) Mi barrio &#8211; A.N.I.M.A.L feat. Neo Pistea, Ca7riel &amp; Alejandro Taranto<br \/>\n11) Presos del olvido &#8211; A.N.I.M.A.L &amp; Santiago Cruz<br \/>\n12) Horror &#8211; A.N.I.M.A.L, Matamba &amp; Lucybell<br \/>\n13) Una raz\u00f3n para seguir &#8211; A.N.I.M.A.L feat. Alejandro Lerner<br \/>\n14) Real &#8211; A.N.I.M.A.L feat. Agarrate Catalina<\/p>\n<h3>\n<p>Sobre A.N.I.M.A.L.<\/h3>\n<p>&nbsp;<\/p>\n<p>A.N.I.M.A.L cuyas siglas significan \u201cAcosados Nuestros Indios Murieron Al Luchar\u201d, es un grupo argentino nacido en 1992 que interrumpe en la escena del rock latinoamericano con un mensaje claro sobre la defensa y valoraci\u00f3n de las etnias y razas de todo el continente. Con una trayectoria de 30 a\u00f1os, diez \u00e1lbumes de estudio y presentaciones en los m\u00e1s grandes festivales de Am\u00e9rica latina, Estados Unidos y Europa, sin duda A.N.I.M.A.L ha dejado una huella imborrable en el coraz\u00f3n de sus fans y en la cultura del rock en espa\u00f1ol.<\/p>\n<p>&nbsp;<\/p>\n<p>&nbsp;<\/p>\n","protected":false},"excerpt":{"rendered":"<p>Una edici\u00f3n especial con la participaci\u00f3n de Enrique Bunbury, Draco Rosa, Lali, Los Aut\u00e9nticos Decadentes,<\/p>\n","protected":false},"author":1,"featured_media":12162,"comment_status":"closed","ping_status":"closed","sticky":false,"template":"","format":"standard","meta":{"_jetpack_memberships_contains_paid_content":false,"footnotes":"","jetpack_publicize_message":"","jetpack_publicize_feature_enabled":true,"jetpack_social_post_already_shared":true,"jetpack_social_options":{"image_generator_settings":{"template":"highway","default_image_id":0,"font":"","enabled":false},"version":2}},"categories":[2,87],"tags":[],"class_list":["post-12161","post","type-post","status-publish","format-standard","has-post-thumbnail","hentry","category-musica","category-rock-argentino"],"yoast_head":"<!-- This site is optimized with the Yoast SEO plugin v27.5 - https:\/\/yoast.com\/product\/yoast-seo-wordpress\/ -->\n<title>A.N.I.M.A.L\u00a0presenta &quot;\u00cdntimo Extremo - 30 a\u00f1os&quot; su nuevo \u00e1lbum - Tal Como Soy<\/title>\n<meta name=\"robots\" content=\"index, follow, max-snippet:-1, max-image-preview:large, max-video-preview:-1\" \/>\n<link rel=\"canonical\" href=\"https:\/\/talcomosoy.com.ar\/index.php\/a-n-i-m-a-l-presenta-intimo-extremo-30-anos-su-nuevo-album\/\" \/>\n<meta property=\"og:locale\" content=\"es_ES\" \/>\n<meta property=\"og:type\" content=\"article\" \/>\n<meta property=\"og:title\" content=\"A.N.I.M.A.L\u00a0presenta &quot;\u00cdntimo Extremo - 30 a\u00f1os&quot; su nuevo \u00e1lbum - Tal Como Soy\" \/>\n<meta property=\"og:description\" content=\"Una edici\u00f3n especial con la participaci\u00f3n de Enrique Bunbury, Draco Rosa, Lali, Los Aut\u00e9nticos Decadentes,\" \/>\n<meta property=\"og:url\" content=\"https:\/\/talcomosoy.com.ar\/index.php\/a-n-i-m-a-l-presenta-intimo-extremo-30-anos-su-nuevo-album\/\" \/>\n<meta property=\"og:site_name\" content=\"Tal Como Soy\" \/>\n<meta property=\"article:publisher\" content=\"https:\/\/www.facebook.com\/talcomosoyok\" \/>\n<meta property=\"article:author\" content=\"https:\/\/www.facebook.com\/sindamiranda\" \/>\n<meta property=\"article:published_time\" content=\"2022-10-20T15:56:00+00:00\" \/>\n<meta property=\"og:image\" content=\"https:\/\/i0.wp.com\/talcomosoy.com.ar\/wp-content\/uploads\/2022\/10\/unnamed-5.jpg?fit=600%2C400&ssl=1\" \/>\n\t<meta property=\"og:image:width\" content=\"600\" \/>\n\t<meta property=\"og:image:height\" content=\"400\" \/>\n\t<meta property=\"og:image:type\" content=\"image\/jpeg\" \/>\n<meta name=\"author\" content=\"Sinda Miranda\" \/>\n<meta name=\"twitter:card\" content=\"summary_large_image\" \/>\n<meta name=\"twitter:creator\" content=\"@sindamiranda\" \/>\n<meta name=\"twitter:site\" content=\"@talcomosoyok\" \/>\n<meta name=\"twitter:label1\" content=\"Escrito por\" \/>\n\t<meta name=\"twitter:data1\" content=\"Sinda Miranda\" \/>\n\t<meta name=\"twitter:label2\" content=\"Tiempo de lectura\" \/>\n\t<meta name=\"twitter:data2\" content=\"3 minutos\" \/>\n<script type=\"application\/ld+json\" class=\"yoast-schema-graph\">{\"@context\":\"https:\\\/\\\/schema.org\",\"@graph\":[{\"@type\":\"Article\",\"@id\":\"https:\\\/\\\/talcomosoy.com.ar\\\/index.php\\\/a-n-i-m-a-l-presenta-intimo-extremo-30-anos-su-nuevo-album\\\/#article\",\"isPartOf\":{\"@id\":\"https:\\\/\\\/talcomosoy.com.ar\\\/index.php\\\/a-n-i-m-a-l-presenta-intimo-extremo-30-anos-su-nuevo-album\\\/\"},\"author\":{\"name\":\"Sinda Miranda\",\"@id\":\"https:\\\/\\\/talcomosoy.com.ar\\\/#\\\/schema\\\/person\\\/496b3561bd436afcf2be92147ff855c9\"},\"headline\":\"A.N.I.M.A.L\u00a0presenta \u00ab\u00cdntimo Extremo &#8211; 30 a\u00f1os\u00bb su nuevo \u00e1lbum\",\"datePublished\":\"2022-10-20T15:56:00+00:00\",\"mainEntityOfPage\":{\"@id\":\"https:\\\/\\\/talcomosoy.com.ar\\\/index.php\\\/a-n-i-m-a-l-presenta-intimo-extremo-30-anos-su-nuevo-album\\\/\"},\"wordCount\":785,\"publisher\":{\"@id\":\"https:\\\/\\\/talcomosoy.com.ar\\\/#organization\"},\"image\":{\"@id\":\"https:\\\/\\\/talcomosoy.com.ar\\\/index.php\\\/a-n-i-m-a-l-presenta-intimo-extremo-30-anos-su-nuevo-album\\\/#primaryimage\"},\"thumbnailUrl\":\"https:\\\/\\\/i0.wp.com\\\/talcomosoy.com.ar\\\/wp-content\\\/uploads\\\/2022\\\/10\\\/unnamed-5.jpg?fit=600%2C400&ssl=1\",\"articleSection\":[\"M\u00fasica\",\"Rock Argentino\"],\"inLanguage\":\"es\"},{\"@type\":\"WebPage\",\"@id\":\"https:\\\/\\\/talcomosoy.com.ar\\\/index.php\\\/a-n-i-m-a-l-presenta-intimo-extremo-30-anos-su-nuevo-album\\\/\",\"url\":\"https:\\\/\\\/talcomosoy.com.ar\\\/index.php\\\/a-n-i-m-a-l-presenta-intimo-extremo-30-anos-su-nuevo-album\\\/\",\"name\":\"A.N.I.M.A.L\u00a0presenta \\\"\u00cdntimo Extremo - 30 a\u00f1os\\\" su nuevo \u00e1lbum - Tal Como Soy\",\"isPartOf\":{\"@id\":\"https:\\\/\\\/talcomosoy.com.ar\\\/#website\"},\"primaryImageOfPage\":{\"@id\":\"https:\\\/\\\/talcomosoy.com.ar\\\/index.php\\\/a-n-i-m-a-l-presenta-intimo-extremo-30-anos-su-nuevo-album\\\/#primaryimage\"},\"image\":{\"@id\":\"https:\\\/\\\/talcomosoy.com.ar\\\/index.php\\\/a-n-i-m-a-l-presenta-intimo-extremo-30-anos-su-nuevo-album\\\/#primaryimage\"},\"thumbnailUrl\":\"https:\\\/\\\/i0.wp.com\\\/talcomosoy.com.ar\\\/wp-content\\\/uploads\\\/2022\\\/10\\\/unnamed-5.jpg?fit=600%2C400&ssl=1\",\"datePublished\":\"2022-10-20T15:56:00+00:00\",\"inLanguage\":\"es\",\"potentialAction\":[{\"@type\":\"ReadAction\",\"target\":[\"https:\\\/\\\/talcomosoy.com.ar\\\/index.php\\\/a-n-i-m-a-l-presenta-intimo-extremo-30-anos-su-nuevo-album\\\/\"]}]},{\"@type\":\"ImageObject\",\"inLanguage\":\"es\",\"@id\":\"https:\\\/\\\/talcomosoy.com.ar\\\/index.php\\\/a-n-i-m-a-l-presenta-intimo-extremo-30-anos-su-nuevo-album\\\/#primaryimage\",\"url\":\"https:\\\/\\\/i0.wp.com\\\/talcomosoy.com.ar\\\/wp-content\\\/uploads\\\/2022\\\/10\\\/unnamed-5.jpg?fit=600%2C400&ssl=1\",\"contentUrl\":\"https:\\\/\\\/i0.wp.com\\\/talcomosoy.com.ar\\\/wp-content\\\/uploads\\\/2022\\\/10\\\/unnamed-5.jpg?fit=600%2C400&ssl=1\",\"width\":600,\"height\":400},{\"@type\":\"WebSite\",\"@id\":\"https:\\\/\\\/talcomosoy.com.ar\\\/#website\",\"url\":\"https:\\\/\\\/talcomosoy.com.ar\\\/\",\"name\":\"Tal Como Soy\",\"description\":\"Magazine Musical Digital\",\"publisher\":{\"@id\":\"https:\\\/\\\/talcomosoy.com.ar\\\/#organization\"},\"potentialAction\":[{\"@type\":\"SearchAction\",\"target\":{\"@type\":\"EntryPoint\",\"urlTemplate\":\"https:\\\/\\\/talcomosoy.com.ar\\\/?s={search_term_string}\"},\"query-input\":{\"@type\":\"PropertyValueSpecification\",\"valueRequired\":true,\"valueName\":\"search_term_string\"}}],\"inLanguage\":\"es\"},{\"@type\":\"Organization\",\"@id\":\"https:\\\/\\\/talcomosoy.com.ar\\\/#organization\",\"name\":\"Tal Como Soy\",\"url\":\"https:\\\/\\\/talcomosoy.com.ar\\\/\",\"logo\":{\"@type\":\"ImageObject\",\"inLanguage\":\"es\",\"@id\":\"https:\\\/\\\/talcomosoy.com.ar\\\/#\\\/schema\\\/logo\\\/image\\\/\",\"url\":\"https:\\\/\\\/i0.wp.com\\\/talcomosoy.com.ar\\\/wp-content\\\/uploads\\\/2020\\\/02\\\/PUA-2020-TRANSPARENTE.png?fit=570%2C382&ssl=1\",\"contentUrl\":\"https:\\\/\\\/i0.wp.com\\\/talcomosoy.com.ar\\\/wp-content\\\/uploads\\\/2020\\\/02\\\/PUA-2020-TRANSPARENTE.png?fit=570%2C382&ssl=1\",\"width\":570,\"height\":382,\"caption\":\"Tal Como Soy\"},\"image\":{\"@id\":\"https:\\\/\\\/talcomosoy.com.ar\\\/#\\\/schema\\\/logo\\\/image\\\/\"},\"sameAs\":[\"https:\\\/\\\/www.facebook.com\\\/talcomosoyok\",\"https:\\\/\\\/x.com\\\/talcomosoyok\",\"https:\\\/\\\/www.instagram.com\\\/talcomosoyok\",\"https:\\\/\\\/www.youtube.com\\\/channel\\\/UCrutZzYQmd9Fe8pEm5wqsiw\"]},{\"@type\":\"Person\",\"@id\":\"https:\\\/\\\/talcomosoy.com.ar\\\/#\\\/schema\\\/person\\\/496b3561bd436afcf2be92147ff855c9\",\"name\":\"Sinda Miranda\",\"image\":{\"@type\":\"ImageObject\",\"inLanguage\":\"es\",\"@id\":\"https:\\\/\\\/secure.gravatar.com\\\/avatar\\\/ab0e992fc0b7117fe730d00fb0e44073b1fd6e28d69de8e7ac3103f1396f445e?s=96&d=mm&r=g\",\"url\":\"https:\\\/\\\/secure.gravatar.com\\\/avatar\\\/ab0e992fc0b7117fe730d00fb0e44073b1fd6e28d69de8e7ac3103f1396f445e?s=96&d=mm&r=g\",\"contentUrl\":\"https:\\\/\\\/secure.gravatar.com\\\/avatar\\\/ab0e992fc0b7117fe730d00fb0e44073b1fd6e28d69de8e7ac3103f1396f445e?s=96&d=mm&r=g\",\"caption\":\"Sinda Miranda\"},\"description\":\"Escritora, Fot\u00f3grafa, Agente de Prensa\",\"sameAs\":[\"https:\\\/\\\/www.facebook.com\\\/sindamiranda\",\"https:\\\/\\\/www.instagram.com\\\/sindamiranda\",\"https:\\\/\\\/x.com\\\/sindamiranda\"],\"url\":\"https:\\\/\\\/talcomosoy.com.ar\\\/index.php\\\/author\\\/sindamirandatcs\\\/\"}]}<\/script>\n<!-- \/ Yoast SEO plugin. -->","yoast_head_json":{"title":"A.N.I.M.A.L\u00a0presenta \"\u00cdntimo Extremo - 30 a\u00f1os\" su nuevo \u00e1lbum - Tal Como Soy","robots":{"index":"index","follow":"follow","max-snippet":"max-snippet:-1","max-image-preview":"max-image-preview:large","max-video-preview":"max-video-preview:-1"},"canonical":"https:\/\/talcomosoy.com.ar\/index.php\/a-n-i-m-a-l-presenta-intimo-extremo-30-anos-su-nuevo-album\/","og_locale":"es_ES","og_type":"article","og_title":"A.N.I.M.A.L\u00a0presenta \"\u00cdntimo Extremo - 30 a\u00f1os\" su nuevo \u00e1lbum - Tal Como Soy","og_description":"Una edici\u00f3n especial con la participaci\u00f3n de Enrique Bunbury, Draco Rosa, Lali, Los Aut\u00e9nticos Decadentes,","og_url":"https:\/\/talcomosoy.com.ar\/index.php\/a-n-i-m-a-l-presenta-intimo-extremo-30-anos-su-nuevo-album\/","og_site_name":"Tal Como Soy","article_publisher":"https:\/\/www.facebook.com\/talcomosoyok","article_author":"https:\/\/www.facebook.com\/sindamiranda","article_published_time":"2022-10-20T15:56:00+00:00","og_image":[{"width":600,"height":400,"url":"https:\/\/i0.wp.com\/talcomosoy.com.ar\/wp-content\/uploads\/2022\/10\/unnamed-5.jpg?fit=600%2C400&ssl=1","type":"image\/jpeg"}],"author":"Sinda Miranda","twitter_card":"summary_large_image","twitter_creator":"@sindamiranda","twitter_site":"@talcomosoyok","twitter_misc":{"Escrito por":"Sinda Miranda","Tiempo de lectura":"3 minutos"},"schema":{"@context":"https:\/\/schema.org","@graph":[{"@type":"Article","@id":"https:\/\/talcomosoy.com.ar\/index.php\/a-n-i-m-a-l-presenta-intimo-extremo-30-anos-su-nuevo-album\/#article","isPartOf":{"@id":"https:\/\/talcomosoy.com.ar\/index.php\/a-n-i-m-a-l-presenta-intimo-extremo-30-anos-su-nuevo-album\/"},"author":{"name":"Sinda Miranda","@id":"https:\/\/talcomosoy.com.ar\/#\/schema\/person\/496b3561bd436afcf2be92147ff855c9"},"headline":"A.N.I.M.A.L\u00a0presenta \u00ab\u00cdntimo Extremo &#8211; 30 a\u00f1os\u00bb su nuevo \u00e1lbum","datePublished":"2022-10-20T15:56:00+00:00","mainEntityOfPage":{"@id":"https:\/\/talcomosoy.com.ar\/index.php\/a-n-i-m-a-l-presenta-intimo-extremo-30-anos-su-nuevo-album\/"},"wordCount":785,"publisher":{"@id":"https:\/\/talcomosoy.com.ar\/#organization"},"image":{"@id":"https:\/\/talcomosoy.com.ar\/index.php\/a-n-i-m-a-l-presenta-intimo-extremo-30-anos-su-nuevo-album\/#primaryimage"},"thumbnailUrl":"https:\/\/i0.wp.com\/talcomosoy.com.ar\/wp-content\/uploads\/2022\/10\/unnamed-5.jpg?fit=600%2C400&ssl=1","articleSection":["M\u00fasica","Rock Argentino"],"inLanguage":"es"},{"@type":"WebPage","@id":"https:\/\/talcomosoy.com.ar\/index.php\/a-n-i-m-a-l-presenta-intimo-extremo-30-anos-su-nuevo-album\/","url":"https:\/\/talcomosoy.com.ar\/index.php\/a-n-i-m-a-l-presenta-intimo-extremo-30-anos-su-nuevo-album\/","name":"A.N.I.M.A.L\u00a0presenta \"\u00cdntimo Extremo - 30 a\u00f1os\" su nuevo \u00e1lbum - Tal Como Soy","isPartOf":{"@id":"https:\/\/talcomosoy.com.ar\/#website"},"primaryImageOfPage":{"@id":"https:\/\/talcomosoy.com.ar\/index.php\/a-n-i-m-a-l-presenta-intimo-extremo-30-anos-su-nuevo-album\/#primaryimage"},"image":{"@id":"https:\/\/talcomosoy.com.ar\/index.php\/a-n-i-m-a-l-presenta-intimo-extremo-30-anos-su-nuevo-album\/#primaryimage"},"thumbnailUrl":"https:\/\/i0.wp.com\/talcomosoy.com.ar\/wp-content\/uploads\/2022\/10\/unnamed-5.jpg?fit=600%2C400&ssl=1","datePublished":"2022-10-20T15:56:00+00:00","inLanguage":"es","potentialAction":[{"@type":"ReadAction","target":["https:\/\/talcomosoy.com.ar\/index.php\/a-n-i-m-a-l-presenta-intimo-extremo-30-anos-su-nuevo-album\/"]}]},{"@type":"ImageObject","inLanguage":"es","@id":"https:\/\/talcomosoy.com.ar\/index.php\/a-n-i-m-a-l-presenta-intimo-extremo-30-anos-su-nuevo-album\/#primaryimage","url":"https:\/\/i0.wp.com\/talcomosoy.com.ar\/wp-content\/uploads\/2022\/10\/unnamed-5.jpg?fit=600%2C400&ssl=1","contentUrl":"https:\/\/i0.wp.com\/talcomosoy.com.ar\/wp-content\/uploads\/2022\/10\/unnamed-5.jpg?fit=600%2C400&ssl=1","width":600,"height":400},{"@type":"WebSite","@id":"https:\/\/talcomosoy.com.ar\/#website","url":"https:\/\/talcomosoy.com.ar\/","name":"Tal Como Soy","description":"Magazine Musical Digital","publisher":{"@id":"https:\/\/talcomosoy.com.ar\/#organization"},"potentialAction":[{"@type":"SearchAction","target":{"@type":"EntryPoint","urlTemplate":"https:\/\/talcomosoy.com.ar\/?s={search_term_string}"},"query-input":{"@type":"PropertyValueSpecification","valueRequired":true,"valueName":"search_term_string"}}],"inLanguage":"es"},{"@type":"Organization","@id":"https:\/\/talcomosoy.com.ar\/#organization","name":"Tal Como Soy","url":"https:\/\/talcomosoy.com.ar\/","logo":{"@type":"ImageObject","inLanguage":"es","@id":"https:\/\/talcomosoy.com.ar\/#\/schema\/logo\/image\/","url":"https:\/\/i0.wp.com\/talcomosoy.com.ar\/wp-content\/uploads\/2020\/02\/PUA-2020-TRANSPARENTE.png?fit=570%2C382&ssl=1","contentUrl":"https:\/\/i0.wp.com\/talcomosoy.com.ar\/wp-content\/uploads\/2020\/02\/PUA-2020-TRANSPARENTE.png?fit=570%2C382&ssl=1","width":570,"height":382,"caption":"Tal Como Soy"},"image":{"@id":"https:\/\/talcomosoy.com.ar\/#\/schema\/logo\/image\/"},"sameAs":["https:\/\/www.facebook.com\/talcomosoyok","https:\/\/x.com\/talcomosoyok","https:\/\/www.instagram.com\/talcomosoyok","https:\/\/www.youtube.com\/channel\/UCrutZzYQmd9Fe8pEm5wqsiw"]},{"@type":"Person","@id":"https:\/\/talcomosoy.com.ar\/#\/schema\/person\/496b3561bd436afcf2be92147ff855c9","name":"Sinda Miranda","image":{"@type":"ImageObject","inLanguage":"es","@id":"https:\/\/secure.gravatar.com\/avatar\/ab0e992fc0b7117fe730d00fb0e44073b1fd6e28d69de8e7ac3103f1396f445e?s=96&d=mm&r=g","url":"https:\/\/secure.gravatar.com\/avatar\/ab0e992fc0b7117fe730d00fb0e44073b1fd6e28d69de8e7ac3103f1396f445e?s=96&d=mm&r=g","contentUrl":"https:\/\/secure.gravatar.com\/avatar\/ab0e992fc0b7117fe730d00fb0e44073b1fd6e28d69de8e7ac3103f1396f445e?s=96&d=mm&r=g","caption":"Sinda Miranda"},"description":"Escritora, Fot\u00f3grafa, Agente de Prensa","sameAs":["https:\/\/www.facebook.com\/sindamiranda","https:\/\/www.instagram.com\/sindamiranda","https:\/\/x.com\/sindamiranda"],"url":"https:\/\/talcomosoy.com.ar\/index.php\/author\/sindamirandatcs\/"}]}},"jetpack_publicize_connections":[],"jetpack_featured_media_url":"https:\/\/i0.wp.com\/talcomosoy.com.ar\/wp-content\/uploads\/2022\/10\/unnamed-5.jpg?fit=600%2C400&ssl=1","jetpack_sharing_enabled":true,"jetpack_likes_enabled":true,"_links":{"self":[{"href":"https:\/\/talcomosoy.com.ar\/index.php\/wp-json\/wp\/v2\/posts\/12161","targetHints":{"allow":["GET"]}}],"collection":[{"href":"https:\/\/talcomosoy.com.ar\/index.php\/wp-json\/wp\/v2\/posts"}],"about":[{"href":"https:\/\/talcomosoy.com.ar\/index.php\/wp-json\/wp\/v2\/types\/post"}],"author":[{"embeddable":true,"href":"https:\/\/talcomosoy.com.ar\/index.php\/wp-json\/wp\/v2\/users\/1"}],"replies":[{"embeddable":true,"href":"https:\/\/talcomosoy.com.ar\/index.php\/wp-json\/wp\/v2\/comments?post=12161"}],"version-history":[{"count":1,"href":"https:\/\/talcomosoy.com.ar\/index.php\/wp-json\/wp\/v2\/posts\/12161\/revisions"}],"predecessor-version":[{"id":12163,"href":"https:\/\/talcomosoy.com.ar\/index.php\/wp-json\/wp\/v2\/posts\/12161\/revisions\/12163"}],"wp:featuredmedia":[{"embeddable":true,"href":"https:\/\/talcomosoy.com.ar\/index.php\/wp-json\/wp\/v2\/media\/12162"}],"wp:attachment":[{"href":"https:\/\/talcomosoy.com.ar\/index.php\/wp-json\/wp\/v2\/media?parent=12161"}],"wp:term":[{"taxonomy":"category","embeddable":true,"href":"https:\/\/talcomosoy.com.ar\/index.php\/wp-json\/wp\/v2\/categories?post=12161"},{"taxonomy":"post_tag","embeddable":true,"href":"https:\/\/talcomosoy.com.ar\/index.php\/wp-json\/wp\/v2\/tags?post=12161"}],"curies":[{"name":"wp","href":"https:\/\/api.w.org\/{rel}","templated":true}]}}