{"id":12158,"date":"2022-10-20T12:48:50","date_gmt":"2022-10-20T15:48:50","guid":{"rendered":"https:\/\/talcomosoy.com.ar\/?p=12158"},"modified":"2022-10-20T12:48:50","modified_gmt":"2022-10-20T15:48:50","slug":"la-municipalidad-de-las-heras-presenta-a-dario-sztajnszrajber-en-la-continuidad-del-ciclo-primavera-planeta-en-mendoza","status":"publish","type":"post","link":"https:\/\/talcomosoy.com.ar\/index.php\/la-municipalidad-de-las-heras-presenta-a-dario-sztajnszrajber-en-la-continuidad-del-ciclo-primavera-planeta-en-mendoza\/","title":{"rendered":"La Municipalidad de Las Heras presenta a Dar\u00edo Sztajnszrajber en la continuidad del ciclo \u00abPrimavera Planeta en Mendoza\u00bb"},"content":{"rendered":"<h3>Ser\u00e1 el 21 de octubre. Repasar\u00e1 su obra literaria vinculada estrechamente con la filosof\u00eda. El Ciclo comenz\u00f3 la semana pasada cuando una multitud escuch\u00f3 a Daniel L\u00f3pez Rosetti. Luego participar\u00e1n Florencia Canale y Felipe Pigna. Modera el periodista Andr\u00e9s Gabrielli. Desde las 21 en el Polideportivo \u201cVicente Polimeni\u201d de Las Heras.<\/h3>\n<p>&nbsp;<\/p>\n<p>En la continuidad del ciclo de Escritores \u201cPrimavera Planeta en Mendoza\u201d, el 21 de octubre se presentar\u00e1 Dar\u00edo Sztajnszrajber. El fil\u00f3sofo repasar\u00e1 su obra literaria. Ser\u00e1 desde las 21 en el Polideportivo \u00abVicente Polimeni\u00bb, ubicado en Roca 401, con <strong>acceso libre y gratuito<\/strong>.<\/p>\n<p>Organizado por el Grupo Planeta (www.planetadelibros.com.ar) con el objetivo de acercar los autores al lector en la ciudad de Las Heras, donde la Municipalidad es patrocinante, el Ciclo comenz\u00f3 la semana pasada con Daniel L\u00f3pez Rosetti, quien ante una multitud present\u00f3 su \u00faltimo libro \u201cStress, Sufrimiento y Felicidad\u201d.<\/p>\n<p>La charla con Dar\u00edo Sztajnszrajber ser\u00e1 moderada por Andr\u00e9s Gabrielli y tambi\u00e9n se transmitir\u00e1 on line por el canal Las Heras TV Comunicaci\u00f3n Institucional en YouTube.<\/p>\n<p>Adem\u00e1s de sus libros, seguramente tambi\u00e9n aparecer\u00e1n los recuerdos de su infancia, sus lecturas iniciales en la adolescencia, los fil\u00f3sofos y pensadores que influyeron en su vida. Tambi\u00e9n de su educaci\u00f3n en un colegio religioso, sus libros y el boom que lo catapult\u00f3 a la popularidad.<\/p>\n<p>Dario Sztajnszrajber fue premiado por la Fundaci\u00f3n Konex en 2017 en la disciplina de divulgaci\u00f3n.1 Conduce el programa Mentira la verdad (en Canal Encuentro), el programa de televisi\u00f3n Seguimos educando con \u00c1ngela Lerena, y trabaja en radio haciendo los programas Demasiado humano (en Futurock) y Lo intempestivo (en Nacional Rock).<\/p>\n<p>Es autor de los libros \u00bfPara qu\u00e9 sirve la filosof\u00eda? Peque\u00f1o tratado sobre la demolici\u00f3n (Editorial Planeta), Filosof\u00eda en 11 frases y los dos tomos de Filosof\u00eda a martillazos (Editorial Paid\u00f3s)<\/p>\n<p>Luego de la presentaci\u00f3n de Dario Sztajnszrajber, llegar\u00e1n al Ciclo de Escritores \u00abPrimavera Planeta en Mendoza Florencia Canale (28\/10) y Felipe Pigna (4\/11)<\/p>\n<p>\u201cPrimavera Planeta en Mendoza\u201d cuenta con la producci\u00f3n general de Franganillo \/ Comunicaci\u00f3n y el patrocinio de la Municipalidad de Las Heras, Mendoza<\/p>\n","protected":false},"excerpt":{"rendered":"<p>Ser\u00e1 el 21 de octubre. Repasar\u00e1 su obra literaria vinculada estrechamente con la filosof\u00eda. El<\/p>\n","protected":false},"author":1,"featured_media":12159,"comment_status":"closed","ping_status":"closed","sticky":false,"template":"","format":"standard","meta":{"_jetpack_memberships_contains_paid_content":false,"footnotes":"","jetpack_publicize_message":"","jetpack_publicize_feature_enabled":true,"jetpack_social_post_already_shared":true,"jetpack_social_options":{"image_generator_settings":{"template":"highway","default_image_id":0,"font":"","enabled":false},"version":2}},"categories":[190,348],"tags":[],"class_list":["post-12158","post","type-post","status-publish","format-standard","has-post-thumbnail","hentry","category-ciclo-de-encuentros-motivacionales","category-escritores"],"yoast_head":"<!-- This site is optimized with the Yoast SEO plugin v27.5 - https:\/\/yoast.com\/product\/yoast-seo-wordpress\/ -->\n<title>La Municipalidad de Las Heras presenta a Dar\u00edo Sztajnszrajber en la continuidad del ciclo &quot;Primavera Planeta en Mendoza&quot; - Tal Como Soy<\/title>\n<meta name=\"robots\" content=\"index, follow, max-snippet:-1, max-image-preview:large, max-video-preview:-1\" \/>\n<link rel=\"canonical\" href=\"https:\/\/talcomosoy.com.ar\/index.php\/la-municipalidad-de-las-heras-presenta-a-dario-sztajnszrajber-en-la-continuidad-del-ciclo-primavera-planeta-en-mendoza\/\" \/>\n<meta property=\"og:locale\" content=\"es_ES\" \/>\n<meta property=\"og:type\" content=\"article\" \/>\n<meta property=\"og:title\" content=\"La Municipalidad de Las Heras presenta a Dar\u00edo Sztajnszrajber en la continuidad del ciclo &quot;Primavera Planeta en Mendoza&quot; - Tal Como Soy\" \/>\n<meta property=\"og:description\" content=\"Ser\u00e1 el 21 de octubre. Repasar\u00e1 su obra literaria vinculada estrechamente con la filosof\u00eda. El\" \/>\n<meta property=\"og:url\" content=\"https:\/\/talcomosoy.com.ar\/index.php\/la-municipalidad-de-las-heras-presenta-a-dario-sztajnszrajber-en-la-continuidad-del-ciclo-primavera-planeta-en-mendoza\/\" \/>\n<meta property=\"og:site_name\" content=\"Tal Como Soy\" \/>\n<meta property=\"article:publisher\" content=\"https:\/\/www.facebook.com\/talcomosoyok\" \/>\n<meta property=\"article:author\" content=\"https:\/\/www.facebook.com\/sindamiranda\" \/>\n<meta property=\"article:published_time\" content=\"2022-10-20T15:48:50+00:00\" \/>\n<meta property=\"og:image\" content=\"https:\/\/i0.wp.com\/talcomosoy.com.ar\/wp-content\/uploads\/2022\/10\/Dario-Z-Cilo-Primavera-Planeta-Mendoza-1.jpg?fit=1080%2C1350&ssl=1\" \/>\n\t<meta property=\"og:image:width\" content=\"1080\" \/>\n\t<meta property=\"og:image:height\" content=\"1350\" \/>\n\t<meta property=\"og:image:type\" content=\"image\/jpeg\" \/>\n<meta name=\"author\" content=\"Sinda Miranda\" \/>\n<meta name=\"twitter:card\" content=\"summary_large_image\" \/>\n<meta name=\"twitter:creator\" content=\"@sindamiranda\" \/>\n<meta name=\"twitter:site\" content=\"@talcomosoyok\" \/>\n<meta name=\"twitter:label1\" content=\"Escrito por\" \/>\n\t<meta name=\"twitter:data1\" content=\"Sinda Miranda\" \/>\n\t<meta name=\"twitter:label2\" content=\"Tiempo de lectura\" \/>\n\t<meta name=\"twitter:data2\" content=\"2 minutos\" \/>\n<script type=\"application\/ld+json\" class=\"yoast-schema-graph\">{\"@context\":\"https:\\\/\\\/schema.org\",\"@graph\":[{\"@type\":\"Article\",\"@id\":\"https:\\\/\\\/talcomosoy.com.ar\\\/index.php\\\/la-municipalidad-de-las-heras-presenta-a-dario-sztajnszrajber-en-la-continuidad-del-ciclo-primavera-planeta-en-mendoza\\\/#article\",\"isPartOf\":{\"@id\":\"https:\\\/\\\/talcomosoy.com.ar\\\/index.php\\\/la-municipalidad-de-las-heras-presenta-a-dario-sztajnszrajber-en-la-continuidad-del-ciclo-primavera-planeta-en-mendoza\\\/\"},\"author\":{\"name\":\"Sinda Miranda\",\"@id\":\"https:\\\/\\\/talcomosoy.com.ar\\\/#\\\/schema\\\/person\\\/496b3561bd436afcf2be92147ff855c9\"},\"headline\":\"La Municipalidad de Las Heras presenta a Dar\u00edo Sztajnszrajber en la continuidad del ciclo \u00abPrimavera Planeta en Mendoza\u00bb\",\"datePublished\":\"2022-10-20T15:48:50+00:00\",\"mainEntityOfPage\":{\"@id\":\"https:\\\/\\\/talcomosoy.com.ar\\\/index.php\\\/la-municipalidad-de-las-heras-presenta-a-dario-sztajnszrajber-en-la-continuidad-del-ciclo-primavera-planeta-en-mendoza\\\/\"},\"wordCount\":384,\"publisher\":{\"@id\":\"https:\\\/\\\/talcomosoy.com.ar\\\/#organization\"},\"image\":{\"@id\":\"https:\\\/\\\/talcomosoy.com.ar\\\/index.php\\\/la-municipalidad-de-las-heras-presenta-a-dario-sztajnszrajber-en-la-continuidad-del-ciclo-primavera-planeta-en-mendoza\\\/#primaryimage\"},\"thumbnailUrl\":\"https:\\\/\\\/i0.wp.com\\\/talcomosoy.com.ar\\\/wp-content\\\/uploads\\\/2022\\\/10\\\/Dario-Z-Cilo-Primavera-Planeta-Mendoza-1.jpg?fit=1080%2C1350&ssl=1\",\"articleSection\":[\"Ciclo de Encuentros Motivacionales\",\"Escritores\"],\"inLanguage\":\"es\"},{\"@type\":\"WebPage\",\"@id\":\"https:\\\/\\\/talcomosoy.com.ar\\\/index.php\\\/la-municipalidad-de-las-heras-presenta-a-dario-sztajnszrajber-en-la-continuidad-del-ciclo-primavera-planeta-en-mendoza\\\/\",\"url\":\"https:\\\/\\\/talcomosoy.com.ar\\\/index.php\\\/la-municipalidad-de-las-heras-presenta-a-dario-sztajnszrajber-en-la-continuidad-del-ciclo-primavera-planeta-en-mendoza\\\/\",\"name\":\"La Municipalidad de Las Heras presenta a Dar\u00edo Sztajnszrajber en la continuidad del ciclo \\\"Primavera Planeta en Mendoza\\\" - Tal Como Soy\",\"isPartOf\":{\"@id\":\"https:\\\/\\\/talcomosoy.com.ar\\\/#website\"},\"primaryImageOfPage\":{\"@id\":\"https:\\\/\\\/talcomosoy.com.ar\\\/index.php\\\/la-municipalidad-de-las-heras-presenta-a-dario-sztajnszrajber-en-la-continuidad-del-ciclo-primavera-planeta-en-mendoza\\\/#primaryimage\"},\"image\":{\"@id\":\"https:\\\/\\\/talcomosoy.com.ar\\\/index.php\\\/la-municipalidad-de-las-heras-presenta-a-dario-sztajnszrajber-en-la-continuidad-del-ciclo-primavera-planeta-en-mendoza\\\/#primaryimage\"},\"thumbnailUrl\":\"https:\\\/\\\/i0.wp.com\\\/talcomosoy.com.ar\\\/wp-content\\\/uploads\\\/2022\\\/10\\\/Dario-Z-Cilo-Primavera-Planeta-Mendoza-1.jpg?fit=1080%2C1350&ssl=1\",\"datePublished\":\"2022-10-20T15:48:50+00:00\",\"inLanguage\":\"es\",\"potentialAction\":[{\"@type\":\"ReadAction\",\"target\":[\"https:\\\/\\\/talcomosoy.com.ar\\\/index.php\\\/la-municipalidad-de-las-heras-presenta-a-dario-sztajnszrajber-en-la-continuidad-del-ciclo-primavera-planeta-en-mendoza\\\/\"]}]},{\"@type\":\"ImageObject\",\"inLanguage\":\"es\",\"@id\":\"https:\\\/\\\/talcomosoy.com.ar\\\/index.php\\\/la-municipalidad-de-las-heras-presenta-a-dario-sztajnszrajber-en-la-continuidad-del-ciclo-primavera-planeta-en-mendoza\\\/#primaryimage\",\"url\":\"https:\\\/\\\/i0.wp.com\\\/talcomosoy.com.ar\\\/wp-content\\\/uploads\\\/2022\\\/10\\\/Dario-Z-Cilo-Primavera-Planeta-Mendoza-1.jpg?fit=1080%2C1350&ssl=1\",\"contentUrl\":\"https:\\\/\\\/i0.wp.com\\\/talcomosoy.com.ar\\\/wp-content\\\/uploads\\\/2022\\\/10\\\/Dario-Z-Cilo-Primavera-Planeta-Mendoza-1.jpg?fit=1080%2C1350&ssl=1\",\"width\":1080,\"height\":1350},{\"@type\":\"WebSite\",\"@id\":\"https:\\\/\\\/talcomosoy.com.ar\\\/#website\",\"url\":\"https:\\\/\\\/talcomosoy.com.ar\\\/\",\"name\":\"Tal Como Soy\",\"description\":\"Magazine Musical Digital\",\"publisher\":{\"@id\":\"https:\\\/\\\/talcomosoy.com.ar\\\/#organization\"},\"potentialAction\":[{\"@type\":\"SearchAction\",\"target\":{\"@type\":\"EntryPoint\",\"urlTemplate\":\"https:\\\/\\\/talcomosoy.com.ar\\\/?s={search_term_string}\"},\"query-input\":{\"@type\":\"PropertyValueSpecification\",\"valueRequired\":true,\"valueName\":\"search_term_string\"}}],\"inLanguage\":\"es\"},{\"@type\":\"Organization\",\"@id\":\"https:\\\/\\\/talcomosoy.com.ar\\\/#organization\",\"name\":\"Tal Como Soy\",\"url\":\"https:\\\/\\\/talcomosoy.com.ar\\\/\",\"logo\":{\"@type\":\"ImageObject\",\"inLanguage\":\"es\",\"@id\":\"https:\\\/\\\/talcomosoy.com.ar\\\/#\\\/schema\\\/logo\\\/image\\\/\",\"url\":\"https:\\\/\\\/i0.wp.com\\\/talcomosoy.com.ar\\\/wp-content\\\/uploads\\\/2020\\\/02\\\/PUA-2020-TRANSPARENTE.png?fit=570%2C382&ssl=1\",\"contentUrl\":\"https:\\\/\\\/i0.wp.com\\\/talcomosoy.com.ar\\\/wp-content\\\/uploads\\\/2020\\\/02\\\/PUA-2020-TRANSPARENTE.png?fit=570%2C382&ssl=1\",\"width\":570,\"height\":382,\"caption\":\"Tal Como Soy\"},\"image\":{\"@id\":\"https:\\\/\\\/talcomosoy.com.ar\\\/#\\\/schema\\\/logo\\\/image\\\/\"},\"sameAs\":[\"https:\\\/\\\/www.facebook.com\\\/talcomosoyok\",\"https:\\\/\\\/x.com\\\/talcomosoyok\",\"https:\\\/\\\/www.instagram.com\\\/talcomosoyok\",\"https:\\\/\\\/www.youtube.com\\\/channel\\\/UCrutZzYQmd9Fe8pEm5wqsiw\"]},{\"@type\":\"Person\",\"@id\":\"https:\\\/\\\/talcomosoy.com.ar\\\/#\\\/schema\\\/person\\\/496b3561bd436afcf2be92147ff855c9\",\"name\":\"Sinda Miranda\",\"image\":{\"@type\":\"ImageObject\",\"inLanguage\":\"es\",\"@id\":\"https:\\\/\\\/secure.gravatar.com\\\/avatar\\\/ab0e992fc0b7117fe730d00fb0e44073b1fd6e28d69de8e7ac3103f1396f445e?s=96&d=mm&r=g\",\"url\":\"https:\\\/\\\/secure.gravatar.com\\\/avatar\\\/ab0e992fc0b7117fe730d00fb0e44073b1fd6e28d69de8e7ac3103f1396f445e?s=96&d=mm&r=g\",\"contentUrl\":\"https:\\\/\\\/secure.gravatar.com\\\/avatar\\\/ab0e992fc0b7117fe730d00fb0e44073b1fd6e28d69de8e7ac3103f1396f445e?s=96&d=mm&r=g\",\"caption\":\"Sinda Miranda\"},\"description\":\"Escritora, Fot\u00f3grafa, Agente de Prensa\",\"sameAs\":[\"https:\\\/\\\/www.facebook.com\\\/sindamiranda\",\"https:\\\/\\\/www.instagram.com\\\/sindamiranda\",\"https:\\\/\\\/x.com\\\/sindamiranda\"],\"url\":\"https:\\\/\\\/talcomosoy.com.ar\\\/index.php\\\/author\\\/sindamirandatcs\\\/\"}]}<\/script>\n<!-- \/ Yoast SEO plugin. -->","yoast_head_json":{"title":"La Municipalidad de Las Heras presenta a Dar\u00edo Sztajnszrajber en la continuidad del ciclo \"Primavera Planeta en Mendoza\" - Tal Como Soy","robots":{"index":"index","follow":"follow","max-snippet":"max-snippet:-1","max-image-preview":"max-image-preview:large","max-video-preview":"max-video-preview:-1"},"canonical":"https:\/\/talcomosoy.com.ar\/index.php\/la-municipalidad-de-las-heras-presenta-a-dario-sztajnszrajber-en-la-continuidad-del-ciclo-primavera-planeta-en-mendoza\/","og_locale":"es_ES","og_type":"article","og_title":"La Municipalidad de Las Heras presenta a Dar\u00edo Sztajnszrajber en la continuidad del ciclo \"Primavera Planeta en Mendoza\" - Tal Como Soy","og_description":"Ser\u00e1 el 21 de octubre. Repasar\u00e1 su obra literaria vinculada estrechamente con la filosof\u00eda. El","og_url":"https:\/\/talcomosoy.com.ar\/index.php\/la-municipalidad-de-las-heras-presenta-a-dario-sztajnszrajber-en-la-continuidad-del-ciclo-primavera-planeta-en-mendoza\/","og_site_name":"Tal Como Soy","article_publisher":"https:\/\/www.facebook.com\/talcomosoyok","article_author":"https:\/\/www.facebook.com\/sindamiranda","article_published_time":"2022-10-20T15:48:50+00:00","og_image":[{"width":1080,"height":1350,"url":"https:\/\/i0.wp.com\/talcomosoy.com.ar\/wp-content\/uploads\/2022\/10\/Dario-Z-Cilo-Primavera-Planeta-Mendoza-1.jpg?fit=1080%2C1350&ssl=1","type":"image\/jpeg"}],"author":"Sinda Miranda","twitter_card":"summary_large_image","twitter_creator":"@sindamiranda","twitter_site":"@talcomosoyok","twitter_misc":{"Escrito por":"Sinda Miranda","Tiempo de lectura":"2 minutos"},"schema":{"@context":"https:\/\/schema.org","@graph":[{"@type":"Article","@id":"https:\/\/talcomosoy.com.ar\/index.php\/la-municipalidad-de-las-heras-presenta-a-dario-sztajnszrajber-en-la-continuidad-del-ciclo-primavera-planeta-en-mendoza\/#article","isPartOf":{"@id":"https:\/\/talcomosoy.com.ar\/index.php\/la-municipalidad-de-las-heras-presenta-a-dario-sztajnszrajber-en-la-continuidad-del-ciclo-primavera-planeta-en-mendoza\/"},"author":{"name":"Sinda Miranda","@id":"https:\/\/talcomosoy.com.ar\/#\/schema\/person\/496b3561bd436afcf2be92147ff855c9"},"headline":"La Municipalidad de Las Heras presenta a Dar\u00edo Sztajnszrajber en la continuidad del ciclo \u00abPrimavera Planeta en Mendoza\u00bb","datePublished":"2022-10-20T15:48:50+00:00","mainEntityOfPage":{"@id":"https:\/\/talcomosoy.com.ar\/index.php\/la-municipalidad-de-las-heras-presenta-a-dario-sztajnszrajber-en-la-continuidad-del-ciclo-primavera-planeta-en-mendoza\/"},"wordCount":384,"publisher":{"@id":"https:\/\/talcomosoy.com.ar\/#organization"},"image":{"@id":"https:\/\/talcomosoy.com.ar\/index.php\/la-municipalidad-de-las-heras-presenta-a-dario-sztajnszrajber-en-la-continuidad-del-ciclo-primavera-planeta-en-mendoza\/#primaryimage"},"thumbnailUrl":"https:\/\/i0.wp.com\/talcomosoy.com.ar\/wp-content\/uploads\/2022\/10\/Dario-Z-Cilo-Primavera-Planeta-Mendoza-1.jpg?fit=1080%2C1350&ssl=1","articleSection":["Ciclo de Encuentros Motivacionales","Escritores"],"inLanguage":"es"},{"@type":"WebPage","@id":"https:\/\/talcomosoy.com.ar\/index.php\/la-municipalidad-de-las-heras-presenta-a-dario-sztajnszrajber-en-la-continuidad-del-ciclo-primavera-planeta-en-mendoza\/","url":"https:\/\/talcomosoy.com.ar\/index.php\/la-municipalidad-de-las-heras-presenta-a-dario-sztajnszrajber-en-la-continuidad-del-ciclo-primavera-planeta-en-mendoza\/","name":"La Municipalidad de Las Heras presenta a Dar\u00edo Sztajnszrajber en la continuidad del ciclo \"Primavera Planeta en Mendoza\" - Tal Como Soy","isPartOf":{"@id":"https:\/\/talcomosoy.com.ar\/#website"},"primaryImageOfPage":{"@id":"https:\/\/talcomosoy.com.ar\/index.php\/la-municipalidad-de-las-heras-presenta-a-dario-sztajnszrajber-en-la-continuidad-del-ciclo-primavera-planeta-en-mendoza\/#primaryimage"},"image":{"@id":"https:\/\/talcomosoy.com.ar\/index.php\/la-municipalidad-de-las-heras-presenta-a-dario-sztajnszrajber-en-la-continuidad-del-ciclo-primavera-planeta-en-mendoza\/#primaryimage"},"thumbnailUrl":"https:\/\/i0.wp.com\/talcomosoy.com.ar\/wp-content\/uploads\/2022\/10\/Dario-Z-Cilo-Primavera-Planeta-Mendoza-1.jpg?fit=1080%2C1350&ssl=1","datePublished":"2022-10-20T15:48:50+00:00","inLanguage":"es","potentialAction":[{"@type":"ReadAction","target":["https:\/\/talcomosoy.com.ar\/index.php\/la-municipalidad-de-las-heras-presenta-a-dario-sztajnszrajber-en-la-continuidad-del-ciclo-primavera-planeta-en-mendoza\/"]}]},{"@type":"ImageObject","inLanguage":"es","@id":"https:\/\/talcomosoy.com.ar\/index.php\/la-municipalidad-de-las-heras-presenta-a-dario-sztajnszrajber-en-la-continuidad-del-ciclo-primavera-planeta-en-mendoza\/#primaryimage","url":"https:\/\/i0.wp.com\/talcomosoy.com.ar\/wp-content\/uploads\/2022\/10\/Dario-Z-Cilo-Primavera-Planeta-Mendoza-1.jpg?fit=1080%2C1350&ssl=1","contentUrl":"https:\/\/i0.wp.com\/talcomosoy.com.ar\/wp-content\/uploads\/2022\/10\/Dario-Z-Cilo-Primavera-Planeta-Mendoza-1.jpg?fit=1080%2C1350&ssl=1","width":1080,"height":1350},{"@type":"WebSite","@id":"https:\/\/talcomosoy.com.ar\/#website","url":"https:\/\/talcomosoy.com.ar\/","name":"Tal Como Soy","description":"Magazine Musical Digital","publisher":{"@id":"https:\/\/talcomosoy.com.ar\/#organization"},"potentialAction":[{"@type":"SearchAction","target":{"@type":"EntryPoint","urlTemplate":"https:\/\/talcomosoy.com.ar\/?s={search_term_string}"},"query-input":{"@type":"PropertyValueSpecification","valueRequired":true,"valueName":"search_term_string"}}],"inLanguage":"es"},{"@type":"Organization","@id":"https:\/\/talcomosoy.com.ar\/#organization","name":"Tal Como Soy","url":"https:\/\/talcomosoy.com.ar\/","logo":{"@type":"ImageObject","inLanguage":"es","@id":"https:\/\/talcomosoy.com.ar\/#\/schema\/logo\/image\/","url":"https:\/\/i0.wp.com\/talcomosoy.com.ar\/wp-content\/uploads\/2020\/02\/PUA-2020-TRANSPARENTE.png?fit=570%2C382&ssl=1","contentUrl":"https:\/\/i0.wp.com\/talcomosoy.com.ar\/wp-content\/uploads\/2020\/02\/PUA-2020-TRANSPARENTE.png?fit=570%2C382&ssl=1","width":570,"height":382,"caption":"Tal Como Soy"},"image":{"@id":"https:\/\/talcomosoy.com.ar\/#\/schema\/logo\/image\/"},"sameAs":["https:\/\/www.facebook.com\/talcomosoyok","https:\/\/x.com\/talcomosoyok","https:\/\/www.instagram.com\/talcomosoyok","https:\/\/www.youtube.com\/channel\/UCrutZzYQmd9Fe8pEm5wqsiw"]},{"@type":"Person","@id":"https:\/\/talcomosoy.com.ar\/#\/schema\/person\/496b3561bd436afcf2be92147ff855c9","name":"Sinda Miranda","image":{"@type":"ImageObject","inLanguage":"es","@id":"https:\/\/secure.gravatar.com\/avatar\/ab0e992fc0b7117fe730d00fb0e44073b1fd6e28d69de8e7ac3103f1396f445e?s=96&d=mm&r=g","url":"https:\/\/secure.gravatar.com\/avatar\/ab0e992fc0b7117fe730d00fb0e44073b1fd6e28d69de8e7ac3103f1396f445e?s=96&d=mm&r=g","contentUrl":"https:\/\/secure.gravatar.com\/avatar\/ab0e992fc0b7117fe730d00fb0e44073b1fd6e28d69de8e7ac3103f1396f445e?s=96&d=mm&r=g","caption":"Sinda Miranda"},"description":"Escritora, Fot\u00f3grafa, Agente de Prensa","sameAs":["https:\/\/www.facebook.com\/sindamiranda","https:\/\/www.instagram.com\/sindamiranda","https:\/\/x.com\/sindamiranda"],"url":"https:\/\/talcomosoy.com.ar\/index.php\/author\/sindamirandatcs\/"}]}},"jetpack_publicize_connections":[],"jetpack_featured_media_url":"https:\/\/i0.wp.com\/talcomosoy.com.ar\/wp-content\/uploads\/2022\/10\/Dario-Z-Cilo-Primavera-Planeta-Mendoza-1.jpg?fit=1080%2C1350&ssl=1","jetpack_sharing_enabled":true,"jetpack_likes_enabled":true,"_links":{"self":[{"href":"https:\/\/talcomosoy.com.ar\/index.php\/wp-json\/wp\/v2\/posts\/12158","targetHints":{"allow":["GET"]}}],"collection":[{"href":"https:\/\/talcomosoy.com.ar\/index.php\/wp-json\/wp\/v2\/posts"}],"about":[{"href":"https:\/\/talcomosoy.com.ar\/index.php\/wp-json\/wp\/v2\/types\/post"}],"author":[{"embeddable":true,"href":"https:\/\/talcomosoy.com.ar\/index.php\/wp-json\/wp\/v2\/users\/1"}],"replies":[{"embeddable":true,"href":"https:\/\/talcomosoy.com.ar\/index.php\/wp-json\/wp\/v2\/comments?post=12158"}],"version-history":[{"count":1,"href":"https:\/\/talcomosoy.com.ar\/index.php\/wp-json\/wp\/v2\/posts\/12158\/revisions"}],"predecessor-version":[{"id":12160,"href":"https:\/\/talcomosoy.com.ar\/index.php\/wp-json\/wp\/v2\/posts\/12158\/revisions\/12160"}],"wp:featuredmedia":[{"embeddable":true,"href":"https:\/\/talcomosoy.com.ar\/index.php\/wp-json\/wp\/v2\/media\/12159"}],"wp:attachment":[{"href":"https:\/\/talcomosoy.com.ar\/index.php\/wp-json\/wp\/v2\/media?parent=12158"}],"wp:term":[{"taxonomy":"category","embeddable":true,"href":"https:\/\/talcomosoy.com.ar\/index.php\/wp-json\/wp\/v2\/categories?post=12158"},{"taxonomy":"post_tag","embeddable":true,"href":"https:\/\/talcomosoy.com.ar\/index.php\/wp-json\/wp\/v2\/tags?post=12158"}],"curies":[{"name":"wp","href":"https:\/\/api.w.org\/{rel}","templated":true}]}}