{"id":12071,"date":"2022-10-16T20:33:48","date_gmt":"2022-10-16T23:33:48","guid":{"rendered":"https:\/\/talcomosoy.com.ar\/?p=12071"},"modified":"2022-10-16T20:34:43","modified_gmt":"2022-10-16T23:34:43","slug":"goldin-lopez-presentan-nuestras-mejores-canciones","status":"publish","type":"post","link":"https:\/\/talcomosoy.com.ar\/index.php\/goldin-lopez-presentan-nuestras-mejores-canciones\/","title":{"rendered":"Gold\u00edn &#038; L\u00f3pez presentan \u201cNuestras mejores canciones\u201d"},"content":{"rendered":"<h3>Rub\u00e9n Gold\u00edn vuelve a Mendoza para presentar junto a Marcelo L\u00f3pez el espect\u00e1culo: \u00abNuestras mejores canciones\u00bb. Ser\u00e1 un show que propone reencontrarse con la m\u00fasica de estos dos grandes cantautores en una noche muy especial.<\/h3>\n<p>&nbsp;<\/p>\n<p style=\"text-align: center;\"><span style=\"color: #ff0000;\">S\u00e1bado 22 de octubre, 22 horas<\/span><br \/>\n<span style=\"color: #ff0000;\">Willys Bar (Mitre 1371, Chacras de Coria)<\/span><br \/>\n<span style=\"color: #ff0000;\">Derecho de espect\u00e1culo: $ 1500<\/span><br \/>\n<span style=\"color: #ff0000;\">Reservas: 2616797516<\/span><\/p>\n<p>&nbsp;<\/p>\n<p>El legendario m\u00fasico rosarino har\u00e1 un recorrido por su vasta trayectoria y estrenar\u00e1 varias canciones.<em> \u00abEstoy haciendo temas nuevos con letras de poetas muy grandes como V\u00edctor Heredia, Silvio Rodr\u00edguez y Jorge Fandermole. Tambi\u00e9n tocar\u00e9 algunos in\u00e9ditos m\u00edos y nos vamos a juntar en d\u00fao con Marcelo L\u00f3pez, en otras composiciones que elegiremos entre los dos\u00bb.<\/em><\/p>\n<p>&nbsp;<\/p>\n<p><iframe title=\"Spotify Embed: Un Disparo Mas\" style=\"border-radius: 12px\" width=\"100%\" height=\"152\" frameborder=\"0\" allowfullscreen allow=\"autoplay; clipboard-write; encrypted-media; fullscreen; picture-in-picture\" loading=\"lazy\" src=\"https:\/\/open.spotify.com\/embed\/track\/3FXVbVDVhibwcVPBb7rPKa?si=6d10b69d369e434e&#038;utm_source=oembed\"><\/iframe><\/p>\n<p>&nbsp;<\/p>\n<p><strong>Rub\u00e9n Gold\u00edn<\/strong> naci\u00f3 en 1955 en la ciudad de Rosario. Es guitarrista, compositor, arreglador, coach y cantante. Referente de La Trova Rosarina, fue uno de los fundadores del grupo de rock sinf\u00f3nico \u201cPablo el Enterrador\u201d. Luego, en 1978 integr\u00f3 junto a Fito Paez la banda \u201cEl Banquete\u201d y en los &#8217;80 fue guitarrista, arreglador y cantante en el grupo de Juan Carlos Baglietto.<\/p>\n<p>Su \u00faltimo \u00e1lbum se llama \u201cGirasoles\u201d y fue nominado a los premios Gardel 2020. En octubre del a\u00f1o pasado, fue reconocido por la comisi\u00f3n de Cultura y Educaci\u00f3n del Concejo Municipal de Rosario como \u00abM\u00fasico Distinguido por su vasta trayectoria tanto a nivel local como nacional e internacional\u00bb.<\/p>\n<p>&nbsp;<\/p>\n<h3>Sobre Marcelo L\u00f3pez<\/h3>\n<p>&nbsp;<\/p>\n<p>Naci\u00f3 en Mendoza, en 1961. Es compositor e int\u00e9rprete de blues, rock &amp; roll y m\u00fasica urbana. Integr\u00f3 las siguientes bandas mendocinas: Synthesis, Phao, La Cofrad\u00eda, Ala Disidente, Martes 13 y L\u00f3pez &amp; Fiat, con la que sacaron el disco \u201cCantos Son Cantos\u201d.<\/p>\n<p>En el presente Marcelo L\u00f3pez contin\u00faa dedicado a su proyecto solista, con el que pronto estrenar\u00e1 un nuevo trabajo en formato disco-libro que ser\u00e1 presentado pr\u00f3ximamente: \u201cMarcelo L\u00f3pez SoundTracks 2015 &#8211; 2019&#8243;. Adem\u00e1s sigue tocando junto al Tour de los Bares (Roberto Fiat, Claudio Brachetta, Marcelo L\u00f3pez) y con Cantautores (Jorge Benegas, Dar\u00edo Ghisaura, Jorge Varas, Marcelo L\u00f3pez).<\/p>\n<p>El m\u00fasico cuenta con 4 \u00e1lbumes solistas (Levantamientos, Materialismo de Par\u00eds, Ojos de Mirada Oscura y M\u00fasica en tu jard\u00edn) producidos, arreglados y dirigidos musicalmente por Litto Nebbia, bajo su sello discogr\u00e1fico MELOPEA.<\/p>\n<p>Desde el 2010 ha acompa\u00f1ado y compartido escenario con Alejandro Del Prado, Rub\u00e9n Gold\u00edn, Jorge Garacotche y Miguel Cantilo alternativamente, en su rol de pianista.<\/p>\n<p>&nbsp;<\/p>\n<p><iframe title=\"Spotify Embed: Gracias Sr. Fripp\" style=\"border-radius: 12px\" width=\"100%\" height=\"152\" frameborder=\"0\" allowfullscreen allow=\"autoplay; clipboard-write; encrypted-media; fullscreen; picture-in-picture\" loading=\"lazy\" src=\"https:\/\/open.spotify.com\/embed\/track\/7lqybJu5OpxeqMQnpze2gd?si=b01b41da14964a8c&#038;utm_source=oembed\"><\/iframe><\/p>\n<p>&nbsp;<\/p>\n<p>En octubre 2021 Marcelo L\u00f3pez toc\u00f3 junto a los m\u00edticos \u201cAlfajores de la Pampa Seca\u201d y al mes siguiente, present\u00f3 por segunda vez su espect\u00e1culo \u201cCort\u00e1zar \u2018all inclusive\u2019\u201d, en esta ocasi\u00f3n, en el Teatro Independencia.<\/p>\n<p>En diciembre de 2021 particip\u00f3 con su tema \u201cSendero de Sat\u00e9n\u201d en el homenaje a Oscar \u201cMingo\u201d Casciani por su 50 aniversario con la m\u00fasica y el pr\u00f3ximo fin de semana ser\u00e1 parte de la banda estable \u00abAmigos de Marciano Cantero\u00bb durante el homenaje que se le realizar\u00e1 al m\u00fasico, en la inauguraci\u00f3n del Auditorio Municipal de Maip\u00fa \u00abMarciano Cantero\u00bb.<\/p>\n<p>&nbsp;<\/p>\n<h3>AGENDA<\/h3>\n<h4>Gold\u00edn &amp; L\u00f3pez presentan \u00abNuestras mejores canciones\u00bb<br \/>\nS\u00e1bado 22 de octubre, 22 horas<br \/>\nWillys Bar (Mitre 1371, Chacras de Coria)<br \/>\nDerecho de espect\u00e1culo: $ 1500<br \/>\nReservas: 2616797516<\/h4>\n","protected":false},"excerpt":{"rendered":"<p>Rub\u00e9n Gold\u00edn vuelve a Mendoza para presentar junto a Marcelo L\u00f3pez el espect\u00e1culo: \u00abNuestras mejores<\/p>\n","protected":false},"author":1,"featured_media":12072,"comment_status":"closed","ping_status":"closed","sticky":false,"template":"","format":"standard","meta":{"_jetpack_memberships_contains_paid_content":false,"footnotes":"","jetpack_publicize_message":"","jetpack_publicize_feature_enabled":true,"jetpack_social_post_already_shared":true,"jetpack_social_options":{"image_generator_settings":{"template":"highway","default_image_id":0,"font":"","enabled":false},"version":2}},"categories":[2],"tags":[],"class_list":["post-12071","post","type-post","status-publish","format-standard","has-post-thumbnail","hentry","category-musica"],"yoast_head":"<!-- This site is optimized with the Yoast SEO plugin v27.5 - https:\/\/yoast.com\/product\/yoast-seo-wordpress\/ -->\n<title>Gold\u00edn &amp; L\u00f3pez presentan \u201cNuestras mejores canciones\u201d - Tal Como Soy<\/title>\n<meta name=\"robots\" content=\"index, follow, max-snippet:-1, max-image-preview:large, max-video-preview:-1\" \/>\n<link rel=\"canonical\" href=\"https:\/\/talcomosoy.com.ar\/index.php\/goldin-lopez-presentan-nuestras-mejores-canciones\/\" \/>\n<meta property=\"og:locale\" content=\"es_ES\" \/>\n<meta property=\"og:type\" content=\"article\" \/>\n<meta property=\"og:title\" content=\"Gold\u00edn &amp; L\u00f3pez presentan \u201cNuestras mejores canciones\u201d - Tal Como Soy\" \/>\n<meta property=\"og:description\" content=\"Rub\u00e9n Gold\u00edn vuelve a Mendoza para presentar junto a Marcelo L\u00f3pez el espect\u00e1culo: \u00abNuestras mejores\" \/>\n<meta property=\"og:url\" content=\"https:\/\/talcomosoy.com.ar\/index.php\/goldin-lopez-presentan-nuestras-mejores-canciones\/\" \/>\n<meta property=\"og:site_name\" content=\"Tal Como Soy\" \/>\n<meta property=\"article:publisher\" content=\"https:\/\/www.facebook.com\/talcomosoyok\" \/>\n<meta property=\"article:author\" content=\"https:\/\/www.facebook.com\/sindamiranda\" \/>\n<meta property=\"article:published_time\" content=\"2022-10-16T23:33:48+00:00\" \/>\n<meta property=\"article:modified_time\" content=\"2022-10-16T23:34:43+00:00\" \/>\n<meta property=\"og:image\" content=\"https:\/\/i0.wp.com\/talcomosoy.com.ar\/wp-content\/uploads\/2022\/10\/unnamed-4.jpg?fit=1080%2C757&ssl=1\" \/>\n\t<meta property=\"og:image:width\" content=\"1080\" \/>\n\t<meta property=\"og:image:height\" content=\"757\" \/>\n\t<meta property=\"og:image:type\" content=\"image\/jpeg\" \/>\n<meta name=\"author\" content=\"Sinda Miranda\" \/>\n<meta name=\"twitter:card\" content=\"summary_large_image\" \/>\n<meta name=\"twitter:creator\" content=\"@sindamiranda\" \/>\n<meta name=\"twitter:site\" content=\"@talcomosoyok\" \/>\n<meta name=\"twitter:label1\" content=\"Escrito por\" \/>\n\t<meta name=\"twitter:data1\" content=\"Sinda Miranda\" \/>\n\t<meta name=\"twitter:label2\" content=\"Tiempo de lectura\" \/>\n\t<meta name=\"twitter:data2\" content=\"3 minutos\" \/>\n<script type=\"application\/ld+json\" class=\"yoast-schema-graph\">{\"@context\":\"https:\\\/\\\/schema.org\",\"@graph\":[{\"@type\":\"Article\",\"@id\":\"https:\\\/\\\/talcomosoy.com.ar\\\/index.php\\\/goldin-lopez-presentan-nuestras-mejores-canciones\\\/#article\",\"isPartOf\":{\"@id\":\"https:\\\/\\\/talcomosoy.com.ar\\\/index.php\\\/goldin-lopez-presentan-nuestras-mejores-canciones\\\/\"},\"author\":{\"name\":\"Sinda Miranda\",\"@id\":\"https:\\\/\\\/talcomosoy.com.ar\\\/#\\\/schema\\\/person\\\/496b3561bd436afcf2be92147ff855c9\"},\"headline\":\"Gold\u00edn &#038; L\u00f3pez presentan \u201cNuestras mejores canciones\u201d\",\"datePublished\":\"2022-10-16T23:33:48+00:00\",\"dateModified\":\"2022-10-16T23:34:43+00:00\",\"mainEntityOfPage\":{\"@id\":\"https:\\\/\\\/talcomosoy.com.ar\\\/index.php\\\/goldin-lopez-presentan-nuestras-mejores-canciones\\\/\"},\"wordCount\":583,\"publisher\":{\"@id\":\"https:\\\/\\\/talcomosoy.com.ar\\\/#organization\"},\"image\":{\"@id\":\"https:\\\/\\\/talcomosoy.com.ar\\\/index.php\\\/goldin-lopez-presentan-nuestras-mejores-canciones\\\/#primaryimage\"},\"thumbnailUrl\":\"https:\\\/\\\/i0.wp.com\\\/talcomosoy.com.ar\\\/wp-content\\\/uploads\\\/2022\\\/10\\\/unnamed-4.jpg?fit=1080%2C757&ssl=1\",\"articleSection\":[\"M\u00fasica\"],\"inLanguage\":\"es\"},{\"@type\":\"WebPage\",\"@id\":\"https:\\\/\\\/talcomosoy.com.ar\\\/index.php\\\/goldin-lopez-presentan-nuestras-mejores-canciones\\\/\",\"url\":\"https:\\\/\\\/talcomosoy.com.ar\\\/index.php\\\/goldin-lopez-presentan-nuestras-mejores-canciones\\\/\",\"name\":\"Gold\u00edn & L\u00f3pez presentan \u201cNuestras mejores canciones\u201d - Tal Como Soy\",\"isPartOf\":{\"@id\":\"https:\\\/\\\/talcomosoy.com.ar\\\/#website\"},\"primaryImageOfPage\":{\"@id\":\"https:\\\/\\\/talcomosoy.com.ar\\\/index.php\\\/goldin-lopez-presentan-nuestras-mejores-canciones\\\/#primaryimage\"},\"image\":{\"@id\":\"https:\\\/\\\/talcomosoy.com.ar\\\/index.php\\\/goldin-lopez-presentan-nuestras-mejores-canciones\\\/#primaryimage\"},\"thumbnailUrl\":\"https:\\\/\\\/i0.wp.com\\\/talcomosoy.com.ar\\\/wp-content\\\/uploads\\\/2022\\\/10\\\/unnamed-4.jpg?fit=1080%2C757&ssl=1\",\"datePublished\":\"2022-10-16T23:33:48+00:00\",\"dateModified\":\"2022-10-16T23:34:43+00:00\",\"inLanguage\":\"es\",\"potentialAction\":[{\"@type\":\"ReadAction\",\"target\":[\"https:\\\/\\\/talcomosoy.com.ar\\\/index.php\\\/goldin-lopez-presentan-nuestras-mejores-canciones\\\/\"]}]},{\"@type\":\"ImageObject\",\"inLanguage\":\"es\",\"@id\":\"https:\\\/\\\/talcomosoy.com.ar\\\/index.php\\\/goldin-lopez-presentan-nuestras-mejores-canciones\\\/#primaryimage\",\"url\":\"https:\\\/\\\/i0.wp.com\\\/talcomosoy.com.ar\\\/wp-content\\\/uploads\\\/2022\\\/10\\\/unnamed-4.jpg?fit=1080%2C757&ssl=1\",\"contentUrl\":\"https:\\\/\\\/i0.wp.com\\\/talcomosoy.com.ar\\\/wp-content\\\/uploads\\\/2022\\\/10\\\/unnamed-4.jpg?fit=1080%2C757&ssl=1\",\"width\":1080,\"height\":757},{\"@type\":\"WebSite\",\"@id\":\"https:\\\/\\\/talcomosoy.com.ar\\\/#website\",\"url\":\"https:\\\/\\\/talcomosoy.com.ar\\\/\",\"name\":\"Tal Como Soy\",\"description\":\"Magazine Musical Digital\",\"publisher\":{\"@id\":\"https:\\\/\\\/talcomosoy.com.ar\\\/#organization\"},\"potentialAction\":[{\"@type\":\"SearchAction\",\"target\":{\"@type\":\"EntryPoint\",\"urlTemplate\":\"https:\\\/\\\/talcomosoy.com.ar\\\/?s={search_term_string}\"},\"query-input\":{\"@type\":\"PropertyValueSpecification\",\"valueRequired\":true,\"valueName\":\"search_term_string\"}}],\"inLanguage\":\"es\"},{\"@type\":\"Organization\",\"@id\":\"https:\\\/\\\/talcomosoy.com.ar\\\/#organization\",\"name\":\"Tal Como Soy\",\"url\":\"https:\\\/\\\/talcomosoy.com.ar\\\/\",\"logo\":{\"@type\":\"ImageObject\",\"inLanguage\":\"es\",\"@id\":\"https:\\\/\\\/talcomosoy.com.ar\\\/#\\\/schema\\\/logo\\\/image\\\/\",\"url\":\"https:\\\/\\\/i0.wp.com\\\/talcomosoy.com.ar\\\/wp-content\\\/uploads\\\/2020\\\/02\\\/PUA-2020-TRANSPARENTE.png?fit=570%2C382&ssl=1\",\"contentUrl\":\"https:\\\/\\\/i0.wp.com\\\/talcomosoy.com.ar\\\/wp-content\\\/uploads\\\/2020\\\/02\\\/PUA-2020-TRANSPARENTE.png?fit=570%2C382&ssl=1\",\"width\":570,\"height\":382,\"caption\":\"Tal Como Soy\"},\"image\":{\"@id\":\"https:\\\/\\\/talcomosoy.com.ar\\\/#\\\/schema\\\/logo\\\/image\\\/\"},\"sameAs\":[\"https:\\\/\\\/www.facebook.com\\\/talcomosoyok\",\"https:\\\/\\\/x.com\\\/talcomosoyok\",\"https:\\\/\\\/www.instagram.com\\\/talcomosoyok\",\"https:\\\/\\\/www.youtube.com\\\/channel\\\/UCrutZzYQmd9Fe8pEm5wqsiw\"]},{\"@type\":\"Person\",\"@id\":\"https:\\\/\\\/talcomosoy.com.ar\\\/#\\\/schema\\\/person\\\/496b3561bd436afcf2be92147ff855c9\",\"name\":\"Sinda Miranda\",\"image\":{\"@type\":\"ImageObject\",\"inLanguage\":\"es\",\"@id\":\"https:\\\/\\\/secure.gravatar.com\\\/avatar\\\/ab0e992fc0b7117fe730d00fb0e44073b1fd6e28d69de8e7ac3103f1396f445e?s=96&d=mm&r=g\",\"url\":\"https:\\\/\\\/secure.gravatar.com\\\/avatar\\\/ab0e992fc0b7117fe730d00fb0e44073b1fd6e28d69de8e7ac3103f1396f445e?s=96&d=mm&r=g\",\"contentUrl\":\"https:\\\/\\\/secure.gravatar.com\\\/avatar\\\/ab0e992fc0b7117fe730d00fb0e44073b1fd6e28d69de8e7ac3103f1396f445e?s=96&d=mm&r=g\",\"caption\":\"Sinda Miranda\"},\"description\":\"Escritora, Fot\u00f3grafa, Agente de Prensa\",\"sameAs\":[\"https:\\\/\\\/www.facebook.com\\\/sindamiranda\",\"https:\\\/\\\/www.instagram.com\\\/sindamiranda\",\"https:\\\/\\\/x.com\\\/sindamiranda\"],\"url\":\"https:\\\/\\\/talcomosoy.com.ar\\\/index.php\\\/author\\\/sindamirandatcs\\\/\"}]}<\/script>\n<!-- \/ Yoast SEO plugin. -->","yoast_head_json":{"title":"Gold\u00edn & L\u00f3pez presentan \u201cNuestras mejores canciones\u201d - Tal Como Soy","robots":{"index":"index","follow":"follow","max-snippet":"max-snippet:-1","max-image-preview":"max-image-preview:large","max-video-preview":"max-video-preview:-1"},"canonical":"https:\/\/talcomosoy.com.ar\/index.php\/goldin-lopez-presentan-nuestras-mejores-canciones\/","og_locale":"es_ES","og_type":"article","og_title":"Gold\u00edn & L\u00f3pez presentan \u201cNuestras mejores canciones\u201d - Tal Como Soy","og_description":"Rub\u00e9n Gold\u00edn vuelve a Mendoza para presentar junto a Marcelo L\u00f3pez el espect\u00e1culo: \u00abNuestras mejores","og_url":"https:\/\/talcomosoy.com.ar\/index.php\/goldin-lopez-presentan-nuestras-mejores-canciones\/","og_site_name":"Tal Como Soy","article_publisher":"https:\/\/www.facebook.com\/talcomosoyok","article_author":"https:\/\/www.facebook.com\/sindamiranda","article_published_time":"2022-10-16T23:33:48+00:00","article_modified_time":"2022-10-16T23:34:43+00:00","og_image":[{"width":1080,"height":757,"url":"https:\/\/i0.wp.com\/talcomosoy.com.ar\/wp-content\/uploads\/2022\/10\/unnamed-4.jpg?fit=1080%2C757&ssl=1","type":"image\/jpeg"}],"author":"Sinda Miranda","twitter_card":"summary_large_image","twitter_creator":"@sindamiranda","twitter_site":"@talcomosoyok","twitter_misc":{"Escrito por":"Sinda Miranda","Tiempo de lectura":"3 minutos"},"schema":{"@context":"https:\/\/schema.org","@graph":[{"@type":"Article","@id":"https:\/\/talcomosoy.com.ar\/index.php\/goldin-lopez-presentan-nuestras-mejores-canciones\/#article","isPartOf":{"@id":"https:\/\/talcomosoy.com.ar\/index.php\/goldin-lopez-presentan-nuestras-mejores-canciones\/"},"author":{"name":"Sinda Miranda","@id":"https:\/\/talcomosoy.com.ar\/#\/schema\/person\/496b3561bd436afcf2be92147ff855c9"},"headline":"Gold\u00edn &#038; L\u00f3pez presentan \u201cNuestras mejores canciones\u201d","datePublished":"2022-10-16T23:33:48+00:00","dateModified":"2022-10-16T23:34:43+00:00","mainEntityOfPage":{"@id":"https:\/\/talcomosoy.com.ar\/index.php\/goldin-lopez-presentan-nuestras-mejores-canciones\/"},"wordCount":583,"publisher":{"@id":"https:\/\/talcomosoy.com.ar\/#organization"},"image":{"@id":"https:\/\/talcomosoy.com.ar\/index.php\/goldin-lopez-presentan-nuestras-mejores-canciones\/#primaryimage"},"thumbnailUrl":"https:\/\/i0.wp.com\/talcomosoy.com.ar\/wp-content\/uploads\/2022\/10\/unnamed-4.jpg?fit=1080%2C757&ssl=1","articleSection":["M\u00fasica"],"inLanguage":"es"},{"@type":"WebPage","@id":"https:\/\/talcomosoy.com.ar\/index.php\/goldin-lopez-presentan-nuestras-mejores-canciones\/","url":"https:\/\/talcomosoy.com.ar\/index.php\/goldin-lopez-presentan-nuestras-mejores-canciones\/","name":"Gold\u00edn & L\u00f3pez presentan \u201cNuestras mejores canciones\u201d - Tal Como Soy","isPartOf":{"@id":"https:\/\/talcomosoy.com.ar\/#website"},"primaryImageOfPage":{"@id":"https:\/\/talcomosoy.com.ar\/index.php\/goldin-lopez-presentan-nuestras-mejores-canciones\/#primaryimage"},"image":{"@id":"https:\/\/talcomosoy.com.ar\/index.php\/goldin-lopez-presentan-nuestras-mejores-canciones\/#primaryimage"},"thumbnailUrl":"https:\/\/i0.wp.com\/talcomosoy.com.ar\/wp-content\/uploads\/2022\/10\/unnamed-4.jpg?fit=1080%2C757&ssl=1","datePublished":"2022-10-16T23:33:48+00:00","dateModified":"2022-10-16T23:34:43+00:00","inLanguage":"es","potentialAction":[{"@type":"ReadAction","target":["https:\/\/talcomosoy.com.ar\/index.php\/goldin-lopez-presentan-nuestras-mejores-canciones\/"]}]},{"@type":"ImageObject","inLanguage":"es","@id":"https:\/\/talcomosoy.com.ar\/index.php\/goldin-lopez-presentan-nuestras-mejores-canciones\/#primaryimage","url":"https:\/\/i0.wp.com\/talcomosoy.com.ar\/wp-content\/uploads\/2022\/10\/unnamed-4.jpg?fit=1080%2C757&ssl=1","contentUrl":"https:\/\/i0.wp.com\/talcomosoy.com.ar\/wp-content\/uploads\/2022\/10\/unnamed-4.jpg?fit=1080%2C757&ssl=1","width":1080,"height":757},{"@type":"WebSite","@id":"https:\/\/talcomosoy.com.ar\/#website","url":"https:\/\/talcomosoy.com.ar\/","name":"Tal Como Soy","description":"Magazine Musical Digital","publisher":{"@id":"https:\/\/talcomosoy.com.ar\/#organization"},"potentialAction":[{"@type":"SearchAction","target":{"@type":"EntryPoint","urlTemplate":"https:\/\/talcomosoy.com.ar\/?s={search_term_string}"},"query-input":{"@type":"PropertyValueSpecification","valueRequired":true,"valueName":"search_term_string"}}],"inLanguage":"es"},{"@type":"Organization","@id":"https:\/\/talcomosoy.com.ar\/#organization","name":"Tal Como Soy","url":"https:\/\/talcomosoy.com.ar\/","logo":{"@type":"ImageObject","inLanguage":"es","@id":"https:\/\/talcomosoy.com.ar\/#\/schema\/logo\/image\/","url":"https:\/\/i0.wp.com\/talcomosoy.com.ar\/wp-content\/uploads\/2020\/02\/PUA-2020-TRANSPARENTE.png?fit=570%2C382&ssl=1","contentUrl":"https:\/\/i0.wp.com\/talcomosoy.com.ar\/wp-content\/uploads\/2020\/02\/PUA-2020-TRANSPARENTE.png?fit=570%2C382&ssl=1","width":570,"height":382,"caption":"Tal Como Soy"},"image":{"@id":"https:\/\/talcomosoy.com.ar\/#\/schema\/logo\/image\/"},"sameAs":["https:\/\/www.facebook.com\/talcomosoyok","https:\/\/x.com\/talcomosoyok","https:\/\/www.instagram.com\/talcomosoyok","https:\/\/www.youtube.com\/channel\/UCrutZzYQmd9Fe8pEm5wqsiw"]},{"@type":"Person","@id":"https:\/\/talcomosoy.com.ar\/#\/schema\/person\/496b3561bd436afcf2be92147ff855c9","name":"Sinda Miranda","image":{"@type":"ImageObject","inLanguage":"es","@id":"https:\/\/secure.gravatar.com\/avatar\/ab0e992fc0b7117fe730d00fb0e44073b1fd6e28d69de8e7ac3103f1396f445e?s=96&d=mm&r=g","url":"https:\/\/secure.gravatar.com\/avatar\/ab0e992fc0b7117fe730d00fb0e44073b1fd6e28d69de8e7ac3103f1396f445e?s=96&d=mm&r=g","contentUrl":"https:\/\/secure.gravatar.com\/avatar\/ab0e992fc0b7117fe730d00fb0e44073b1fd6e28d69de8e7ac3103f1396f445e?s=96&d=mm&r=g","caption":"Sinda Miranda"},"description":"Escritora, Fot\u00f3grafa, Agente de Prensa","sameAs":["https:\/\/www.facebook.com\/sindamiranda","https:\/\/www.instagram.com\/sindamiranda","https:\/\/x.com\/sindamiranda"],"url":"https:\/\/talcomosoy.com.ar\/index.php\/author\/sindamirandatcs\/"}]}},"jetpack_publicize_connections":[],"jetpack_featured_media_url":"https:\/\/i0.wp.com\/talcomosoy.com.ar\/wp-content\/uploads\/2022\/10\/unnamed-4.jpg?fit=1080%2C757&ssl=1","jetpack_sharing_enabled":true,"jetpack_likes_enabled":true,"_links":{"self":[{"href":"https:\/\/talcomosoy.com.ar\/index.php\/wp-json\/wp\/v2\/posts\/12071","targetHints":{"allow":["GET"]}}],"collection":[{"href":"https:\/\/talcomosoy.com.ar\/index.php\/wp-json\/wp\/v2\/posts"}],"about":[{"href":"https:\/\/talcomosoy.com.ar\/index.php\/wp-json\/wp\/v2\/types\/post"}],"author":[{"embeddable":true,"href":"https:\/\/talcomosoy.com.ar\/index.php\/wp-json\/wp\/v2\/users\/1"}],"replies":[{"embeddable":true,"href":"https:\/\/talcomosoy.com.ar\/index.php\/wp-json\/wp\/v2\/comments?post=12071"}],"version-history":[{"count":2,"href":"https:\/\/talcomosoy.com.ar\/index.php\/wp-json\/wp\/v2\/posts\/12071\/revisions"}],"predecessor-version":[{"id":12074,"href":"https:\/\/talcomosoy.com.ar\/index.php\/wp-json\/wp\/v2\/posts\/12071\/revisions\/12074"}],"wp:featuredmedia":[{"embeddable":true,"href":"https:\/\/talcomosoy.com.ar\/index.php\/wp-json\/wp\/v2\/media\/12072"}],"wp:attachment":[{"href":"https:\/\/talcomosoy.com.ar\/index.php\/wp-json\/wp\/v2\/media?parent=12071"}],"wp:term":[{"taxonomy":"category","embeddable":true,"href":"https:\/\/talcomosoy.com.ar\/index.php\/wp-json\/wp\/v2\/categories?post=12071"},{"taxonomy":"post_tag","embeddable":true,"href":"https:\/\/talcomosoy.com.ar\/index.php\/wp-json\/wp\/v2\/tags?post=12071"}],"curies":[{"name":"wp","href":"https:\/\/api.w.org\/{rel}","templated":true}]}}