{"id":12035,"date":"2022-10-14T11:31:52","date_gmt":"2022-10-14T14:31:52","guid":{"rendered":"https:\/\/talcomosoy.com.ar\/?p=12035"},"modified":"2022-10-14T11:33:17","modified_gmt":"2022-10-14T14:33:17","slug":"el-espacio-verde-ubicado-en-dr-juan-seru-y-calle-de-la-estacion-se-llamara-marciano-cantero","status":"publish","type":"post","link":"https:\/\/talcomosoy.com.ar\/index.php\/el-espacio-verde-ubicado-en-dr-juan-seru-y-calle-de-la-estacion-se-llamara-marciano-cantero\/","title":{"rendered":"El espacio verde ubicado en Dr. Juan Ser\u00fa y Calle de la Estaci\u00f3n se llamar\u00e1 \u00abMarciano Cantero\u00bb"},"content":{"rendered":"<h3>La ma\u00f1ana de este jueves, el municipio de Guaymall\u00e9n recibi\u00f3 la visita especial de Javier Cantero, hijo del gran \u00abMarciano\u00bb Cantero. Durante el encuentro, se le present\u00f3 la Ordenanza del Concejo Deliberante de Guaymall\u00e9n que establece designar con el nombre de su pap\u00e1 el espacio verde ubicado en Dr. Juan Ser\u00fa y Calle de la Estaci\u00f3n, a la altura de los barrios Suyai I y II.<\/h3>\n<p>&nbsp;<\/p>\n<p>Agradecido por el gesto y con gran emoci\u00f3n, Javier record\u00f3 ese v\u00ednculo entra\u00f1able que trascendi\u00f3 a la m\u00fasica: <em>\u00abCon mi pap\u00e1 \u00e9ramos mejores amigos. De hecho, \u00e9l dijo que la canci\u00f3n \u00abAmigos\u00bb la hizo pensando en que alg\u00fan d\u00eda fueran mejores amigos con su hijo. Y siempre fue as\u00ed. La verdad que muchos arrepentimientos no tengo, cuando \u00e9l se va yo me quedo en paz. D\u00edas antes de que muera le dije \u00abTe quiero much\u00edsimo, sos mi h\u00e9roe y estoy muy orgulloso de vos\u00bb\u00bb.<\/em> Tambi\u00e9n estuvo presente Mario Araniti.<\/p>\n<p>Este no es el primer homenaje que la comuna le rinde al Marciano. En enero de 2019, en el marco de la Vendimia departamental \u00abAm\u00e9rica\u00bb, fue declarado Ciudadano Ilustre del departamento. Minutos despu\u00e9s, el enanito verde pis\u00f3 el escenario de la Rotonda de Salcedo e hizo vibrar a Guaymall\u00e9n en una noche realmente m\u00e1gica, feliz e inolvidable.<\/p>\n<p><img data-recalc-dims=\"1\" loading=\"lazy\" decoding=\"async\" class=\"alignright size-medium wp-image-12037\" src=\"https:\/\/i0.wp.com\/talcomosoy.com.ar\/wp-content\/uploads\/2022\/10\/Visita-de-Javier-Cantero-1.jpg?resize=300%2C183&#038;ssl=1\" alt=\"\" width=\"300\" height=\"183\" srcset=\"https:\/\/i0.wp.com\/talcomosoy.com.ar\/wp-content\/uploads\/2022\/10\/Visita-de-Javier-Cantero-1.jpg?resize=300%2C183&amp;ssl=1 300w, https:\/\/i0.wp.com\/talcomosoy.com.ar\/wp-content\/uploads\/2022\/10\/Visita-de-Javier-Cantero-1.jpg?resize=1024%2C625&amp;ssl=1 1024w, https:\/\/i0.wp.com\/talcomosoy.com.ar\/wp-content\/uploads\/2022\/10\/Visita-de-Javier-Cantero-1.jpg?resize=768%2C469&amp;ssl=1 768w, https:\/\/i0.wp.com\/talcomosoy.com.ar\/wp-content\/uploads\/2022\/10\/Visita-de-Javier-Cantero-1.jpg?w=1299&amp;ssl=1 1299w\" sizes=\"auto, (max-width: 300px) 100vw, 300px\" \/><\/p>\n<p>Su humildad, su humanidad y su talento hicieron posible no solo ese momento \u00fanico, al que se sum\u00f3 el lugar y el p\u00fablico, sino tambi\u00e9n que hoy pueda ser conmemorado y celebrado desde sus valores.<\/p>\n<p>Sin dudas, Horacio \u00abMarciano\u00bb Cantero fue uno de los abanderados del rock nacional y sus canciones a\u00fan nos seguir\u00e1n cantando en el tiempo.<\/p>\n","protected":false},"excerpt":{"rendered":"<p>La ma\u00f1ana de este jueves, el municipio de Guaymall\u00e9n recibi\u00f3 la visita especial de Javier<\/p>\n","protected":false},"author":1,"featured_media":12036,"comment_status":"closed","ping_status":"closed","sticky":false,"template":"","format":"standard","meta":{"_jetpack_memberships_contains_paid_content":false,"footnotes":"","jetpack_publicize_message":"","jetpack_publicize_feature_enabled":true,"jetpack_social_post_already_shared":true,"jetpack_social_options":{"image_generator_settings":{"template":"highway","default_image_id":0,"font":"","enabled":false},"version":2}},"categories":[5,142,2,79],"tags":[],"class_list":["post-12035","post","type-post","status-publish","format-standard","has-post-thumbnail","hentry","category-guaymallen","category-homenajes","category-musica","category-rock-mendocino"],"yoast_head":"<!-- This site is optimized with the Yoast SEO plugin v27.5 - https:\/\/yoast.com\/product\/yoast-seo-wordpress\/ -->\n<title>El espacio verde ubicado en Dr. Juan Ser\u00fa y Calle de la Estaci\u00f3n se llamar\u00e1 &quot;Marciano Cantero&quot; - Tal Como Soy<\/title>\n<meta name=\"robots\" content=\"index, follow, max-snippet:-1, max-image-preview:large, max-video-preview:-1\" \/>\n<link rel=\"canonical\" href=\"https:\/\/talcomosoy.com.ar\/index.php\/el-espacio-verde-ubicado-en-dr-juan-seru-y-calle-de-la-estacion-se-llamara-marciano-cantero\/\" \/>\n<meta property=\"og:locale\" content=\"es_ES\" \/>\n<meta property=\"og:type\" content=\"article\" \/>\n<meta property=\"og:title\" content=\"El espacio verde ubicado en Dr. Juan Ser\u00fa y Calle de la Estaci\u00f3n se llamar\u00e1 &quot;Marciano Cantero&quot; - Tal Como Soy\" \/>\n<meta property=\"og:description\" content=\"La ma\u00f1ana de este jueves, el municipio de Guaymall\u00e9n recibi\u00f3 la visita especial de Javier\" \/>\n<meta property=\"og:url\" content=\"https:\/\/talcomosoy.com.ar\/index.php\/el-espacio-verde-ubicado-en-dr-juan-seru-y-calle-de-la-estacion-se-llamara-marciano-cantero\/\" \/>\n<meta property=\"og:site_name\" content=\"Tal Como Soy\" \/>\n<meta property=\"article:publisher\" content=\"https:\/\/www.facebook.com\/talcomosoyok\" \/>\n<meta property=\"article:author\" content=\"https:\/\/www.facebook.com\/sindamiranda\" \/>\n<meta property=\"article:published_time\" content=\"2022-10-14T14:31:52+00:00\" \/>\n<meta property=\"article:modified_time\" content=\"2022-10-14T14:33:17+00:00\" \/>\n<meta property=\"og:image\" content=\"https:\/\/i0.wp.com\/talcomosoy.com.ar\/wp-content\/uploads\/2022\/10\/Marciano-Cantero-en-Guaymallen-3-scaled.jpg?fit=2560%2C1658&ssl=1\" \/>\n\t<meta property=\"og:image:width\" content=\"2560\" \/>\n\t<meta property=\"og:image:height\" content=\"1658\" \/>\n\t<meta property=\"og:image:type\" content=\"image\/jpeg\" \/>\n<meta name=\"author\" content=\"Sinda Miranda\" \/>\n<meta name=\"twitter:card\" content=\"summary_large_image\" \/>\n<meta name=\"twitter:creator\" content=\"@sindamiranda\" \/>\n<meta name=\"twitter:site\" content=\"@talcomosoyok\" \/>\n<meta name=\"twitter:label1\" content=\"Escrito por\" \/>\n\t<meta name=\"twitter:data1\" content=\"Sinda Miranda\" \/>\n\t<meta name=\"twitter:label2\" content=\"Tiempo de lectura\" \/>\n\t<meta name=\"twitter:data2\" content=\"2 minutos\" \/>\n<script type=\"application\/ld+json\" class=\"yoast-schema-graph\">{\"@context\":\"https:\\\/\\\/schema.org\",\"@graph\":[{\"@type\":\"Article\",\"@id\":\"https:\\\/\\\/talcomosoy.com.ar\\\/index.php\\\/el-espacio-verde-ubicado-en-dr-juan-seru-y-calle-de-la-estacion-se-llamara-marciano-cantero\\\/#article\",\"isPartOf\":{\"@id\":\"https:\\\/\\\/talcomosoy.com.ar\\\/index.php\\\/el-espacio-verde-ubicado-en-dr-juan-seru-y-calle-de-la-estacion-se-llamara-marciano-cantero\\\/\"},\"author\":{\"name\":\"Sinda Miranda\",\"@id\":\"https:\\\/\\\/talcomosoy.com.ar\\\/#\\\/schema\\\/person\\\/496b3561bd436afcf2be92147ff855c9\"},\"headline\":\"El espacio verde ubicado en Dr. Juan Ser\u00fa y Calle de la Estaci\u00f3n se llamar\u00e1 \u00abMarciano Cantero\u00bb\",\"datePublished\":\"2022-10-14T14:31:52+00:00\",\"dateModified\":\"2022-10-14T14:33:17+00:00\",\"mainEntityOfPage\":{\"@id\":\"https:\\\/\\\/talcomosoy.com.ar\\\/index.php\\\/el-espacio-verde-ubicado-en-dr-juan-seru-y-calle-de-la-estacion-se-llamara-marciano-cantero\\\/\"},\"wordCount\":311,\"publisher\":{\"@id\":\"https:\\\/\\\/talcomosoy.com.ar\\\/#organization\"},\"image\":{\"@id\":\"https:\\\/\\\/talcomosoy.com.ar\\\/index.php\\\/el-espacio-verde-ubicado-en-dr-juan-seru-y-calle-de-la-estacion-se-llamara-marciano-cantero\\\/#primaryimage\"},\"thumbnailUrl\":\"https:\\\/\\\/i0.wp.com\\\/talcomosoy.com.ar\\\/wp-content\\\/uploads\\\/2022\\\/10\\\/Marciano-Cantero-en-Guaymallen-3-scaled.jpg?fit=2560%2C1658&ssl=1\",\"articleSection\":[\"Guaymall\u00e9n\",\"Homenajes\",\"M\u00fasica\",\"Rock Mendocino\"],\"inLanguage\":\"es\"},{\"@type\":\"WebPage\",\"@id\":\"https:\\\/\\\/talcomosoy.com.ar\\\/index.php\\\/el-espacio-verde-ubicado-en-dr-juan-seru-y-calle-de-la-estacion-se-llamara-marciano-cantero\\\/\",\"url\":\"https:\\\/\\\/talcomosoy.com.ar\\\/index.php\\\/el-espacio-verde-ubicado-en-dr-juan-seru-y-calle-de-la-estacion-se-llamara-marciano-cantero\\\/\",\"name\":\"El espacio verde ubicado en Dr. Juan Ser\u00fa y Calle de la Estaci\u00f3n se llamar\u00e1 \\\"Marciano Cantero\\\" - Tal Como Soy\",\"isPartOf\":{\"@id\":\"https:\\\/\\\/talcomosoy.com.ar\\\/#website\"},\"primaryImageOfPage\":{\"@id\":\"https:\\\/\\\/talcomosoy.com.ar\\\/index.php\\\/el-espacio-verde-ubicado-en-dr-juan-seru-y-calle-de-la-estacion-se-llamara-marciano-cantero\\\/#primaryimage\"},\"image\":{\"@id\":\"https:\\\/\\\/talcomosoy.com.ar\\\/index.php\\\/el-espacio-verde-ubicado-en-dr-juan-seru-y-calle-de-la-estacion-se-llamara-marciano-cantero\\\/#primaryimage\"},\"thumbnailUrl\":\"https:\\\/\\\/i0.wp.com\\\/talcomosoy.com.ar\\\/wp-content\\\/uploads\\\/2022\\\/10\\\/Marciano-Cantero-en-Guaymallen-3-scaled.jpg?fit=2560%2C1658&ssl=1\",\"datePublished\":\"2022-10-14T14:31:52+00:00\",\"dateModified\":\"2022-10-14T14:33:17+00:00\",\"inLanguage\":\"es\",\"potentialAction\":[{\"@type\":\"ReadAction\",\"target\":[\"https:\\\/\\\/talcomosoy.com.ar\\\/index.php\\\/el-espacio-verde-ubicado-en-dr-juan-seru-y-calle-de-la-estacion-se-llamara-marciano-cantero\\\/\"]}]},{\"@type\":\"ImageObject\",\"inLanguage\":\"es\",\"@id\":\"https:\\\/\\\/talcomosoy.com.ar\\\/index.php\\\/el-espacio-verde-ubicado-en-dr-juan-seru-y-calle-de-la-estacion-se-llamara-marciano-cantero\\\/#primaryimage\",\"url\":\"https:\\\/\\\/i0.wp.com\\\/talcomosoy.com.ar\\\/wp-content\\\/uploads\\\/2022\\\/10\\\/Marciano-Cantero-en-Guaymallen-3-scaled.jpg?fit=2560%2C1658&ssl=1\",\"contentUrl\":\"https:\\\/\\\/i0.wp.com\\\/talcomosoy.com.ar\\\/wp-content\\\/uploads\\\/2022\\\/10\\\/Marciano-Cantero-en-Guaymallen-3-scaled.jpg?fit=2560%2C1658&ssl=1\",\"width\":2560,\"height\":1658,\"caption\":\"Fotograf\u00eda gentileza de Prensa Guaymall\u00e9n\"},{\"@type\":\"WebSite\",\"@id\":\"https:\\\/\\\/talcomosoy.com.ar\\\/#website\",\"url\":\"https:\\\/\\\/talcomosoy.com.ar\\\/\",\"name\":\"Tal Como Soy\",\"description\":\"Magazine Musical Digital\",\"publisher\":{\"@id\":\"https:\\\/\\\/talcomosoy.com.ar\\\/#organization\"},\"potentialAction\":[{\"@type\":\"SearchAction\",\"target\":{\"@type\":\"EntryPoint\",\"urlTemplate\":\"https:\\\/\\\/talcomosoy.com.ar\\\/?s={search_term_string}\"},\"query-input\":{\"@type\":\"PropertyValueSpecification\",\"valueRequired\":true,\"valueName\":\"search_term_string\"}}],\"inLanguage\":\"es\"},{\"@type\":\"Organization\",\"@id\":\"https:\\\/\\\/talcomosoy.com.ar\\\/#organization\",\"name\":\"Tal Como Soy\",\"url\":\"https:\\\/\\\/talcomosoy.com.ar\\\/\",\"logo\":{\"@type\":\"ImageObject\",\"inLanguage\":\"es\",\"@id\":\"https:\\\/\\\/talcomosoy.com.ar\\\/#\\\/schema\\\/logo\\\/image\\\/\",\"url\":\"https:\\\/\\\/i0.wp.com\\\/talcomosoy.com.ar\\\/wp-content\\\/uploads\\\/2020\\\/02\\\/PUA-2020-TRANSPARENTE.png?fit=570%2C382&ssl=1\",\"contentUrl\":\"https:\\\/\\\/i0.wp.com\\\/talcomosoy.com.ar\\\/wp-content\\\/uploads\\\/2020\\\/02\\\/PUA-2020-TRANSPARENTE.png?fit=570%2C382&ssl=1\",\"width\":570,\"height\":382,\"caption\":\"Tal Como Soy\"},\"image\":{\"@id\":\"https:\\\/\\\/talcomosoy.com.ar\\\/#\\\/schema\\\/logo\\\/image\\\/\"},\"sameAs\":[\"https:\\\/\\\/www.facebook.com\\\/talcomosoyok\",\"https:\\\/\\\/x.com\\\/talcomosoyok\",\"https:\\\/\\\/www.instagram.com\\\/talcomosoyok\",\"https:\\\/\\\/www.youtube.com\\\/channel\\\/UCrutZzYQmd9Fe8pEm5wqsiw\"]},{\"@type\":\"Person\",\"@id\":\"https:\\\/\\\/talcomosoy.com.ar\\\/#\\\/schema\\\/person\\\/496b3561bd436afcf2be92147ff855c9\",\"name\":\"Sinda Miranda\",\"image\":{\"@type\":\"ImageObject\",\"inLanguage\":\"es\",\"@id\":\"https:\\\/\\\/secure.gravatar.com\\\/avatar\\\/ab0e992fc0b7117fe730d00fb0e44073b1fd6e28d69de8e7ac3103f1396f445e?s=96&d=mm&r=g\",\"url\":\"https:\\\/\\\/secure.gravatar.com\\\/avatar\\\/ab0e992fc0b7117fe730d00fb0e44073b1fd6e28d69de8e7ac3103f1396f445e?s=96&d=mm&r=g\",\"contentUrl\":\"https:\\\/\\\/secure.gravatar.com\\\/avatar\\\/ab0e992fc0b7117fe730d00fb0e44073b1fd6e28d69de8e7ac3103f1396f445e?s=96&d=mm&r=g\",\"caption\":\"Sinda Miranda\"},\"description\":\"Escritora, Fot\u00f3grafa, Agente de Prensa\",\"sameAs\":[\"https:\\\/\\\/www.facebook.com\\\/sindamiranda\",\"https:\\\/\\\/www.instagram.com\\\/sindamiranda\",\"https:\\\/\\\/x.com\\\/sindamiranda\"],\"url\":\"https:\\\/\\\/talcomosoy.com.ar\\\/index.php\\\/author\\\/sindamirandatcs\\\/\"}]}<\/script>\n<!-- \/ Yoast SEO plugin. -->","yoast_head_json":{"title":"El espacio verde ubicado en Dr. Juan Ser\u00fa y Calle de la Estaci\u00f3n se llamar\u00e1 \"Marciano Cantero\" - Tal Como Soy","robots":{"index":"index","follow":"follow","max-snippet":"max-snippet:-1","max-image-preview":"max-image-preview:large","max-video-preview":"max-video-preview:-1"},"canonical":"https:\/\/talcomosoy.com.ar\/index.php\/el-espacio-verde-ubicado-en-dr-juan-seru-y-calle-de-la-estacion-se-llamara-marciano-cantero\/","og_locale":"es_ES","og_type":"article","og_title":"El espacio verde ubicado en Dr. Juan Ser\u00fa y Calle de la Estaci\u00f3n se llamar\u00e1 \"Marciano Cantero\" - Tal Como Soy","og_description":"La ma\u00f1ana de este jueves, el municipio de Guaymall\u00e9n recibi\u00f3 la visita especial de Javier","og_url":"https:\/\/talcomosoy.com.ar\/index.php\/el-espacio-verde-ubicado-en-dr-juan-seru-y-calle-de-la-estacion-se-llamara-marciano-cantero\/","og_site_name":"Tal Como Soy","article_publisher":"https:\/\/www.facebook.com\/talcomosoyok","article_author":"https:\/\/www.facebook.com\/sindamiranda","article_published_time":"2022-10-14T14:31:52+00:00","article_modified_time":"2022-10-14T14:33:17+00:00","og_image":[{"width":2560,"height":1658,"url":"https:\/\/i0.wp.com\/talcomosoy.com.ar\/wp-content\/uploads\/2022\/10\/Marciano-Cantero-en-Guaymallen-3-scaled.jpg?fit=2560%2C1658&ssl=1","type":"image\/jpeg"}],"author":"Sinda Miranda","twitter_card":"summary_large_image","twitter_creator":"@sindamiranda","twitter_site":"@talcomosoyok","twitter_misc":{"Escrito por":"Sinda Miranda","Tiempo de lectura":"2 minutos"},"schema":{"@context":"https:\/\/schema.org","@graph":[{"@type":"Article","@id":"https:\/\/talcomosoy.com.ar\/index.php\/el-espacio-verde-ubicado-en-dr-juan-seru-y-calle-de-la-estacion-se-llamara-marciano-cantero\/#article","isPartOf":{"@id":"https:\/\/talcomosoy.com.ar\/index.php\/el-espacio-verde-ubicado-en-dr-juan-seru-y-calle-de-la-estacion-se-llamara-marciano-cantero\/"},"author":{"name":"Sinda Miranda","@id":"https:\/\/talcomosoy.com.ar\/#\/schema\/person\/496b3561bd436afcf2be92147ff855c9"},"headline":"El espacio verde ubicado en Dr. Juan Ser\u00fa y Calle de la Estaci\u00f3n se llamar\u00e1 \u00abMarciano Cantero\u00bb","datePublished":"2022-10-14T14:31:52+00:00","dateModified":"2022-10-14T14:33:17+00:00","mainEntityOfPage":{"@id":"https:\/\/talcomosoy.com.ar\/index.php\/el-espacio-verde-ubicado-en-dr-juan-seru-y-calle-de-la-estacion-se-llamara-marciano-cantero\/"},"wordCount":311,"publisher":{"@id":"https:\/\/talcomosoy.com.ar\/#organization"},"image":{"@id":"https:\/\/talcomosoy.com.ar\/index.php\/el-espacio-verde-ubicado-en-dr-juan-seru-y-calle-de-la-estacion-se-llamara-marciano-cantero\/#primaryimage"},"thumbnailUrl":"https:\/\/i0.wp.com\/talcomosoy.com.ar\/wp-content\/uploads\/2022\/10\/Marciano-Cantero-en-Guaymallen-3-scaled.jpg?fit=2560%2C1658&ssl=1","articleSection":["Guaymall\u00e9n","Homenajes","M\u00fasica","Rock Mendocino"],"inLanguage":"es"},{"@type":"WebPage","@id":"https:\/\/talcomosoy.com.ar\/index.php\/el-espacio-verde-ubicado-en-dr-juan-seru-y-calle-de-la-estacion-se-llamara-marciano-cantero\/","url":"https:\/\/talcomosoy.com.ar\/index.php\/el-espacio-verde-ubicado-en-dr-juan-seru-y-calle-de-la-estacion-se-llamara-marciano-cantero\/","name":"El espacio verde ubicado en Dr. Juan Ser\u00fa y Calle de la Estaci\u00f3n se llamar\u00e1 \"Marciano Cantero\" - Tal Como Soy","isPartOf":{"@id":"https:\/\/talcomosoy.com.ar\/#website"},"primaryImageOfPage":{"@id":"https:\/\/talcomosoy.com.ar\/index.php\/el-espacio-verde-ubicado-en-dr-juan-seru-y-calle-de-la-estacion-se-llamara-marciano-cantero\/#primaryimage"},"image":{"@id":"https:\/\/talcomosoy.com.ar\/index.php\/el-espacio-verde-ubicado-en-dr-juan-seru-y-calle-de-la-estacion-se-llamara-marciano-cantero\/#primaryimage"},"thumbnailUrl":"https:\/\/i0.wp.com\/talcomosoy.com.ar\/wp-content\/uploads\/2022\/10\/Marciano-Cantero-en-Guaymallen-3-scaled.jpg?fit=2560%2C1658&ssl=1","datePublished":"2022-10-14T14:31:52+00:00","dateModified":"2022-10-14T14:33:17+00:00","inLanguage":"es","potentialAction":[{"@type":"ReadAction","target":["https:\/\/talcomosoy.com.ar\/index.php\/el-espacio-verde-ubicado-en-dr-juan-seru-y-calle-de-la-estacion-se-llamara-marciano-cantero\/"]}]},{"@type":"ImageObject","inLanguage":"es","@id":"https:\/\/talcomosoy.com.ar\/index.php\/el-espacio-verde-ubicado-en-dr-juan-seru-y-calle-de-la-estacion-se-llamara-marciano-cantero\/#primaryimage","url":"https:\/\/i0.wp.com\/talcomosoy.com.ar\/wp-content\/uploads\/2022\/10\/Marciano-Cantero-en-Guaymallen-3-scaled.jpg?fit=2560%2C1658&ssl=1","contentUrl":"https:\/\/i0.wp.com\/talcomosoy.com.ar\/wp-content\/uploads\/2022\/10\/Marciano-Cantero-en-Guaymallen-3-scaled.jpg?fit=2560%2C1658&ssl=1","width":2560,"height":1658,"caption":"Fotograf\u00eda gentileza de Prensa Guaymall\u00e9n"},{"@type":"WebSite","@id":"https:\/\/talcomosoy.com.ar\/#website","url":"https:\/\/talcomosoy.com.ar\/","name":"Tal Como Soy","description":"Magazine Musical Digital","publisher":{"@id":"https:\/\/talcomosoy.com.ar\/#organization"},"potentialAction":[{"@type":"SearchAction","target":{"@type":"EntryPoint","urlTemplate":"https:\/\/talcomosoy.com.ar\/?s={search_term_string}"},"query-input":{"@type":"PropertyValueSpecification","valueRequired":true,"valueName":"search_term_string"}}],"inLanguage":"es"},{"@type":"Organization","@id":"https:\/\/talcomosoy.com.ar\/#organization","name":"Tal Como Soy","url":"https:\/\/talcomosoy.com.ar\/","logo":{"@type":"ImageObject","inLanguage":"es","@id":"https:\/\/talcomosoy.com.ar\/#\/schema\/logo\/image\/","url":"https:\/\/i0.wp.com\/talcomosoy.com.ar\/wp-content\/uploads\/2020\/02\/PUA-2020-TRANSPARENTE.png?fit=570%2C382&ssl=1","contentUrl":"https:\/\/i0.wp.com\/talcomosoy.com.ar\/wp-content\/uploads\/2020\/02\/PUA-2020-TRANSPARENTE.png?fit=570%2C382&ssl=1","width":570,"height":382,"caption":"Tal Como Soy"},"image":{"@id":"https:\/\/talcomosoy.com.ar\/#\/schema\/logo\/image\/"},"sameAs":["https:\/\/www.facebook.com\/talcomosoyok","https:\/\/x.com\/talcomosoyok","https:\/\/www.instagram.com\/talcomosoyok","https:\/\/www.youtube.com\/channel\/UCrutZzYQmd9Fe8pEm5wqsiw"]},{"@type":"Person","@id":"https:\/\/talcomosoy.com.ar\/#\/schema\/person\/496b3561bd436afcf2be92147ff855c9","name":"Sinda Miranda","image":{"@type":"ImageObject","inLanguage":"es","@id":"https:\/\/secure.gravatar.com\/avatar\/ab0e992fc0b7117fe730d00fb0e44073b1fd6e28d69de8e7ac3103f1396f445e?s=96&d=mm&r=g","url":"https:\/\/secure.gravatar.com\/avatar\/ab0e992fc0b7117fe730d00fb0e44073b1fd6e28d69de8e7ac3103f1396f445e?s=96&d=mm&r=g","contentUrl":"https:\/\/secure.gravatar.com\/avatar\/ab0e992fc0b7117fe730d00fb0e44073b1fd6e28d69de8e7ac3103f1396f445e?s=96&d=mm&r=g","caption":"Sinda Miranda"},"description":"Escritora, Fot\u00f3grafa, Agente de Prensa","sameAs":["https:\/\/www.facebook.com\/sindamiranda","https:\/\/www.instagram.com\/sindamiranda","https:\/\/x.com\/sindamiranda"],"url":"https:\/\/talcomosoy.com.ar\/index.php\/author\/sindamirandatcs\/"}]}},"jetpack_publicize_connections":[],"jetpack_featured_media_url":"https:\/\/i0.wp.com\/talcomosoy.com.ar\/wp-content\/uploads\/2022\/10\/Marciano-Cantero-en-Guaymallen-3-scaled.jpg?fit=2560%2C1658&ssl=1","jetpack_sharing_enabled":true,"jetpack_likes_enabled":true,"_links":{"self":[{"href":"https:\/\/talcomosoy.com.ar\/index.php\/wp-json\/wp\/v2\/posts\/12035","targetHints":{"allow":["GET"]}}],"collection":[{"href":"https:\/\/talcomosoy.com.ar\/index.php\/wp-json\/wp\/v2\/posts"}],"about":[{"href":"https:\/\/talcomosoy.com.ar\/index.php\/wp-json\/wp\/v2\/types\/post"}],"author":[{"embeddable":true,"href":"https:\/\/talcomosoy.com.ar\/index.php\/wp-json\/wp\/v2\/users\/1"}],"replies":[{"embeddable":true,"href":"https:\/\/talcomosoy.com.ar\/index.php\/wp-json\/wp\/v2\/comments?post=12035"}],"version-history":[{"count":1,"href":"https:\/\/talcomosoy.com.ar\/index.php\/wp-json\/wp\/v2\/posts\/12035\/revisions"}],"predecessor-version":[{"id":12038,"href":"https:\/\/talcomosoy.com.ar\/index.php\/wp-json\/wp\/v2\/posts\/12035\/revisions\/12038"}],"wp:featuredmedia":[{"embeddable":true,"href":"https:\/\/talcomosoy.com.ar\/index.php\/wp-json\/wp\/v2\/media\/12036"}],"wp:attachment":[{"href":"https:\/\/talcomosoy.com.ar\/index.php\/wp-json\/wp\/v2\/media?parent=12035"}],"wp:term":[{"taxonomy":"category","embeddable":true,"href":"https:\/\/talcomosoy.com.ar\/index.php\/wp-json\/wp\/v2\/categories?post=12035"},{"taxonomy":"post_tag","embeddable":true,"href":"https:\/\/talcomosoy.com.ar\/index.php\/wp-json\/wp\/v2\/tags?post=12035"}],"curies":[{"name":"wp","href":"https:\/\/api.w.org\/{rel}","templated":true}]}}