{"id":11998,"date":"2022-10-13T10:48:23","date_gmt":"2022-10-13T13:48:23","guid":{"rendered":"https:\/\/talcomosoy.com.ar\/?p=11998"},"modified":"2022-10-13T10:48:23","modified_gmt":"2022-10-13T13:48:23","slug":"llega-san-vicente-tango-un-clasico-que-renueva-su-vigencia","status":"publish","type":"post","link":"https:\/\/talcomosoy.com.ar\/index.php\/llega-san-vicente-tango-un-clasico-que-renueva-su-vigencia\/","title":{"rendered":"Llega San Vicente Tango: un cl\u00e1sico que renueva su vigencia"},"content":{"rendered":"<h3>Entre el viernes 14 y el domingo 16 de octubre, el tradicional festival vivir\u00e1 su edici\u00f3n 2022, con una milonga bajo las estrellas en la Plaza Departamental y espect\u00e1culos en el Teatro Plaza.<\/h3>\n<p>&nbsp;<\/p>\n<p>Uno de los puntos fuertes de esta entrega ser\u00e1 la actuaci\u00f3n de la Orquesta Barroca de Mendoza el domingo 16, que abordar\u00e1 las \u201cCuatro Estaciones Porte\u00f1as\u201d, de Astor Piazzolla, bajo la direcci\u00f3n de Mariano Peralta.<\/p>\n<p>La entrada para las tres veladas ser\u00e1 gratuita. En la milonga, el p\u00fablico podr\u00e1 asistir y deleitarse con el talento de varios artistas, por orden de llegada.<\/p>\n<p>En tanto, para disfrutar los conciertos en la sala mayor del departamento tendr\u00e1n que retirar su entrada en la boleter\u00eda del Teatro Plaza (Col\u00f3n 27, Godoy Cruz) o en <a href=\"https:\/\/bit.ly\/SanVicenteTangoEntradas\">https:\/\/bit.ly\/SanVicenteTangoEntradas<\/a>.<\/p>\n<p>De esta manera, reconocidos exponentes de la escena tanguera arribar\u00e1n a Godoy Cruz para brindar noches envueltas por el encanto y la pasi\u00f3n del arrabal, con una de las expresiones culturales que mejor nos representa en el mundo.<\/p>\n<p>&nbsp;<\/p>\n<h3>As\u00ed ser\u00e1 San Vicente Tango 2022<\/h3>\n<p>&nbsp;<\/p>\n<p>El viernes 14, a las 20:30 ser\u00e1 la noche inaugural. La Plaza Tom\u00e1s Godoy Cruz recibir\u00e1 a los reconocidos bailarines Damaris Aveiro y Carlos Chamorro, de Mendoza Tango Art, que abrir\u00e1n la pista con una clase.<\/p>\n<p>Luego, la prestigiosa Compa\u00f1\u00eda de Tango y Folclore H\u00e9ctor Moreno y la pareja de Romina Moreno y Franco Sosa exhibir\u00e1n su talento en el 2&#215;4. Como broche de oro actuar\u00e1n los experimentados artistas de Ser\u00e9 Tango.<\/p>\n<p>Mientras tanto, para el s\u00e1bado 15, a las 21 horas, la primera noche en el Teatro Plaza se engalanar\u00e1 con una selecci\u00f3n de primer nivel.<\/p>\n<p>El escenario reunir\u00e1 al grupo Manyinaje; el trio Barrag\u00e1n Astudillo Vega, con un variado mapa sonoro y est\u00e9tico; y Contramarca, una agrupaci\u00f3n que se distingue por una est\u00e9tica refinada que hace de sus conciertos una experiencia \u00fanica.<\/p>\n<p>La del domingo 16 ser\u00e1 otra noche marcada por la amplia gama de estilos que ir\u00e1n recorriendo nuevamente la sala del Plaza.<\/p>\n<p>Desde las 21, se presentar\u00e1 Club Atl\u00e9tico Guitarrita junto al cantante Juan Jer\u00f3nimo Flores, que posee un amplio recorrido dentro del g\u00e9nero.<\/p>\n<p>Albertina Crescitelli Ensemble brindar\u00e1 una propuesta basada en cruzar los l\u00edmites entre g\u00e9neros y fusionarlos con arreglos originales.<\/p>\n<p>Finalmente se pondr\u00e1 en escena las \u201cCuatro Estaciones Porte\u00f1as\u201d, una de las obras fundamentales y m\u00e1s conocidas de Piazzolla interpretada por la Orquesta Barroca de Mendoza.<\/p>\n","protected":false},"excerpt":{"rendered":"<p>Entre el viernes 14 y el domingo 16 de octubre, el tradicional festival vivir\u00e1 su<\/p>\n","protected":false},"author":1,"featured_media":11999,"comment_status":"closed","ping_status":"closed","sticky":false,"template":"","format":"standard","meta":{"_jetpack_memberships_contains_paid_content":false,"footnotes":"","jetpack_publicize_message":"","jetpack_publicize_feature_enabled":true,"jetpack_social_post_already_shared":true,"jetpack_social_options":{"image_generator_settings":{"template":"highway","default_image_id":0,"font":"","enabled":false},"version":2}},"categories":[44,2,346,202],"tags":[],"class_list":["post-11998","post","type-post","status-publish","format-standard","has-post-thumbnail","hentry","category-godoy-cruz","category-musica","category-san-vicente-tango","category-tango"],"yoast_head":"<!-- This site is optimized with the Yoast SEO plugin v27.5 - https:\/\/yoast.com\/product\/yoast-seo-wordpress\/ -->\n<title>Llega San Vicente Tango: un cl\u00e1sico que renueva su vigencia - Tal Como Soy<\/title>\n<meta name=\"robots\" content=\"index, follow, max-snippet:-1, max-image-preview:large, max-video-preview:-1\" \/>\n<link rel=\"canonical\" href=\"https:\/\/talcomosoy.com.ar\/index.php\/llega-san-vicente-tango-un-clasico-que-renueva-su-vigencia\/\" \/>\n<meta property=\"og:locale\" content=\"es_ES\" \/>\n<meta property=\"og:type\" content=\"article\" \/>\n<meta property=\"og:title\" content=\"Llega San Vicente Tango: un cl\u00e1sico que renueva su vigencia - Tal Como Soy\" \/>\n<meta property=\"og:description\" content=\"Entre el viernes 14 y el domingo 16 de octubre, el tradicional festival vivir\u00e1 su\" \/>\n<meta property=\"og:url\" content=\"https:\/\/talcomosoy.com.ar\/index.php\/llega-san-vicente-tango-un-clasico-que-renueva-su-vigencia\/\" \/>\n<meta property=\"og:site_name\" content=\"Tal Como Soy\" \/>\n<meta property=\"article:publisher\" content=\"https:\/\/www.facebook.com\/talcomosoyok\" \/>\n<meta property=\"article:author\" content=\"https:\/\/www.facebook.com\/sindamiranda\" \/>\n<meta property=\"article:published_time\" content=\"2022-10-13T13:48:23+00:00\" \/>\n<meta property=\"og:image\" content=\"https:\/\/i0.wp.com\/talcomosoy.com.ar\/wp-content\/uploads\/2022\/10\/Orquesta-Barroca.jpg?fit=969%2C624&ssl=1\" \/>\n\t<meta property=\"og:image:width\" content=\"969\" \/>\n\t<meta property=\"og:image:height\" content=\"624\" \/>\n\t<meta property=\"og:image:type\" content=\"image\/jpeg\" \/>\n<meta name=\"author\" content=\"Sinda Miranda\" \/>\n<meta name=\"twitter:card\" content=\"summary_large_image\" \/>\n<meta name=\"twitter:creator\" content=\"@sindamiranda\" \/>\n<meta name=\"twitter:site\" content=\"@talcomosoyok\" \/>\n<meta name=\"twitter:label1\" content=\"Escrito por\" \/>\n\t<meta name=\"twitter:data1\" content=\"Sinda Miranda\" \/>\n\t<meta name=\"twitter:label2\" content=\"Tiempo de lectura\" \/>\n\t<meta name=\"twitter:data2\" content=\"2 minutos\" \/>\n<script type=\"application\/ld+json\" class=\"yoast-schema-graph\">{\"@context\":\"https:\\\/\\\/schema.org\",\"@graph\":[{\"@type\":\"Article\",\"@id\":\"https:\\\/\\\/talcomosoy.com.ar\\\/index.php\\\/llega-san-vicente-tango-un-clasico-que-renueva-su-vigencia\\\/#article\",\"isPartOf\":{\"@id\":\"https:\\\/\\\/talcomosoy.com.ar\\\/index.php\\\/llega-san-vicente-tango-un-clasico-que-renueva-su-vigencia\\\/\"},\"author\":{\"name\":\"Sinda Miranda\",\"@id\":\"https:\\\/\\\/talcomosoy.com.ar\\\/#\\\/schema\\\/person\\\/496b3561bd436afcf2be92147ff855c9\"},\"headline\":\"Llega San Vicente Tango: un cl\u00e1sico que renueva su vigencia\",\"datePublished\":\"2022-10-13T13:48:23+00:00\",\"mainEntityOfPage\":{\"@id\":\"https:\\\/\\\/talcomosoy.com.ar\\\/index.php\\\/llega-san-vicente-tango-un-clasico-que-renueva-su-vigencia\\\/\"},\"wordCount\":427,\"publisher\":{\"@id\":\"https:\\\/\\\/talcomosoy.com.ar\\\/#organization\"},\"image\":{\"@id\":\"https:\\\/\\\/talcomosoy.com.ar\\\/index.php\\\/llega-san-vicente-tango-un-clasico-que-renueva-su-vigencia\\\/#primaryimage\"},\"thumbnailUrl\":\"https:\\\/\\\/i0.wp.com\\\/talcomosoy.com.ar\\\/wp-content\\\/uploads\\\/2022\\\/10\\\/Orquesta-Barroca.jpg?fit=969%2C624&ssl=1\",\"articleSection\":[\"Godoy Cruz\",\"M\u00fasica\",\"San Vicente Tango\",\"Tango\"],\"inLanguage\":\"es\"},{\"@type\":\"WebPage\",\"@id\":\"https:\\\/\\\/talcomosoy.com.ar\\\/index.php\\\/llega-san-vicente-tango-un-clasico-que-renueva-su-vigencia\\\/\",\"url\":\"https:\\\/\\\/talcomosoy.com.ar\\\/index.php\\\/llega-san-vicente-tango-un-clasico-que-renueva-su-vigencia\\\/\",\"name\":\"Llega San Vicente Tango: un cl\u00e1sico que renueva su vigencia - Tal Como Soy\",\"isPartOf\":{\"@id\":\"https:\\\/\\\/talcomosoy.com.ar\\\/#website\"},\"primaryImageOfPage\":{\"@id\":\"https:\\\/\\\/talcomosoy.com.ar\\\/index.php\\\/llega-san-vicente-tango-un-clasico-que-renueva-su-vigencia\\\/#primaryimage\"},\"image\":{\"@id\":\"https:\\\/\\\/talcomosoy.com.ar\\\/index.php\\\/llega-san-vicente-tango-un-clasico-que-renueva-su-vigencia\\\/#primaryimage\"},\"thumbnailUrl\":\"https:\\\/\\\/i0.wp.com\\\/talcomosoy.com.ar\\\/wp-content\\\/uploads\\\/2022\\\/10\\\/Orquesta-Barroca.jpg?fit=969%2C624&ssl=1\",\"datePublished\":\"2022-10-13T13:48:23+00:00\",\"inLanguage\":\"es\",\"potentialAction\":[{\"@type\":\"ReadAction\",\"target\":[\"https:\\\/\\\/talcomosoy.com.ar\\\/index.php\\\/llega-san-vicente-tango-un-clasico-que-renueva-su-vigencia\\\/\"]}]},{\"@type\":\"ImageObject\",\"inLanguage\":\"es\",\"@id\":\"https:\\\/\\\/talcomosoy.com.ar\\\/index.php\\\/llega-san-vicente-tango-un-clasico-que-renueva-su-vigencia\\\/#primaryimage\",\"url\":\"https:\\\/\\\/i0.wp.com\\\/talcomosoy.com.ar\\\/wp-content\\\/uploads\\\/2022\\\/10\\\/Orquesta-Barroca.jpg?fit=969%2C624&ssl=1\",\"contentUrl\":\"https:\\\/\\\/i0.wp.com\\\/talcomosoy.com.ar\\\/wp-content\\\/uploads\\\/2022\\\/10\\\/Orquesta-Barroca.jpg?fit=969%2C624&ssl=1\",\"width\":969,\"height\":624},{\"@type\":\"WebSite\",\"@id\":\"https:\\\/\\\/talcomosoy.com.ar\\\/#website\",\"url\":\"https:\\\/\\\/talcomosoy.com.ar\\\/\",\"name\":\"Tal Como Soy\",\"description\":\"Magazine Musical Digital\",\"publisher\":{\"@id\":\"https:\\\/\\\/talcomosoy.com.ar\\\/#organization\"},\"potentialAction\":[{\"@type\":\"SearchAction\",\"target\":{\"@type\":\"EntryPoint\",\"urlTemplate\":\"https:\\\/\\\/talcomosoy.com.ar\\\/?s={search_term_string}\"},\"query-input\":{\"@type\":\"PropertyValueSpecification\",\"valueRequired\":true,\"valueName\":\"search_term_string\"}}],\"inLanguage\":\"es\"},{\"@type\":\"Organization\",\"@id\":\"https:\\\/\\\/talcomosoy.com.ar\\\/#organization\",\"name\":\"Tal Como Soy\",\"url\":\"https:\\\/\\\/talcomosoy.com.ar\\\/\",\"logo\":{\"@type\":\"ImageObject\",\"inLanguage\":\"es\",\"@id\":\"https:\\\/\\\/talcomosoy.com.ar\\\/#\\\/schema\\\/logo\\\/image\\\/\",\"url\":\"https:\\\/\\\/i0.wp.com\\\/talcomosoy.com.ar\\\/wp-content\\\/uploads\\\/2020\\\/02\\\/PUA-2020-TRANSPARENTE.png?fit=570%2C382&ssl=1\",\"contentUrl\":\"https:\\\/\\\/i0.wp.com\\\/talcomosoy.com.ar\\\/wp-content\\\/uploads\\\/2020\\\/02\\\/PUA-2020-TRANSPARENTE.png?fit=570%2C382&ssl=1\",\"width\":570,\"height\":382,\"caption\":\"Tal Como Soy\"},\"image\":{\"@id\":\"https:\\\/\\\/talcomosoy.com.ar\\\/#\\\/schema\\\/logo\\\/image\\\/\"},\"sameAs\":[\"https:\\\/\\\/www.facebook.com\\\/talcomosoyok\",\"https:\\\/\\\/x.com\\\/talcomosoyok\",\"https:\\\/\\\/www.instagram.com\\\/talcomosoyok\",\"https:\\\/\\\/www.youtube.com\\\/channel\\\/UCrutZzYQmd9Fe8pEm5wqsiw\"]},{\"@type\":\"Person\",\"@id\":\"https:\\\/\\\/talcomosoy.com.ar\\\/#\\\/schema\\\/person\\\/496b3561bd436afcf2be92147ff855c9\",\"name\":\"Sinda Miranda\",\"image\":{\"@type\":\"ImageObject\",\"inLanguage\":\"es\",\"@id\":\"https:\\\/\\\/secure.gravatar.com\\\/avatar\\\/ab0e992fc0b7117fe730d00fb0e44073b1fd6e28d69de8e7ac3103f1396f445e?s=96&d=mm&r=g\",\"url\":\"https:\\\/\\\/secure.gravatar.com\\\/avatar\\\/ab0e992fc0b7117fe730d00fb0e44073b1fd6e28d69de8e7ac3103f1396f445e?s=96&d=mm&r=g\",\"contentUrl\":\"https:\\\/\\\/secure.gravatar.com\\\/avatar\\\/ab0e992fc0b7117fe730d00fb0e44073b1fd6e28d69de8e7ac3103f1396f445e?s=96&d=mm&r=g\",\"caption\":\"Sinda Miranda\"},\"description\":\"Escritora, Fot\u00f3grafa, Agente de Prensa\",\"sameAs\":[\"https:\\\/\\\/www.facebook.com\\\/sindamiranda\",\"https:\\\/\\\/www.instagram.com\\\/sindamiranda\",\"https:\\\/\\\/x.com\\\/sindamiranda\"],\"url\":\"https:\\\/\\\/talcomosoy.com.ar\\\/index.php\\\/author\\\/sindamirandatcs\\\/\"}]}<\/script>\n<!-- \/ Yoast SEO plugin. -->","yoast_head_json":{"title":"Llega San Vicente Tango: un cl\u00e1sico que renueva su vigencia - Tal Como Soy","robots":{"index":"index","follow":"follow","max-snippet":"max-snippet:-1","max-image-preview":"max-image-preview:large","max-video-preview":"max-video-preview:-1"},"canonical":"https:\/\/talcomosoy.com.ar\/index.php\/llega-san-vicente-tango-un-clasico-que-renueva-su-vigencia\/","og_locale":"es_ES","og_type":"article","og_title":"Llega San Vicente Tango: un cl\u00e1sico que renueva su vigencia - Tal Como Soy","og_description":"Entre el viernes 14 y el domingo 16 de octubre, el tradicional festival vivir\u00e1 su","og_url":"https:\/\/talcomosoy.com.ar\/index.php\/llega-san-vicente-tango-un-clasico-que-renueva-su-vigencia\/","og_site_name":"Tal Como Soy","article_publisher":"https:\/\/www.facebook.com\/talcomosoyok","article_author":"https:\/\/www.facebook.com\/sindamiranda","article_published_time":"2022-10-13T13:48:23+00:00","og_image":[{"width":969,"height":624,"url":"https:\/\/i0.wp.com\/talcomosoy.com.ar\/wp-content\/uploads\/2022\/10\/Orquesta-Barroca.jpg?fit=969%2C624&ssl=1","type":"image\/jpeg"}],"author":"Sinda Miranda","twitter_card":"summary_large_image","twitter_creator":"@sindamiranda","twitter_site":"@talcomosoyok","twitter_misc":{"Escrito por":"Sinda Miranda","Tiempo de lectura":"2 minutos"},"schema":{"@context":"https:\/\/schema.org","@graph":[{"@type":"Article","@id":"https:\/\/talcomosoy.com.ar\/index.php\/llega-san-vicente-tango-un-clasico-que-renueva-su-vigencia\/#article","isPartOf":{"@id":"https:\/\/talcomosoy.com.ar\/index.php\/llega-san-vicente-tango-un-clasico-que-renueva-su-vigencia\/"},"author":{"name":"Sinda Miranda","@id":"https:\/\/talcomosoy.com.ar\/#\/schema\/person\/496b3561bd436afcf2be92147ff855c9"},"headline":"Llega San Vicente Tango: un cl\u00e1sico que renueva su vigencia","datePublished":"2022-10-13T13:48:23+00:00","mainEntityOfPage":{"@id":"https:\/\/talcomosoy.com.ar\/index.php\/llega-san-vicente-tango-un-clasico-que-renueva-su-vigencia\/"},"wordCount":427,"publisher":{"@id":"https:\/\/talcomosoy.com.ar\/#organization"},"image":{"@id":"https:\/\/talcomosoy.com.ar\/index.php\/llega-san-vicente-tango-un-clasico-que-renueva-su-vigencia\/#primaryimage"},"thumbnailUrl":"https:\/\/i0.wp.com\/talcomosoy.com.ar\/wp-content\/uploads\/2022\/10\/Orquesta-Barroca.jpg?fit=969%2C624&ssl=1","articleSection":["Godoy Cruz","M\u00fasica","San Vicente Tango","Tango"],"inLanguage":"es"},{"@type":"WebPage","@id":"https:\/\/talcomosoy.com.ar\/index.php\/llega-san-vicente-tango-un-clasico-que-renueva-su-vigencia\/","url":"https:\/\/talcomosoy.com.ar\/index.php\/llega-san-vicente-tango-un-clasico-que-renueva-su-vigencia\/","name":"Llega San Vicente Tango: un cl\u00e1sico que renueva su vigencia - Tal Como Soy","isPartOf":{"@id":"https:\/\/talcomosoy.com.ar\/#website"},"primaryImageOfPage":{"@id":"https:\/\/talcomosoy.com.ar\/index.php\/llega-san-vicente-tango-un-clasico-que-renueva-su-vigencia\/#primaryimage"},"image":{"@id":"https:\/\/talcomosoy.com.ar\/index.php\/llega-san-vicente-tango-un-clasico-que-renueva-su-vigencia\/#primaryimage"},"thumbnailUrl":"https:\/\/i0.wp.com\/talcomosoy.com.ar\/wp-content\/uploads\/2022\/10\/Orquesta-Barroca.jpg?fit=969%2C624&ssl=1","datePublished":"2022-10-13T13:48:23+00:00","inLanguage":"es","potentialAction":[{"@type":"ReadAction","target":["https:\/\/talcomosoy.com.ar\/index.php\/llega-san-vicente-tango-un-clasico-que-renueva-su-vigencia\/"]}]},{"@type":"ImageObject","inLanguage":"es","@id":"https:\/\/talcomosoy.com.ar\/index.php\/llega-san-vicente-tango-un-clasico-que-renueva-su-vigencia\/#primaryimage","url":"https:\/\/i0.wp.com\/talcomosoy.com.ar\/wp-content\/uploads\/2022\/10\/Orquesta-Barroca.jpg?fit=969%2C624&ssl=1","contentUrl":"https:\/\/i0.wp.com\/talcomosoy.com.ar\/wp-content\/uploads\/2022\/10\/Orquesta-Barroca.jpg?fit=969%2C624&ssl=1","width":969,"height":624},{"@type":"WebSite","@id":"https:\/\/talcomosoy.com.ar\/#website","url":"https:\/\/talcomosoy.com.ar\/","name":"Tal Como Soy","description":"Magazine Musical Digital","publisher":{"@id":"https:\/\/talcomosoy.com.ar\/#organization"},"potentialAction":[{"@type":"SearchAction","target":{"@type":"EntryPoint","urlTemplate":"https:\/\/talcomosoy.com.ar\/?s={search_term_string}"},"query-input":{"@type":"PropertyValueSpecification","valueRequired":true,"valueName":"search_term_string"}}],"inLanguage":"es"},{"@type":"Organization","@id":"https:\/\/talcomosoy.com.ar\/#organization","name":"Tal Como Soy","url":"https:\/\/talcomosoy.com.ar\/","logo":{"@type":"ImageObject","inLanguage":"es","@id":"https:\/\/talcomosoy.com.ar\/#\/schema\/logo\/image\/","url":"https:\/\/i0.wp.com\/talcomosoy.com.ar\/wp-content\/uploads\/2020\/02\/PUA-2020-TRANSPARENTE.png?fit=570%2C382&ssl=1","contentUrl":"https:\/\/i0.wp.com\/talcomosoy.com.ar\/wp-content\/uploads\/2020\/02\/PUA-2020-TRANSPARENTE.png?fit=570%2C382&ssl=1","width":570,"height":382,"caption":"Tal Como Soy"},"image":{"@id":"https:\/\/talcomosoy.com.ar\/#\/schema\/logo\/image\/"},"sameAs":["https:\/\/www.facebook.com\/talcomosoyok","https:\/\/x.com\/talcomosoyok","https:\/\/www.instagram.com\/talcomosoyok","https:\/\/www.youtube.com\/channel\/UCrutZzYQmd9Fe8pEm5wqsiw"]},{"@type":"Person","@id":"https:\/\/talcomosoy.com.ar\/#\/schema\/person\/496b3561bd436afcf2be92147ff855c9","name":"Sinda Miranda","image":{"@type":"ImageObject","inLanguage":"es","@id":"https:\/\/secure.gravatar.com\/avatar\/ab0e992fc0b7117fe730d00fb0e44073b1fd6e28d69de8e7ac3103f1396f445e?s=96&d=mm&r=g","url":"https:\/\/secure.gravatar.com\/avatar\/ab0e992fc0b7117fe730d00fb0e44073b1fd6e28d69de8e7ac3103f1396f445e?s=96&d=mm&r=g","contentUrl":"https:\/\/secure.gravatar.com\/avatar\/ab0e992fc0b7117fe730d00fb0e44073b1fd6e28d69de8e7ac3103f1396f445e?s=96&d=mm&r=g","caption":"Sinda Miranda"},"description":"Escritora, Fot\u00f3grafa, Agente de Prensa","sameAs":["https:\/\/www.facebook.com\/sindamiranda","https:\/\/www.instagram.com\/sindamiranda","https:\/\/x.com\/sindamiranda"],"url":"https:\/\/talcomosoy.com.ar\/index.php\/author\/sindamirandatcs\/"}]}},"jetpack_publicize_connections":[],"jetpack_featured_media_url":"https:\/\/i0.wp.com\/talcomosoy.com.ar\/wp-content\/uploads\/2022\/10\/Orquesta-Barroca.jpg?fit=969%2C624&ssl=1","jetpack_sharing_enabled":true,"jetpack_likes_enabled":true,"_links":{"self":[{"href":"https:\/\/talcomosoy.com.ar\/index.php\/wp-json\/wp\/v2\/posts\/11998","targetHints":{"allow":["GET"]}}],"collection":[{"href":"https:\/\/talcomosoy.com.ar\/index.php\/wp-json\/wp\/v2\/posts"}],"about":[{"href":"https:\/\/talcomosoy.com.ar\/index.php\/wp-json\/wp\/v2\/types\/post"}],"author":[{"embeddable":true,"href":"https:\/\/talcomosoy.com.ar\/index.php\/wp-json\/wp\/v2\/users\/1"}],"replies":[{"embeddable":true,"href":"https:\/\/talcomosoy.com.ar\/index.php\/wp-json\/wp\/v2\/comments?post=11998"}],"version-history":[{"count":1,"href":"https:\/\/talcomosoy.com.ar\/index.php\/wp-json\/wp\/v2\/posts\/11998\/revisions"}],"predecessor-version":[{"id":12000,"href":"https:\/\/talcomosoy.com.ar\/index.php\/wp-json\/wp\/v2\/posts\/11998\/revisions\/12000"}],"wp:featuredmedia":[{"embeddable":true,"href":"https:\/\/talcomosoy.com.ar\/index.php\/wp-json\/wp\/v2\/media\/11999"}],"wp:attachment":[{"href":"https:\/\/talcomosoy.com.ar\/index.php\/wp-json\/wp\/v2\/media?parent=11998"}],"wp:term":[{"taxonomy":"category","embeddable":true,"href":"https:\/\/talcomosoy.com.ar\/index.php\/wp-json\/wp\/v2\/categories?post=11998"},{"taxonomy":"post_tag","embeddable":true,"href":"https:\/\/talcomosoy.com.ar\/index.php\/wp-json\/wp\/v2\/tags?post=11998"}],"curies":[{"name":"wp","href":"https:\/\/api.w.org\/{rel}","templated":true}]}}