{"id":10791,"date":"2022-09-01T11:56:55","date_gmt":"2022-09-01T14:56:55","guid":{"rendered":"https:\/\/talcomosoy.com.ar\/?p=10791"},"modified":"2022-09-01T11:56:55","modified_gmt":"2022-09-01T14:56:55","slug":"festival-bandera-3-edicion-2","status":"publish","type":"post","link":"https:\/\/talcomosoy.com.ar\/index.php\/festival-bandera-3-edicion-2\/","title":{"rendered":"\u00abFestival Bandera 3\u00b0 edici\u00f3n\u00bb"},"content":{"rendered":"<h3>Un d\u00eda, tres escenarios, treinta bandas. Ya se conoce la grilla de uno de los festivales de m\u00fasica m\u00e1s importantes del pa\u00eds. S\u00e1bado 22 de octubre desde las 14:30 horas en el \u00d3valo del Hip\u00f3dromo de Rosario (Parque Independencia).<\/h3>\n<p>&nbsp;<\/p>\n<p>La 3era edici\u00f3n del FESTIVAL BANDERA ya tiene fecha y grilla confirmada. El s\u00e1bado 22 de octubre, en el \u00d3valo del Hip\u00f3dromo del Parque Independencia, Rosario vuelve a ser el epicentro de la m\u00fasica. 30 bandas, en 3 escenarios en una jornada hist\u00f3rica en el medio de la naturaleza y en el centro de la ciudad.<\/p>\n<p>Las bandas que participar\u00e1n de esta edici\u00f3n son:<\/p>\n<ul>\n<li>BABASONICOS<\/li>\n<li>LAS PELOTAS<\/li>\n<li>GUASONES<\/li>\n<li>EL KUELGUE<\/li>\n<li>EL MATO A UN POLICIA MOTORIZADO<\/li>\n<li>DILLOM<\/li>\n<li>ZOE GOTUSSO<\/li>\n<li>TAICHU<\/li>\n<li>SARAMALACARA<\/li>\n<li>CRUZANDO EL CHARCO<\/li>\n<li>ZEBALLOS<\/li>\n<li>KILLER BURRITOS<\/li>\n<li>GROOVIN&#8217; BOHEMIA<\/li>\n<li>NAFTA<\/li>\n<li>ACRU<\/li>\n<li>PECES RAROS<\/li>\n<li>1915<\/li>\n<li>BRUNELLA<\/li>\n<li>THE COLORATED<\/li>\n<li>LOS ESPIRITUS<\/li>\n<li>LOS PE\u00d1ALOZA<\/li>\n<li>BRODA (Mutu &#8211; Chulimane &#8211; Joako22)<\/li>\n<li>SILVESTRE Y LA NARANJA<\/li>\n<li>BENJAMIN AMADEO<\/li>\n<li>LOS PEREZ GARCIA<\/li>\n<li><span style=\"color: #800080;\">PASADO VERDE<\/span><\/li>\n<li><span style=\"color: #800080;\">FELI RUIZ<\/span><\/li>\n<li>BAD<\/li>\n<li>VALE ACEVEDO<\/li>\n<\/ul>\n<p>Las entradas ya se encuentran a la venta a trav\u00e9s de tuentrada.com y en Amadeus (C\u00f3rdoba 1369 local 9, Rosario).<br \/>\n+ info sobre la 3era edici\u00f3n del FESTIVAL BANDERA:<\/p>\n<p>Luego de 2 a\u00f1os de ausencia obligada, vuelve el FESTIVAL BANDERA y \u00e9sta nueva edici\u00f3n llega con las energ\u00edas renovadas y con una grilla que apuesta al crecimiento, a la excelencia y a la diversidad.<\/p>\n<p>Como ya es un cl\u00e1sico del <strong>BANDERA<\/strong>, se montar\u00e1n 3 escenarios en el \u00d3valo del Hip\u00f3dromo donde artistas consagrados y emergentes de distintos estilos (rock, pop, indie, m\u00fasica urbana) ser\u00e1n parte de una jornada que sumar\u00e1 m\u00e1s de 30 bandas en escena.<\/p>\n<p>Al igual que en las 2 ediciones anteriores se prepara para recibir a p\u00fablico de todo el pa\u00eds que se da cita en un encuentro que ya se destaca entre los festivales m\u00e1s importantes de m\u00fasica de la agenda nacional.<\/p>\n<p>La primera preventa de entradas se agot\u00f3 en menos de una semana, y ahora, con el line up develado, comienza la venta general.<br \/>\nun poco de historia sobre <strong>FESTIVAL BANDERA<\/strong>:<\/p>\n<p>En el a\u00f1o 2018, y con la premisa de que Rosario tenga su propio festival, naci\u00f3 el FESTIVAL BANDERA, el mismo a\u00f1o en se festejaban los 50 a\u00f1os del Rock Nacional y Rosario era declarada \u201ccuna del rock argentino\u201d.<\/p>\n<p>En el 2019 el BANDERA tuvo su segunda edici\u00f3n por la que pasaron m\u00e1s de 20 bandas y dejando en claro que el festival hab\u00eda llegado para quedarse.<\/p>\n<p>Luego de un parate obligado por la pandemia, este a\u00f1o volvemos a encontrarnos, a disfrutar de la m\u00fasica en vivo, a plantar bandera y a hacer historia en la ciudad.<\/p>\n<p>&nbsp;<\/p>\n","protected":false},"excerpt":{"rendered":"<p>Un d\u00eda, tres escenarios, treinta bandas. Ya se conoce la grilla de uno de los<\/p>\n","protected":false},"author":1,"featured_media":10792,"comment_status":"closed","ping_status":"closed","sticky":false,"template":"","format":"standard","meta":{"_jetpack_memberships_contains_paid_content":false,"footnotes":"","jetpack_publicize_message":"","jetpack_publicize_feature_enabled":true,"jetpack_social_post_already_shared":true,"jetpack_social_options":{"image_generator_settings":{"template":"highway","default_image_id":0,"font":"","enabled":false},"version":2}},"categories":[30,2,249,335],"tags":[],"class_list":["post-10791","post","type-post","status-publish","format-standard","has-post-thumbnail","hentry","category-festivales","category-musica","category-rock","category-rosario"],"yoast_head":"<!-- This site is optimized with the Yoast SEO plugin v27.5 - https:\/\/yoast.com\/product\/yoast-seo-wordpress\/ -->\n<title>&quot;Festival Bandera 3\u00b0 edici\u00f3n&quot; - Tal Como Soy<\/title>\n<meta name=\"robots\" content=\"index, follow, max-snippet:-1, max-image-preview:large, max-video-preview:-1\" \/>\n<link rel=\"canonical\" href=\"https:\/\/talcomosoy.com.ar\/index.php\/festival-bandera-3-edicion-2\/\" \/>\n<meta property=\"og:locale\" content=\"es_ES\" \/>\n<meta property=\"og:type\" content=\"article\" \/>\n<meta property=\"og:title\" content=\"&quot;Festival Bandera 3\u00b0 edici\u00f3n&quot; - Tal Como Soy\" \/>\n<meta property=\"og:description\" content=\"Un d\u00eda, tres escenarios, treinta bandas. Ya se conoce la grilla de uno de los\" \/>\n<meta property=\"og:url\" content=\"https:\/\/talcomosoy.com.ar\/index.php\/festival-bandera-3-edicion-2\/\" \/>\n<meta property=\"og:site_name\" content=\"Tal Como Soy\" \/>\n<meta property=\"article:publisher\" content=\"https:\/\/www.facebook.com\/talcomosoyok\" \/>\n<meta property=\"article:author\" content=\"https:\/\/www.facebook.com\/sindamiranda\" \/>\n<meta property=\"article:published_time\" content=\"2022-09-01T14:56:55+00:00\" \/>\n<meta property=\"og:image\" content=\"https:\/\/i0.wp.com\/talcomosoy.com.ar\/wp-content\/uploads\/2022\/09\/unnamed-1-scaled.jpg?fit=2048%2C2560&ssl=1\" \/>\n\t<meta property=\"og:image:width\" content=\"2048\" \/>\n\t<meta property=\"og:image:height\" content=\"2560\" \/>\n\t<meta property=\"og:image:type\" content=\"image\/jpeg\" \/>\n<meta name=\"author\" content=\"Sinda Miranda\" \/>\n<meta name=\"twitter:card\" content=\"summary_large_image\" \/>\n<meta name=\"twitter:creator\" content=\"@sindamiranda\" \/>\n<meta name=\"twitter:site\" content=\"@talcomosoyok\" \/>\n<meta name=\"twitter:label1\" content=\"Escrito por\" \/>\n\t<meta name=\"twitter:data1\" content=\"Sinda Miranda\" \/>\n\t<meta name=\"twitter:label2\" content=\"Tiempo de lectura\" \/>\n\t<meta name=\"twitter:data2\" content=\"2 minutos\" \/>\n<script type=\"application\/ld+json\" class=\"yoast-schema-graph\">{\"@context\":\"https:\\\/\\\/schema.org\",\"@graph\":[{\"@type\":\"Article\",\"@id\":\"https:\\\/\\\/talcomosoy.com.ar\\\/index.php\\\/festival-bandera-3-edicion-2\\\/#article\",\"isPartOf\":{\"@id\":\"https:\\\/\\\/talcomosoy.com.ar\\\/index.php\\\/festival-bandera-3-edicion-2\\\/\"},\"author\":{\"name\":\"Sinda Miranda\",\"@id\":\"https:\\\/\\\/talcomosoy.com.ar\\\/#\\\/schema\\\/person\\\/496b3561bd436afcf2be92147ff855c9\"},\"headline\":\"\u00abFestival Bandera 3\u00b0 edici\u00f3n\u00bb\",\"datePublished\":\"2022-09-01T14:56:55+00:00\",\"mainEntityOfPage\":{\"@id\":\"https:\\\/\\\/talcomosoy.com.ar\\\/index.php\\\/festival-bandera-3-edicion-2\\\/\"},\"wordCount\":463,\"publisher\":{\"@id\":\"https:\\\/\\\/talcomosoy.com.ar\\\/#organization\"},\"image\":{\"@id\":\"https:\\\/\\\/talcomosoy.com.ar\\\/index.php\\\/festival-bandera-3-edicion-2\\\/#primaryimage\"},\"thumbnailUrl\":\"https:\\\/\\\/i0.wp.com\\\/talcomosoy.com.ar\\\/wp-content\\\/uploads\\\/2022\\\/09\\\/unnamed-1-scaled.jpg?fit=2048%2C2560&ssl=1\",\"articleSection\":[\"Festivales\",\"M\u00fasica\",\"Rock\",\"Rosario\"],\"inLanguage\":\"es\"},{\"@type\":\"WebPage\",\"@id\":\"https:\\\/\\\/talcomosoy.com.ar\\\/index.php\\\/festival-bandera-3-edicion-2\\\/\",\"url\":\"https:\\\/\\\/talcomosoy.com.ar\\\/index.php\\\/festival-bandera-3-edicion-2\\\/\",\"name\":\"\\\"Festival Bandera 3\u00b0 edici\u00f3n\\\" - Tal Como Soy\",\"isPartOf\":{\"@id\":\"https:\\\/\\\/talcomosoy.com.ar\\\/#website\"},\"primaryImageOfPage\":{\"@id\":\"https:\\\/\\\/talcomosoy.com.ar\\\/index.php\\\/festival-bandera-3-edicion-2\\\/#primaryimage\"},\"image\":{\"@id\":\"https:\\\/\\\/talcomosoy.com.ar\\\/index.php\\\/festival-bandera-3-edicion-2\\\/#primaryimage\"},\"thumbnailUrl\":\"https:\\\/\\\/i0.wp.com\\\/talcomosoy.com.ar\\\/wp-content\\\/uploads\\\/2022\\\/09\\\/unnamed-1-scaled.jpg?fit=2048%2C2560&ssl=1\",\"datePublished\":\"2022-09-01T14:56:55+00:00\",\"inLanguage\":\"es\",\"potentialAction\":[{\"@type\":\"ReadAction\",\"target\":[\"https:\\\/\\\/talcomosoy.com.ar\\\/index.php\\\/festival-bandera-3-edicion-2\\\/\"]}]},{\"@type\":\"ImageObject\",\"inLanguage\":\"es\",\"@id\":\"https:\\\/\\\/talcomosoy.com.ar\\\/index.php\\\/festival-bandera-3-edicion-2\\\/#primaryimage\",\"url\":\"https:\\\/\\\/i0.wp.com\\\/talcomosoy.com.ar\\\/wp-content\\\/uploads\\\/2022\\\/09\\\/unnamed-1-scaled.jpg?fit=2048%2C2560&ssl=1\",\"contentUrl\":\"https:\\\/\\\/i0.wp.com\\\/talcomosoy.com.ar\\\/wp-content\\\/uploads\\\/2022\\\/09\\\/unnamed-1-scaled.jpg?fit=2048%2C2560&ssl=1\",\"width\":2048,\"height\":2560},{\"@type\":\"WebSite\",\"@id\":\"https:\\\/\\\/talcomosoy.com.ar\\\/#website\",\"url\":\"https:\\\/\\\/talcomosoy.com.ar\\\/\",\"name\":\"Tal Como Soy\",\"description\":\"Magazine Musical Digital\",\"publisher\":{\"@id\":\"https:\\\/\\\/talcomosoy.com.ar\\\/#organization\"},\"potentialAction\":[{\"@type\":\"SearchAction\",\"target\":{\"@type\":\"EntryPoint\",\"urlTemplate\":\"https:\\\/\\\/talcomosoy.com.ar\\\/?s={search_term_string}\"},\"query-input\":{\"@type\":\"PropertyValueSpecification\",\"valueRequired\":true,\"valueName\":\"search_term_string\"}}],\"inLanguage\":\"es\"},{\"@type\":\"Organization\",\"@id\":\"https:\\\/\\\/talcomosoy.com.ar\\\/#organization\",\"name\":\"Tal Como Soy\",\"url\":\"https:\\\/\\\/talcomosoy.com.ar\\\/\",\"logo\":{\"@type\":\"ImageObject\",\"inLanguage\":\"es\",\"@id\":\"https:\\\/\\\/talcomosoy.com.ar\\\/#\\\/schema\\\/logo\\\/image\\\/\",\"url\":\"https:\\\/\\\/i0.wp.com\\\/talcomosoy.com.ar\\\/wp-content\\\/uploads\\\/2020\\\/02\\\/PUA-2020-TRANSPARENTE.png?fit=570%2C382&ssl=1\",\"contentUrl\":\"https:\\\/\\\/i0.wp.com\\\/talcomosoy.com.ar\\\/wp-content\\\/uploads\\\/2020\\\/02\\\/PUA-2020-TRANSPARENTE.png?fit=570%2C382&ssl=1\",\"width\":570,\"height\":382,\"caption\":\"Tal Como Soy\"},\"image\":{\"@id\":\"https:\\\/\\\/talcomosoy.com.ar\\\/#\\\/schema\\\/logo\\\/image\\\/\"},\"sameAs\":[\"https:\\\/\\\/www.facebook.com\\\/talcomosoyok\",\"https:\\\/\\\/x.com\\\/talcomosoyok\",\"https:\\\/\\\/www.instagram.com\\\/talcomosoyok\",\"https:\\\/\\\/www.youtube.com\\\/channel\\\/UCrutZzYQmd9Fe8pEm5wqsiw\"]},{\"@type\":\"Person\",\"@id\":\"https:\\\/\\\/talcomosoy.com.ar\\\/#\\\/schema\\\/person\\\/496b3561bd436afcf2be92147ff855c9\",\"name\":\"Sinda Miranda\",\"image\":{\"@type\":\"ImageObject\",\"inLanguage\":\"es\",\"@id\":\"https:\\\/\\\/secure.gravatar.com\\\/avatar\\\/ab0e992fc0b7117fe730d00fb0e44073b1fd6e28d69de8e7ac3103f1396f445e?s=96&d=mm&r=g\",\"url\":\"https:\\\/\\\/secure.gravatar.com\\\/avatar\\\/ab0e992fc0b7117fe730d00fb0e44073b1fd6e28d69de8e7ac3103f1396f445e?s=96&d=mm&r=g\",\"contentUrl\":\"https:\\\/\\\/secure.gravatar.com\\\/avatar\\\/ab0e992fc0b7117fe730d00fb0e44073b1fd6e28d69de8e7ac3103f1396f445e?s=96&d=mm&r=g\",\"caption\":\"Sinda Miranda\"},\"description\":\"Escritora, Fot\u00f3grafa, Agente de Prensa\",\"sameAs\":[\"https:\\\/\\\/www.facebook.com\\\/sindamiranda\",\"https:\\\/\\\/www.instagram.com\\\/sindamiranda\",\"https:\\\/\\\/x.com\\\/sindamiranda\"],\"url\":\"https:\\\/\\\/talcomosoy.com.ar\\\/index.php\\\/author\\\/sindamirandatcs\\\/\"}]}<\/script>\n<!-- \/ Yoast SEO plugin. -->","yoast_head_json":{"title":"\"Festival Bandera 3\u00b0 edici\u00f3n\" - Tal Como Soy","robots":{"index":"index","follow":"follow","max-snippet":"max-snippet:-1","max-image-preview":"max-image-preview:large","max-video-preview":"max-video-preview:-1"},"canonical":"https:\/\/talcomosoy.com.ar\/index.php\/festival-bandera-3-edicion-2\/","og_locale":"es_ES","og_type":"article","og_title":"\"Festival Bandera 3\u00b0 edici\u00f3n\" - Tal Como Soy","og_description":"Un d\u00eda, tres escenarios, treinta bandas. Ya se conoce la grilla de uno de los","og_url":"https:\/\/talcomosoy.com.ar\/index.php\/festival-bandera-3-edicion-2\/","og_site_name":"Tal Como Soy","article_publisher":"https:\/\/www.facebook.com\/talcomosoyok","article_author":"https:\/\/www.facebook.com\/sindamiranda","article_published_time":"2022-09-01T14:56:55+00:00","og_image":[{"width":2048,"height":2560,"url":"https:\/\/i0.wp.com\/talcomosoy.com.ar\/wp-content\/uploads\/2022\/09\/unnamed-1-scaled.jpg?fit=2048%2C2560&ssl=1","type":"image\/jpeg"}],"author":"Sinda Miranda","twitter_card":"summary_large_image","twitter_creator":"@sindamiranda","twitter_site":"@talcomosoyok","twitter_misc":{"Escrito por":"Sinda Miranda","Tiempo de lectura":"2 minutos"},"schema":{"@context":"https:\/\/schema.org","@graph":[{"@type":"Article","@id":"https:\/\/talcomosoy.com.ar\/index.php\/festival-bandera-3-edicion-2\/#article","isPartOf":{"@id":"https:\/\/talcomosoy.com.ar\/index.php\/festival-bandera-3-edicion-2\/"},"author":{"name":"Sinda Miranda","@id":"https:\/\/talcomosoy.com.ar\/#\/schema\/person\/496b3561bd436afcf2be92147ff855c9"},"headline":"\u00abFestival Bandera 3\u00b0 edici\u00f3n\u00bb","datePublished":"2022-09-01T14:56:55+00:00","mainEntityOfPage":{"@id":"https:\/\/talcomosoy.com.ar\/index.php\/festival-bandera-3-edicion-2\/"},"wordCount":463,"publisher":{"@id":"https:\/\/talcomosoy.com.ar\/#organization"},"image":{"@id":"https:\/\/talcomosoy.com.ar\/index.php\/festival-bandera-3-edicion-2\/#primaryimage"},"thumbnailUrl":"https:\/\/i0.wp.com\/talcomosoy.com.ar\/wp-content\/uploads\/2022\/09\/unnamed-1-scaled.jpg?fit=2048%2C2560&ssl=1","articleSection":["Festivales","M\u00fasica","Rock","Rosario"],"inLanguage":"es"},{"@type":"WebPage","@id":"https:\/\/talcomosoy.com.ar\/index.php\/festival-bandera-3-edicion-2\/","url":"https:\/\/talcomosoy.com.ar\/index.php\/festival-bandera-3-edicion-2\/","name":"\"Festival Bandera 3\u00b0 edici\u00f3n\" - Tal Como Soy","isPartOf":{"@id":"https:\/\/talcomosoy.com.ar\/#website"},"primaryImageOfPage":{"@id":"https:\/\/talcomosoy.com.ar\/index.php\/festival-bandera-3-edicion-2\/#primaryimage"},"image":{"@id":"https:\/\/talcomosoy.com.ar\/index.php\/festival-bandera-3-edicion-2\/#primaryimage"},"thumbnailUrl":"https:\/\/i0.wp.com\/talcomosoy.com.ar\/wp-content\/uploads\/2022\/09\/unnamed-1-scaled.jpg?fit=2048%2C2560&ssl=1","datePublished":"2022-09-01T14:56:55+00:00","inLanguage":"es","potentialAction":[{"@type":"ReadAction","target":["https:\/\/talcomosoy.com.ar\/index.php\/festival-bandera-3-edicion-2\/"]}]},{"@type":"ImageObject","inLanguage":"es","@id":"https:\/\/talcomosoy.com.ar\/index.php\/festival-bandera-3-edicion-2\/#primaryimage","url":"https:\/\/i0.wp.com\/talcomosoy.com.ar\/wp-content\/uploads\/2022\/09\/unnamed-1-scaled.jpg?fit=2048%2C2560&ssl=1","contentUrl":"https:\/\/i0.wp.com\/talcomosoy.com.ar\/wp-content\/uploads\/2022\/09\/unnamed-1-scaled.jpg?fit=2048%2C2560&ssl=1","width":2048,"height":2560},{"@type":"WebSite","@id":"https:\/\/talcomosoy.com.ar\/#website","url":"https:\/\/talcomosoy.com.ar\/","name":"Tal Como Soy","description":"Magazine Musical Digital","publisher":{"@id":"https:\/\/talcomosoy.com.ar\/#organization"},"potentialAction":[{"@type":"SearchAction","target":{"@type":"EntryPoint","urlTemplate":"https:\/\/talcomosoy.com.ar\/?s={search_term_string}"},"query-input":{"@type":"PropertyValueSpecification","valueRequired":true,"valueName":"search_term_string"}}],"inLanguage":"es"},{"@type":"Organization","@id":"https:\/\/talcomosoy.com.ar\/#organization","name":"Tal Como Soy","url":"https:\/\/talcomosoy.com.ar\/","logo":{"@type":"ImageObject","inLanguage":"es","@id":"https:\/\/talcomosoy.com.ar\/#\/schema\/logo\/image\/","url":"https:\/\/i0.wp.com\/talcomosoy.com.ar\/wp-content\/uploads\/2020\/02\/PUA-2020-TRANSPARENTE.png?fit=570%2C382&ssl=1","contentUrl":"https:\/\/i0.wp.com\/talcomosoy.com.ar\/wp-content\/uploads\/2020\/02\/PUA-2020-TRANSPARENTE.png?fit=570%2C382&ssl=1","width":570,"height":382,"caption":"Tal Como Soy"},"image":{"@id":"https:\/\/talcomosoy.com.ar\/#\/schema\/logo\/image\/"},"sameAs":["https:\/\/www.facebook.com\/talcomosoyok","https:\/\/x.com\/talcomosoyok","https:\/\/www.instagram.com\/talcomosoyok","https:\/\/www.youtube.com\/channel\/UCrutZzYQmd9Fe8pEm5wqsiw"]},{"@type":"Person","@id":"https:\/\/talcomosoy.com.ar\/#\/schema\/person\/496b3561bd436afcf2be92147ff855c9","name":"Sinda Miranda","image":{"@type":"ImageObject","inLanguage":"es","@id":"https:\/\/secure.gravatar.com\/avatar\/ab0e992fc0b7117fe730d00fb0e44073b1fd6e28d69de8e7ac3103f1396f445e?s=96&d=mm&r=g","url":"https:\/\/secure.gravatar.com\/avatar\/ab0e992fc0b7117fe730d00fb0e44073b1fd6e28d69de8e7ac3103f1396f445e?s=96&d=mm&r=g","contentUrl":"https:\/\/secure.gravatar.com\/avatar\/ab0e992fc0b7117fe730d00fb0e44073b1fd6e28d69de8e7ac3103f1396f445e?s=96&d=mm&r=g","caption":"Sinda Miranda"},"description":"Escritora, Fot\u00f3grafa, Agente de Prensa","sameAs":["https:\/\/www.facebook.com\/sindamiranda","https:\/\/www.instagram.com\/sindamiranda","https:\/\/x.com\/sindamiranda"],"url":"https:\/\/talcomosoy.com.ar\/index.php\/author\/sindamirandatcs\/"}]}},"jetpack_publicize_connections":[],"jetpack_featured_media_url":"https:\/\/i0.wp.com\/talcomosoy.com.ar\/wp-content\/uploads\/2022\/09\/unnamed-1-scaled.jpg?fit=2048%2C2560&ssl=1","jetpack_sharing_enabled":true,"jetpack_likes_enabled":true,"_links":{"self":[{"href":"https:\/\/talcomosoy.com.ar\/index.php\/wp-json\/wp\/v2\/posts\/10791","targetHints":{"allow":["GET"]}}],"collection":[{"href":"https:\/\/talcomosoy.com.ar\/index.php\/wp-json\/wp\/v2\/posts"}],"about":[{"href":"https:\/\/talcomosoy.com.ar\/index.php\/wp-json\/wp\/v2\/types\/post"}],"author":[{"embeddable":true,"href":"https:\/\/talcomosoy.com.ar\/index.php\/wp-json\/wp\/v2\/users\/1"}],"replies":[{"embeddable":true,"href":"https:\/\/talcomosoy.com.ar\/index.php\/wp-json\/wp\/v2\/comments?post=10791"}],"version-history":[{"count":1,"href":"https:\/\/talcomosoy.com.ar\/index.php\/wp-json\/wp\/v2\/posts\/10791\/revisions"}],"predecessor-version":[{"id":10793,"href":"https:\/\/talcomosoy.com.ar\/index.php\/wp-json\/wp\/v2\/posts\/10791\/revisions\/10793"}],"wp:featuredmedia":[{"embeddable":true,"href":"https:\/\/talcomosoy.com.ar\/index.php\/wp-json\/wp\/v2\/media\/10792"}],"wp:attachment":[{"href":"https:\/\/talcomosoy.com.ar\/index.php\/wp-json\/wp\/v2\/media?parent=10791"}],"wp:term":[{"taxonomy":"category","embeddable":true,"href":"https:\/\/talcomosoy.com.ar\/index.php\/wp-json\/wp\/v2\/categories?post=10791"},{"taxonomy":"post_tag","embeddable":true,"href":"https:\/\/talcomosoy.com.ar\/index.php\/wp-json\/wp\/v2\/tags?post=10791"}],"curies":[{"name":"wp","href":"https:\/\/api.w.org\/{rel}","templated":true}]}}